{"id":14751,"date":"2020-04-29T16:46:22","date_gmt":"2020-04-29T16:46:22","guid":{"rendered":"https:\/\/epeka.si\/?p=14751"},"modified":"2023-12-10T09:26:15","modified_gmt":"2023-12-10T09:26:15","slug":"social-inclusion-digitalisation-and-youth","status":"publish","type":"post","link":"https:\/\/epeka.si\/en\/social-inclusion-digitalisation-and-youth\/","title":{"rendered":"Social inclusion, digitalisation and youth"},"content":{"rendered":"<h3 style=\"text-align: justify;\">27 April, 2020<br \/>\nOnline<\/h3>\n<p style=\"text-align: justify;\">The president of the Association EPEKA, Soc. Ent., \u0160tefan Simon\u010di\u010d, participated in a webinar on the topic of digitalisation and what influence it has on the social inclusion of youth and how to use digitalisation to the benefit of the youth. Webinar was organized by the Council of Europe.<!--more--><\/p>\n<p style=\"text-align: justify;\">With the research, presented in the webinar, authors wanted to explain how digitalisation, digital citizenship and digital inclusion heavily influence everyday lives of youth and their inclusion in the society.<\/p>\n<p style=\"text-align: justify;\">Research was conducted by the Veronica \u0218TEFAN from Digital Citizens &#8211; Think Tank and Adine Marine Serban, from the Center for Sustainable Community Development (CSCD).<\/p>\n<hr \/>\n<p style=\"text-align: justify;\"><em>The Association EPEKA, Soc. Ent., is supported by:<\/em><\/p>\n","protected":false},"excerpt":{"rendered":"<p>27 April, 2020 Online <\/p>\n<p style=\"text-align: justify\">The president of the Association EPEKA, Soc. Ent., \u0160tefan Simon\u010di\u010d, participated in a webinar on the topic of digitalisation and what influence it has &#8230; <br \/><a href=\"https:\/\/epeka.si\/en\/social-inclusion-digitalisation-and-youth\/\" class=\"more-link\">Read More<\/a><\/p>\n","protected":false},"author":18,"featured_media":14745,"comment_status":"closed","ping_status":"open","sticky":false,"template":"","format":"standard","meta":{"_acf_changed":false,"_monsterinsights_skip_tracking":false,"_monsterinsights_sitenote_active":false,"_monsterinsights_sitenote_note":"","_monsterinsights_sitenote_category":0,"footnotes":""},"categories":[51],"tags":[],"class_list":["post-14751","post","type-post","status-publish","format-standard","has-post-thumbnail","hentry","category-izobrazevanje-en"],"acf":[],"yoast_head":"<!-- This site is optimized with the Yoast SEO plugin v26.9 - https:\/\/yoast.com\/product\/yoast-seo-wordpress\/ -->\n<title>Social inclusion, digitalisation and youth - EPEKA<\/title>\n<meta name=\"robots\" content=\"index, follow, max-snippet:-1, max-image-preview:large, max-video-preview:-1\" \/>\n<link rel=\"canonical\" href=\"https:\/\/epeka.si\/en\/social-inclusion-digitalisation-and-youth\/\" \/>\n<meta property=\"og:locale\" content=\"en_US\" \/>\n<meta property=\"og:type\" content=\"article\" \/>\n<meta property=\"og:title\" content=\"Social inclusion, digitalisation and youth - EPEKA\" \/>\n<meta property=\"og:description\" content=\"27 April, 2020 Online The president of the Association EPEKA, Soc. Ent., \u0160tefan Simon\u010di\u010d, participated in a webinar on the topic of digitalisation and what influence it has ... Read More\" \/>\n<meta property=\"og:url\" content=\"https:\/\/epeka.si\/en\/social-inclusion-digitalisation-and-youth\/\" \/>\n<meta property=\"og:site_name\" content=\"EPEKA\" \/>\n<meta property=\"article:published_time\" content=\"2020-04-29T16:46:22+00:00\" \/>\n<meta property=\"article:modified_time\" content=\"2023-12-10T09:26:15+00:00\" \/>\n<meta property=\"og:image\" content=\"https:\/\/epeka.si\/wp-content\/uploads\/2020\/04\/Study-2-870.jpg\" \/>\n\t<meta property=\"og:image:width\" content=\"870\" \/>\n\t<meta property=\"og:image:height\" content=\"489\" \/>\n\t<meta property=\"og:image:type\" content=\"image\/jpeg\" \/>\n<meta name=\"author\" content=\"Mateo\" \/>\n<meta name=\"twitter:label1\" content=\"Written by\" \/>\n\t<meta name=\"twitter:data1\" content=\"Mateo\" \/>\n\t<meta name=\"twitter:label2\" content=\"Est. reading time\" \/>\n\t<meta name=\"twitter:data2\" content=\"1 minute\" \/>\n<script type=\"application\/ld+json\" class=\"yoast-schema-graph\">{\"@context\":\"https:\/\/schema.org\",\"@graph\":[{\"@type\":\"Article\",\"@id\":\"https:\/\/epeka.si\/en\/social-inclusion-digitalisation-and-youth\/#article\",\"isPartOf\":{\"@id\":\"https:\/\/epeka.si\/en\/social-inclusion-digitalisation-and-youth\/\"},\"author\":{\"name\":\"Mateo\",\"@id\":\"https:\/\/epeka.si\/en\/#\/schema\/person\/d79ed0a98ccc0f99492a59018d9e02ab\"},\"headline\":\"Social inclusion, digitalisation and youth\",\"datePublished\":\"2020-04-29T16:46:22+00:00\",\"dateModified\":\"2023-12-10T09:26:15+00:00\",\"mainEntityOfPage\":{\"@id\":\"https:\/\/epeka.si\/en\/social-inclusion-digitalisation-and-youth\/\"},\"wordCount\":120,\"image\":{\"@id\":\"https:\/\/epeka.si\/en\/social-inclusion-digitalisation-and-youth\/#primaryimage\"},\"thumbnailUrl\":\"https:\/\/epeka.si\/wp-content\/uploads\/2020\/04\/Study-2-870.jpg\",\"articleSection\":[\"Education\"],\"inLanguage\":\"en-US\"},{\"@type\":\"WebPage\",\"@id\":\"https:\/\/epeka.si\/en\/social-inclusion-digitalisation-and-youth\/\",\"url\":\"https:\/\/epeka.si\/en\/social-inclusion-digitalisation-and-youth\/\",\"name\":\"Social inclusion, digitalisation and youth - EPEKA\",\"isPartOf\":{\"@id\":\"https:\/\/epeka.si\/en\/#website\"},\"primaryImageOfPage\":{\"@id\":\"https:\/\/epeka.si\/en\/social-inclusion-digitalisation-and-youth\/#primaryimage\"},\"image\":{\"@id\":\"https:\/\/epeka.si\/en\/social-inclusion-digitalisation-and-youth\/#primaryimage\"},\"thumbnailUrl\":\"https:\/\/epeka.si\/wp-content\/uploads\/2020\/04\/Study-2-870.jpg\",\"datePublished\":\"2020-04-29T16:46:22+00:00\",\"dateModified\":\"2023-12-10T09:26:15+00:00\",\"author\":{\"@id\":\"https:\/\/epeka.si\/en\/#\/schema\/person\/d79ed0a98ccc0f99492a59018d9e02ab\"},\"breadcrumb\":{\"@id\":\"https:\/\/epeka.si\/en\/social-inclusion-digitalisation-and-youth\/#breadcrumb\"},\"inLanguage\":\"en-US\",\"potentialAction\":[{\"@type\":\"ReadAction\",\"target\":[\"https:\/\/epeka.si\/en\/social-inclusion-digitalisation-and-youth\/\"]}]},{\"@type\":\"ImageObject\",\"inLanguage\":\"en-US\",\"@id\":\"https:\/\/epeka.si\/en\/social-inclusion-digitalisation-and-youth\/#primaryimage\",\"url\":\"https:\/\/epeka.si\/wp-content\/uploads\/2020\/04\/Study-2-870.jpg\",\"contentUrl\":\"https:\/\/epeka.si\/wp-content\/uploads\/2020\/04\/Study-2-870.jpg\",\"width\":870,\"height\":489},{\"@type\":\"BreadcrumbList\",\"@id\":\"https:\/\/epeka.si\/en\/social-inclusion-digitalisation-and-youth\/#breadcrumb\",\"itemListElement\":[{\"@type\":\"ListItem\",\"position\":1,\"name\":\"Home\",\"item\":\"https:\/\/epeka.si\/\"},{\"@type\":\"ListItem\",\"position\":2,\"name\":\"Social inclusion, digitalisation and youth\"}]},{\"@type\":\"WebSite\",\"@id\":\"https:\/\/epeka.si\/en\/#website\",\"url\":\"https:\/\/epeka.si\/en\/\",\"name\":\"EPEKA\",\"description\":\"\",\"potentialAction\":[{\"@type\":\"SearchAction\",\"target\":{\"@type\":\"EntryPoint\",\"urlTemplate\":\"https:\/\/epeka.si\/en\/?s={search_term_string}\"},\"query-input\":{\"@type\":\"PropertyValueSpecification\",\"valueRequired\":true,\"valueName\":\"search_term_string\"}}],\"inLanguage\":\"en-US\"},{\"@type\":\"Person\",\"@id\":\"https:\/\/epeka.si\/en\/#\/schema\/person\/d79ed0a98ccc0f99492a59018d9e02ab\",\"name\":\"Mateo\",\"url\":\"https:\/\/epeka.si\/en\/author\/mateo\/\"}]}<\/script>\n<!-- \/ Yoast SEO plugin. -->","yoast_head_json":{"title":"Social inclusion, digitalisation and youth - EPEKA","robots":{"index":"index","follow":"follow","max-snippet":"max-snippet:-1","max-image-preview":"max-image-preview:large","max-video-preview":"max-video-preview:-1"},"canonical":"https:\/\/epeka.si\/en\/social-inclusion-digitalisation-and-youth\/","og_locale":"en_US","og_type":"article","og_title":"Social inclusion, digitalisation and youth - EPEKA","og_description":"27 April, 2020 Online The president of the Association EPEKA, Soc. Ent., \u0160tefan Simon\u010di\u010d, participated in a webinar on the topic of digitalisation and what influence it has ... Read More","og_url":"https:\/\/epeka.si\/en\/social-inclusion-digitalisation-and-youth\/","og_site_name":"EPEKA","article_published_time":"2020-04-29T16:46:22+00:00","article_modified_time":"2023-12-10T09:26:15+00:00","og_image":[{"width":870,"height":489,"url":"https:\/\/epeka.si\/wp-content\/uploads\/2020\/04\/Study-2-870.jpg","type":"image\/jpeg"}],"author":"Mateo","twitter_misc":{"Written by":"Mateo","Est. reading time":"1 minute"},"schema":{"@context":"https:\/\/schema.org","@graph":[{"@type":"Article","@id":"https:\/\/epeka.si\/en\/social-inclusion-digitalisation-and-youth\/#article","isPartOf":{"@id":"https:\/\/epeka.si\/en\/social-inclusion-digitalisation-and-youth\/"},"author":{"name":"Mateo","@id":"https:\/\/epeka.si\/en\/#\/schema\/person\/d79ed0a98ccc0f99492a59018d9e02ab"},"headline":"Social inclusion, digitalisation and youth","datePublished":"2020-04-29T16:46:22+00:00","dateModified":"2023-12-10T09:26:15+00:00","mainEntityOfPage":{"@id":"https:\/\/epeka.si\/en\/social-inclusion-digitalisation-and-youth\/"},"wordCount":120,"image":{"@id":"https:\/\/epeka.si\/en\/social-inclusion-digitalisation-and-youth\/#primaryimage"},"thumbnailUrl":"https:\/\/epeka.si\/wp-content\/uploads\/2020\/04\/Study-2-870.jpg","articleSection":["Education"],"inLanguage":"en-US"},{"@type":"WebPage","@id":"https:\/\/epeka.si\/en\/social-inclusion-digitalisation-and-youth\/","url":"https:\/\/epeka.si\/en\/social-inclusion-digitalisation-and-youth\/","name":"Social inclusion, digitalisation and youth - EPEKA","isPartOf":{"@id":"https:\/\/epeka.si\/en\/#website"},"primaryImageOfPage":{"@id":"https:\/\/epeka.si\/en\/social-inclusion-digitalisation-and-youth\/#primaryimage"},"image":{"@id":"https:\/\/epeka.si\/en\/social-inclusion-digitalisation-and-youth\/#primaryimage"},"thumbnailUrl":"https:\/\/epeka.si\/wp-content\/uploads\/2020\/04\/Study-2-870.jpg","datePublished":"2020-04-29T16:46:22+00:00","dateModified":"2023-12-10T09:26:15+00:00","author":{"@id":"https:\/\/epeka.si\/en\/#\/schema\/person\/d79ed0a98ccc0f99492a59018d9e02ab"},"breadcrumb":{"@id":"https:\/\/epeka.si\/en\/social-inclusion-digitalisation-and-youth\/#breadcrumb"},"inLanguage":"en-US","potentialAction":[{"@type":"ReadAction","target":["https:\/\/epeka.si\/en\/social-inclusion-digitalisation-and-youth\/"]}]},{"@type":"ImageObject","inLanguage":"en-US","@id":"https:\/\/epeka.si\/en\/social-inclusion-digitalisation-and-youth\/#primaryimage","url":"https:\/\/epeka.si\/wp-content\/uploads\/2020\/04\/Study-2-870.jpg","contentUrl":"https:\/\/epeka.si\/wp-content\/uploads\/2020\/04\/Study-2-870.jpg","width":870,"height":489},{"@type":"BreadcrumbList","@id":"https:\/\/epeka.si\/en\/social-inclusion-digitalisation-and-youth\/#breadcrumb","itemListElement":[{"@type":"ListItem","position":1,"name":"Home","item":"https:\/\/epeka.si\/"},{"@type":"ListItem","position":2,"name":"Social inclusion, digitalisation and youth"}]},{"@type":"WebSite","@id":"https:\/\/epeka.si\/en\/#website","url":"https:\/\/epeka.si\/en\/","name":"EPEKA","description":"","potentialAction":[{"@type":"SearchAction","target":{"@type":"EntryPoint","urlTemplate":"https:\/\/epeka.si\/en\/?s={search_term_string}"},"query-input":{"@type":"PropertyValueSpecification","valueRequired":true,"valueName":"search_term_string"}}],"inLanguage":"en-US"},{"@type":"Person","@id":"https:\/\/epeka.si\/en\/#\/schema\/person\/d79ed0a98ccc0f99492a59018d9e02ab","name":"Mateo","url":"https:\/\/epeka.si\/en\/author\/mateo\/"}]}},"rttpg_featured_image_url":{"full":["https:\/\/epeka.si\/wp-content\/uploads\/2020\/04\/Study-2-870.jpg",870,489,false],"landscape":["https:\/\/epeka.si\/wp-content\/uploads\/2020\/04\/Study-2-870.jpg",870,489,false],"portraits":["https:\/\/epeka.si\/wp-content\/uploads\/2020\/04\/Study-2-870.jpg",870,489,false],"thumbnail":["https:\/\/epeka.si\/wp-content\/uploads\/2020\/04\/Study-2-870-150x150.jpg",150,150,true],"medium":["https:\/\/epeka.si\/wp-content\/uploads\/2020\/04\/Study-2-870-300x169.jpg",300,169,true],"large":["https:\/\/epeka.si\/wp-content\/uploads\/2020\/04\/Study-2-870.jpg",870,489,false],"1536x1536":["https:\/\/epeka.si\/wp-content\/uploads\/2020\/04\/Study-2-870.jpg",870,489,false],"2048x2048":["https:\/\/epeka.si\/wp-content\/uploads\/2020\/04\/Study-2-870.jpg",870,489,false],"tinyfeatured":["https:\/\/epeka.si\/wp-content\/uploads\/2020\/04\/Study-2-870-75x75.jpg",75,75,true],"gallery":["https:\/\/epeka.si\/wp-content\/uploads\/2020\/04\/Study-2-870-426x351.jpg",426,351,true],"fullslideshow":["https:\/\/epeka.si\/wp-content\/uploads\/2020\/04\/Study-2-870.jpg",870,489,false],"fullslideshownc":["https:\/\/epeka.si\/wp-content\/uploads\/2020\/04\/Study-2-870.jpg",870,489,false],"contentslideshow":["https:\/\/epeka.si\/wp-content\/uploads\/2020\/04\/Study-2-870-740x400.jpg",740,400,true],"contentslideshownc":["https:\/\/epeka.si\/wp-content\/uploads\/2020\/04\/Study-2-870-740x416.jpg",740,416,true],"regular":["https:\/\/epeka.si\/wp-content\/uploads\/2020\/04\/Study-2-870-525x300.jpg",525,300,true],"half":["https:\/\/epeka.si\/wp-content\/uploads\/2020\/04\/Study-2-870-410x441.jpg",410,441,true],"big":["https:\/\/epeka.si\/wp-content\/uploads\/2020\/04\/Study-2-870-790x425.jpg",790,425,true],"related":["https:\/\/epeka.si\/wp-content\/uploads\/2020\/04\/Study-2-870-525x489.jpg",525,489,true],"psacp-medium":["https:\/\/epeka.si\/wp-content\/uploads\/2020\/04\/Study-2-870.jpg",500,281,false],"woocommerce_thumbnail":["https:\/\/epeka.si\/wp-content\/uploads\/2020\/04\/Study-2-870-300x300.jpg",300,300,true],"woocommerce_single":["https:\/\/epeka.si\/wp-content\/uploads\/2020\/04\/Study-2-870-600x337.jpg",600,337,true],"woocommerce_gallery_thumbnail":["https:\/\/epeka.si\/wp-content\/uploads\/2020\/04\/Study-2-870-100x100.jpg",100,100,true]},"rttpg_author":{"display_name":"Mateo","author_link":"https:\/\/epeka.si\/en\/author\/mateo\/"},"rttpg_comment":0,"rttpg_category":"<a href=\"https:\/\/epeka.si\/en\/category\/izobrazevanje-en\/\" rel=\"category tag\">Education<\/a>","rttpg_excerpt":"27 April, 2020 Online The president of the Association EPEKA, Soc. Ent., \u0160tefan Simon\u010di\u010d, participated in a webinar on the topic of digitalisation and what influence it has ... Read More","_links":{"self":[{"href":"https:\/\/epeka.si\/en\/wp-json\/wp\/v2\/posts\/14751","targetHints":{"allow":["GET"]}}],"collection":[{"href":"https:\/\/epeka.si\/en\/wp-json\/wp\/v2\/posts"}],"about":[{"href":"https:\/\/epeka.si\/en\/wp-json\/wp\/v2\/types\/post"}],"author":[{"embeddable":true,"href":"https:\/\/epeka.si\/en\/wp-json\/wp\/v2\/users\/18"}],"replies":[{"embeddable":true,"href":"https:\/\/epeka.si\/en\/wp-json\/wp\/v2\/comments?post=14751"}],"version-history":[{"count":9,"href":"https:\/\/epeka.si\/en\/wp-json\/wp\/v2\/posts\/14751\/revisions"}],"predecessor-version":[{"id":48774,"href":"https:\/\/epeka.si\/en\/wp-json\/wp\/v2\/posts\/14751\/revisions\/48774"}],"wp:featuredmedia":[{"embeddable":true,"href":"https:\/\/epeka.si\/en\/wp-json\/wp\/v2\/media\/14745"}],"wp:attachment":[{"href":"https:\/\/epeka.si\/en\/wp-json\/wp\/v2\/media?parent=14751"}],"wp:term":[{"taxonomy":"category","embeddable":true,"href":"https:\/\/epeka.si\/en\/wp-json\/wp\/v2\/categories?post=14751"},{"taxonomy":"post_tag","embeddable":true,"href":"https:\/\/epeka.si\/en\/wp-json\/wp\/v2\/tags?post=14751"}],"curies":[{"name":"wp","href":"https:\/\/api.w.org\/{rel}","templated":true}]}}