{"id":16979,"date":"2021-03-08T16:24:47","date_gmt":"2021-03-08T16:24:47","guid":{"rendered":"https:\/\/epeka.si\/?p=16979"},"modified":"2023-11-21T07:00:50","modified_gmt":"2023-11-21T07:00:50","slug":"from-the-eye-of-youth","status":"publish","type":"post","link":"https:\/\/epeka.si\/en\/from-the-eye-of-youth\/","title":{"rendered":"From the Eye of Youth"},"content":{"rendered":"<h3 style=\"text-align: justify;\">January &#8211; December, 2021<br \/>\nBergama, Turkey<\/h3>\n<p style=\"text-align: justify;\">We are thrilled to inform you that the Association EPEKA, Soc. Ent., is a partner in Erasmus+ Project called &#8221; Gen\u00e7li\u011fin Kadraj\u0131ndan &#8211; From the Eye of Youth.&#8221;<!--more--><\/p>\n<p style=\"text-align: justify;\">In this project, we want to focus on the potential contribution that the sociological condition of young people in Europe will bring to a greater understanding of young people living in the EU and abroad. To this end, it analyzes, in a first move, the social dynamics under which young Europeans are now growing up, in the sense of globalization and Europeanisation, and questions about the effects of these processes on the integration of young people into society.<\/p>\n<p style=\"text-align: justify;\">Hosting organization:\u00a0Bergama Amat\u00f6r Foto\u011fraf Sanat\u0131 Derne\u011fi<\/p>\n<p style=\"text-align: justify;\"><strong>Project duration: <\/strong>January 1st &#8211; December 31st 2021<\/p>\n<p style=\"text-align: justify;\">Project Reference: <a href=\"https:\/\/ec.europa.eu\/programmes\/erasmus-plus\/projects\/eplus-project-details\/#project\/2020-3-TR01-KA105-097155\">2020-3-TR01-KA105-097155<\/a><\/p>\n<p style=\"text-align: justify;\"><em>The Association EPEKA, Soc. Ent., is supported by:<\/em><\/p>\n","protected":false},"excerpt":{"rendered":"<p>January &#8211; December, 2021 Bergama, Turkey <\/p>\n<p style=\"text-align: justify\">We are thrilled to inform you that the Association EPEKA, Soc. Ent., is a partner in Erasmus+ Project called &#8221; Gen\u00e7li\u011fin Kadraj\u0131ndan &#8230; <br \/><a href=\"https:\/\/epeka.si\/en\/from-the-eye-of-youth\/\" class=\"more-link\">Read More<\/a><\/p>\n","protected":false},"author":13,"featured_media":17135,"comment_status":"closed","ping_status":"open","sticky":false,"template":"","format":"standard","meta":{"_acf_changed":false,"_monsterinsights_skip_tracking":false,"_monsterinsights_sitenote_active":false,"_monsterinsights_sitenote_note":"","_monsterinsights_sitenote_category":0,"footnotes":""},"categories":[39],"tags":[],"class_list":["post-16979","post","type-post","status-publish","format-standard","has-post-thumbnail","hentry","category-youth-mobility"],"acf":[],"yoast_head":"<!-- This site is optimized with the Yoast SEO plugin v26.9 - https:\/\/yoast.com\/product\/yoast-seo-wordpress\/ -->\n<title>From the Eye of Youth - EPEKA<\/title>\n<meta name=\"robots\" content=\"index, follow, max-snippet:-1, max-image-preview:large, max-video-preview:-1\" \/>\n<link rel=\"canonical\" href=\"https:\/\/epeka.si\/en\/from-the-eye-of-youth\/\" \/>\n<meta property=\"og:locale\" content=\"en_US\" \/>\n<meta property=\"og:type\" content=\"article\" \/>\n<meta property=\"og:title\" content=\"From the Eye of Youth - EPEKA\" \/>\n<meta property=\"og:description\" content=\"January &#8211; December, 2021 Bergama, Turkey We are thrilled to inform you that the Association EPEKA, Soc. Ent., is a partner in Erasmus+ Project called &#8221; Gen\u00e7li\u011fin Kadraj\u0131ndan ... Read More\" \/>\n<meta property=\"og:url\" content=\"https:\/\/epeka.si\/en\/from-the-eye-of-youth\/\" \/>\n<meta property=\"og:site_name\" content=\"EPEKA\" \/>\n<meta property=\"article:published_time\" content=\"2021-03-08T16:24:47+00:00\" \/>\n<meta property=\"article:modified_time\" content=\"2023-11-21T07:00:50+00:00\" \/>\n<meta property=\"og:image\" content=\"https:\/\/epeka.si\/wp-content\/uploads\/2021\/03\/pexels-skitterphoto-32267.jpg\" \/>\n\t<meta property=\"og:image:width\" content=\"4144\" \/>\n\t<meta property=\"og:image:height\" content=\"2480\" \/>\n\t<meta property=\"og:image:type\" content=\"image\/jpeg\" \/>\n<meta name=\"author\" content=\"admin\" \/>\n<meta name=\"twitter:label1\" content=\"Written by\" \/>\n\t<meta name=\"twitter:data1\" content=\"admin\" \/>\n\t<meta name=\"twitter:label2\" content=\"Est. reading time\" \/>\n\t<meta name=\"twitter:data2\" content=\"1 minute\" \/>\n<script type=\"application\/ld+json\" class=\"yoast-schema-graph\">{\"@context\":\"https:\/\/schema.org\",\"@graph\":[{\"@type\":\"Article\",\"@id\":\"https:\/\/epeka.si\/en\/from-the-eye-of-youth\/#article\",\"isPartOf\":{\"@id\":\"https:\/\/epeka.si\/en\/from-the-eye-of-youth\/\"},\"author\":{\"name\":\"admin\",\"@id\":\"https:\/\/epeka.si\/en\/#\/schema\/person\/6301dbac88ef7aff5584d50e991f4347\"},\"headline\":\"From the Eye of Youth\",\"datePublished\":\"2021-03-08T16:24:47+00:00\",\"dateModified\":\"2023-11-21T07:00:50+00:00\",\"mainEntityOfPage\":{\"@id\":\"https:\/\/epeka.si\/en\/from-the-eye-of-youth\/\"},\"wordCount\":149,\"image\":{\"@id\":\"https:\/\/epeka.si\/en\/from-the-eye-of-youth\/#primaryimage\"},\"thumbnailUrl\":\"https:\/\/epeka.si\/wp-content\/uploads\/2021\/03\/pexels-skitterphoto-32267.jpg\",\"articleSection\":[\"Youth mobility\"],\"inLanguage\":\"en-US\"},{\"@type\":\"WebPage\",\"@id\":\"https:\/\/epeka.si\/en\/from-the-eye-of-youth\/\",\"url\":\"https:\/\/epeka.si\/en\/from-the-eye-of-youth\/\",\"name\":\"From the Eye of Youth - EPEKA\",\"isPartOf\":{\"@id\":\"https:\/\/epeka.si\/en\/#website\"},\"primaryImageOfPage\":{\"@id\":\"https:\/\/epeka.si\/en\/from-the-eye-of-youth\/#primaryimage\"},\"image\":{\"@id\":\"https:\/\/epeka.si\/en\/from-the-eye-of-youth\/#primaryimage\"},\"thumbnailUrl\":\"https:\/\/epeka.si\/wp-content\/uploads\/2021\/03\/pexels-skitterphoto-32267.jpg\",\"datePublished\":\"2021-03-08T16:24:47+00:00\",\"dateModified\":\"2023-11-21T07:00:50+00:00\",\"author\":{\"@id\":\"https:\/\/epeka.si\/en\/#\/schema\/person\/6301dbac88ef7aff5584d50e991f4347\"},\"breadcrumb\":{\"@id\":\"https:\/\/epeka.si\/en\/from-the-eye-of-youth\/#breadcrumb\"},\"inLanguage\":\"en-US\",\"potentialAction\":[{\"@type\":\"ReadAction\",\"target\":[\"https:\/\/epeka.si\/en\/from-the-eye-of-youth\/\"]}]},{\"@type\":\"ImageObject\",\"inLanguage\":\"en-US\",\"@id\":\"https:\/\/epeka.si\/en\/from-the-eye-of-youth\/#primaryimage\",\"url\":\"https:\/\/epeka.si\/wp-content\/uploads\/2021\/03\/pexels-skitterphoto-32267.jpg\",\"contentUrl\":\"https:\/\/epeka.si\/wp-content\/uploads\/2021\/03\/pexels-skitterphoto-32267.jpg\",\"width\":4144,\"height\":2480},{\"@type\":\"BreadcrumbList\",\"@id\":\"https:\/\/epeka.si\/en\/from-the-eye-of-youth\/#breadcrumb\",\"itemListElement\":[{\"@type\":\"ListItem\",\"position\":1,\"name\":\"Home\",\"item\":\"https:\/\/epeka.si\/\"},{\"@type\":\"ListItem\",\"position\":2,\"name\":\"From the Eye of Youth\"}]},{\"@type\":\"WebSite\",\"@id\":\"https:\/\/epeka.si\/en\/#website\",\"url\":\"https:\/\/epeka.si\/en\/\",\"name\":\"EPEKA\",\"description\":\"\",\"potentialAction\":[{\"@type\":\"SearchAction\",\"target\":{\"@type\":\"EntryPoint\",\"urlTemplate\":\"https:\/\/epeka.si\/en\/?s={search_term_string}\"},\"query-input\":{\"@type\":\"PropertyValueSpecification\",\"valueRequired\":true,\"valueName\":\"search_term_string\"}}],\"inLanguage\":\"en-US\"},{\"@type\":\"Person\",\"@id\":\"https:\/\/epeka.si\/en\/#\/schema\/person\/6301dbac88ef7aff5584d50e991f4347\",\"name\":\"admin\",\"url\":\"https:\/\/epeka.si\/en\/author\/admin\/\"}]}<\/script>\n<!-- \/ Yoast SEO plugin. -->","yoast_head_json":{"title":"From the Eye of Youth - EPEKA","robots":{"index":"index","follow":"follow","max-snippet":"max-snippet:-1","max-image-preview":"max-image-preview:large","max-video-preview":"max-video-preview:-1"},"canonical":"https:\/\/epeka.si\/en\/from-the-eye-of-youth\/","og_locale":"en_US","og_type":"article","og_title":"From the Eye of Youth - EPEKA","og_description":"January &#8211; December, 2021 Bergama, Turkey We are thrilled to inform you that the Association EPEKA, Soc. Ent., is a partner in Erasmus+ Project called &#8221; Gen\u00e7li\u011fin Kadraj\u0131ndan ... Read More","og_url":"https:\/\/epeka.si\/en\/from-the-eye-of-youth\/","og_site_name":"EPEKA","article_published_time":"2021-03-08T16:24:47+00:00","article_modified_time":"2023-11-21T07:00:50+00:00","og_image":[{"width":4144,"height":2480,"url":"https:\/\/epeka.si\/wp-content\/uploads\/2021\/03\/pexels-skitterphoto-32267.jpg","type":"image\/jpeg"}],"author":"admin","twitter_misc":{"Written by":"admin","Est. reading time":"1 minute"},"schema":{"@context":"https:\/\/schema.org","@graph":[{"@type":"Article","@id":"https:\/\/epeka.si\/en\/from-the-eye-of-youth\/#article","isPartOf":{"@id":"https:\/\/epeka.si\/en\/from-the-eye-of-youth\/"},"author":{"name":"admin","@id":"https:\/\/epeka.si\/en\/#\/schema\/person\/6301dbac88ef7aff5584d50e991f4347"},"headline":"From the Eye of Youth","datePublished":"2021-03-08T16:24:47+00:00","dateModified":"2023-11-21T07:00:50+00:00","mainEntityOfPage":{"@id":"https:\/\/epeka.si\/en\/from-the-eye-of-youth\/"},"wordCount":149,"image":{"@id":"https:\/\/epeka.si\/en\/from-the-eye-of-youth\/#primaryimage"},"thumbnailUrl":"https:\/\/epeka.si\/wp-content\/uploads\/2021\/03\/pexels-skitterphoto-32267.jpg","articleSection":["Youth mobility"],"inLanguage":"en-US"},{"@type":"WebPage","@id":"https:\/\/epeka.si\/en\/from-the-eye-of-youth\/","url":"https:\/\/epeka.si\/en\/from-the-eye-of-youth\/","name":"From the Eye of Youth - EPEKA","isPartOf":{"@id":"https:\/\/epeka.si\/en\/#website"},"primaryImageOfPage":{"@id":"https:\/\/epeka.si\/en\/from-the-eye-of-youth\/#primaryimage"},"image":{"@id":"https:\/\/epeka.si\/en\/from-the-eye-of-youth\/#primaryimage"},"thumbnailUrl":"https:\/\/epeka.si\/wp-content\/uploads\/2021\/03\/pexels-skitterphoto-32267.jpg","datePublished":"2021-03-08T16:24:47+00:00","dateModified":"2023-11-21T07:00:50+00:00","author":{"@id":"https:\/\/epeka.si\/en\/#\/schema\/person\/6301dbac88ef7aff5584d50e991f4347"},"breadcrumb":{"@id":"https:\/\/epeka.si\/en\/from-the-eye-of-youth\/#breadcrumb"},"inLanguage":"en-US","potentialAction":[{"@type":"ReadAction","target":["https:\/\/epeka.si\/en\/from-the-eye-of-youth\/"]}]},{"@type":"ImageObject","inLanguage":"en-US","@id":"https:\/\/epeka.si\/en\/from-the-eye-of-youth\/#primaryimage","url":"https:\/\/epeka.si\/wp-content\/uploads\/2021\/03\/pexels-skitterphoto-32267.jpg","contentUrl":"https:\/\/epeka.si\/wp-content\/uploads\/2021\/03\/pexels-skitterphoto-32267.jpg","width":4144,"height":2480},{"@type":"BreadcrumbList","@id":"https:\/\/epeka.si\/en\/from-the-eye-of-youth\/#breadcrumb","itemListElement":[{"@type":"ListItem","position":1,"name":"Home","item":"https:\/\/epeka.si\/"},{"@type":"ListItem","position":2,"name":"From the Eye of Youth"}]},{"@type":"WebSite","@id":"https:\/\/epeka.si\/en\/#website","url":"https:\/\/epeka.si\/en\/","name":"EPEKA","description":"","potentialAction":[{"@type":"SearchAction","target":{"@type":"EntryPoint","urlTemplate":"https:\/\/epeka.si\/en\/?s={search_term_string}"},"query-input":{"@type":"PropertyValueSpecification","valueRequired":true,"valueName":"search_term_string"}}],"inLanguage":"en-US"},{"@type":"Person","@id":"https:\/\/epeka.si\/en\/#\/schema\/person\/6301dbac88ef7aff5584d50e991f4347","name":"admin","url":"https:\/\/epeka.si\/en\/author\/admin\/"}]}},"rttpg_featured_image_url":{"full":["https:\/\/epeka.si\/wp-content\/uploads\/2021\/03\/pexels-skitterphoto-32267.jpg",4144,2480,false],"landscape":["https:\/\/epeka.si\/wp-content\/uploads\/2021\/03\/pexels-skitterphoto-32267.jpg",4144,2480,false],"portraits":["https:\/\/epeka.si\/wp-content\/uploads\/2021\/03\/pexels-skitterphoto-32267.jpg",4144,2480,false],"thumbnail":["https:\/\/epeka.si\/wp-content\/uploads\/2021\/03\/pexels-skitterphoto-32267.jpg",150,90,false],"medium":["https:\/\/epeka.si\/wp-content\/uploads\/2021\/03\/pexels-skitterphoto-32267.jpg",300,180,false],"large":["https:\/\/epeka.si\/wp-content\/uploads\/2021\/03\/pexels-skitterphoto-32267.jpg",1024,613,false],"1536x1536":["https:\/\/epeka.si\/wp-content\/uploads\/2021\/03\/pexels-skitterphoto-32267.jpg",1536,919,false],"2048x2048":["https:\/\/epeka.si\/wp-content\/uploads\/2021\/03\/pexels-skitterphoto-32267.jpg",2048,1226,false],"tinyfeatured":["https:\/\/epeka.si\/wp-content\/uploads\/2021\/03\/pexels-skitterphoto-32267.jpg",75,45,false],"gallery":["https:\/\/epeka.si\/wp-content\/uploads\/2021\/03\/pexels-skitterphoto-32267.jpg",426,255,false],"fullslideshow":["https:\/\/epeka.si\/wp-content\/uploads\/2021\/03\/pexels-skitterphoto-32267.jpg",919,550,false],"fullslideshownc":["https:\/\/epeka.si\/wp-content\/uploads\/2021\/03\/pexels-skitterphoto-32267.jpg",1500,898,false],"contentslideshow":["https:\/\/epeka.si\/wp-content\/uploads\/2021\/03\/pexels-skitterphoto-32267.jpg",668,400,false],"contentslideshownc":["https:\/\/epeka.si\/wp-content\/uploads\/2021\/03\/pexels-skitterphoto-32267.jpg",740,443,false],"regular":["https:\/\/epeka.si\/wp-content\/uploads\/2021\/03\/pexels-skitterphoto-32267.jpg",501,300,false],"half":["https:\/\/epeka.si\/wp-content\/uploads\/2021\/03\/pexels-skitterphoto-32267.jpg",410,245,false],"big":["https:\/\/epeka.si\/wp-content\/uploads\/2021\/03\/pexels-skitterphoto-32267.jpg",710,425,false],"related":["https:\/\/epeka.si\/wp-content\/uploads\/2021\/03\/pexels-skitterphoto-32267.jpg",525,314,false],"psacp-medium":["https:\/\/epeka.si\/wp-content\/uploads\/2021\/03\/pexels-skitterphoto-32267.jpg",500,299,false],"woocommerce_thumbnail":["https:\/\/epeka.si\/wp-content\/uploads\/2021\/03\/pexels-skitterphoto-32267-300x300.jpg",300,300,true],"woocommerce_single":["https:\/\/epeka.si\/wp-content\/uploads\/2021\/03\/pexels-skitterphoto-32267-600x359.jpg",600,359,true],"woocommerce_gallery_thumbnail":["https:\/\/epeka.si\/wp-content\/uploads\/2021\/03\/pexels-skitterphoto-32267-100x100.jpg",100,100,true]},"rttpg_author":{"display_name":"admin","author_link":"https:\/\/epeka.si\/en\/author\/admin\/"},"rttpg_comment":0,"rttpg_category":"<a href=\"https:\/\/epeka.si\/en\/category\/youth-mobility\/\" rel=\"category tag\">Youth mobility<\/a>","rttpg_excerpt":"January &#8211; December, 2021 Bergama, Turkey We are thrilled to inform you that the Association EPEKA, Soc. Ent., is a partner in Erasmus+ Project called &#8221; Gen\u00e7li\u011fin Kadraj\u0131ndan ... Read More","_links":{"self":[{"href":"https:\/\/epeka.si\/en\/wp-json\/wp\/v2\/posts\/16979","targetHints":{"allow":["GET"]}}],"collection":[{"href":"https:\/\/epeka.si\/en\/wp-json\/wp\/v2\/posts"}],"about":[{"href":"https:\/\/epeka.si\/en\/wp-json\/wp\/v2\/types\/post"}],"author":[{"embeddable":true,"href":"https:\/\/epeka.si\/en\/wp-json\/wp\/v2\/users\/13"}],"replies":[{"embeddable":true,"href":"https:\/\/epeka.si\/en\/wp-json\/wp\/v2\/comments?post=16979"}],"version-history":[{"count":8,"href":"https:\/\/epeka.si\/en\/wp-json\/wp\/v2\/posts\/16979\/revisions"}],"predecessor-version":[{"id":45079,"href":"https:\/\/epeka.si\/en\/wp-json\/wp\/v2\/posts\/16979\/revisions\/45079"}],"wp:featuredmedia":[{"embeddable":true,"href":"https:\/\/epeka.si\/en\/wp-json\/wp\/v2\/media\/17135"}],"wp:attachment":[{"href":"https:\/\/epeka.si\/en\/wp-json\/wp\/v2\/media?parent=16979"}],"wp:term":[{"taxonomy":"category","embeddable":true,"href":"https:\/\/epeka.si\/en\/wp-json\/wp\/v2\/categories?post=16979"},{"taxonomy":"post_tag","embeddable":true,"href":"https:\/\/epeka.si\/en\/wp-json\/wp\/v2\/tags?post=16979"}],"curies":[{"name":"wp","href":"https:\/\/api.w.org\/{rel}","templated":true}]}}