{"id":17174,"date":"2021-03-11T16:39:35","date_gmt":"2021-03-11T16:39:35","guid":{"rendered":"https:\/\/epeka.si\/?p=17174"},"modified":"2023-12-08T18:56:08","modified_gmt":"2023-12-08T18:56:08","slug":"konferenca-o-radikalizaciji-in-ekstremizmu","status":"publish","type":"post","link":"https:\/\/epeka.si\/en\/konferenca-o-radikalizaciji-in-ekstremizmu\/","title":{"rendered":"Conference: Radicalization and extremism"},"content":{"rendered":"<h3 style=\"text-align: justify;\">11 March, 2021<br \/>\nOnline<\/h3>\n<p style=\"text-align: justify;\">The persistent threat of radicalization and violent extremism highlights the vulnerability of our society today to the challenges of intolerance, hatred and fear.<!--more--><\/p>\n<p style=\"text-align: justify;\">Radicalization is a reflection of the polarization of society, as well as a reflection of profound and rapid changes in perceptions, values and behavior, where violence is becoming an acceptable tool for resolving conflicts. How will this phenomenon affect our society?<\/p>\n<p style=\"text-align: justify;\">Representatives of the Association EPEKA, Soc. Ent., \u0160tefan Simon\u010di\u010d and Anja Cehnar, attended an event organized by the Euro-Atlantic Council of Slovenia, the Institute for Politics and Society in Jordan and the Center for European Perspective in Slovenia.<\/p>\n<p style=\"text-align: justify;\">The conference discussed the threat of radicalization and violent extremism in Slovenia, Kosovo, Jordan, and wider regions.<\/p>\n<p style=\"text-align: justify;\">The expert group has:<\/p>\n<ul style=\"text-align: justify;\">\n<li>emphasized the potential similarities, differences and links between violent extremism in these countries and their regions;<\/li>\n<li>discussed how to reduce the risk of individual indoctrination to violent extremism and radicalization;<\/li>\n<li>suggested ideas on how to tackle these challenges.<\/li>\n<\/ul>\n<p style=\"text-align: justify;\">Speakers:<\/p>\n<ul style=\"text-align: justify;\">\n<li>dr. Mohammad Abu Rumman, Institute for Politics and Society, Associate Professor and Writer on Political Islam and Violent Extremism<\/li>\n<li>dr. Florian Qehaja, Kosovo Center for Security Studies, Chairman of the Committee<\/li>\n<li>dr. Iztok Prezelj, Euro-Atlantic Council of Slovenia, President and Faculty of Social Sciences, University of Ljubljana, Vice Dean<\/li>\n<\/ul>\n<p style=\"text-align: justify;\">Moderated by: Katja Ger\u0161ak, Center for European Perspective, Executive Director<\/p>\n<h3 style=\"text-align: justify;\">GALLERY<\/h3>\n<p style=\"text-align: justify;\"><div id=\"envira-gallery-wrap-31421\" class=\"envira-gallery-wrap envira-gallery-theme-base envira-lightbox-theme-base\" itemscope itemtype=\"https:\/\/schema.org\/ImageGallery\"><div data-row-height=\"\" data-gallery-theme=\"\" id=\"envira-gallery-31421\" class=\"envira-gallery-public  envira-gallery-4-columns envira-clear enviratope envira-gallery-css-animations\" data-envira-columns=\"4\"><div id=\"envira-gallery-item-31422\" class=\"envira-gallery-item enviratope-item envira-gallery-item-1 envira-lazy-load\" style=\"padding-left: 5px; padding-bottom: 10px; padding-right: 5px;\"  itemscope itemtype=\"https:\/\/schema.org\/ImageObject\"><div class=\"envira-gallery-item-inner\"><div class=\"envira-gallery-position-overlay  envira-gallery-top-left\"><\/div><div class=\"envira-gallery-position-overlay  envira-gallery-top-right\"><\/div><div class=\"envira-gallery-position-overlay  envira-gallery-bottom-left\"><\/div><div class=\"envira-gallery-position-overlay  envira-gallery-bottom-right\"><\/div><a href=\"https:\/\/epeka.si\/wp-content\/uploads\/2023\/05\/ekstremizem1.jpg\" class=\"envira-gallery-31421 envira-gallery-link\" rel=\"enviragallery31421\" title=\"ekstremizem1\" data-envira-caption=\"ekstremizem1\" data-envira-retina=\"\" data-thumbnail=\"\"  itemprop=\"contentUrl\"><div class=\"envira-lazy\" data-test-width=\"640\" data-test-height=\"480\" style=\"padding-bottom:75%;\"><img decoding=\"async\" id=\"envira-gallery-image-31422\" class=\"envira-gallery-image envira-gallery-image-1\" data-envira-index=\"1\" src=\"https:\/\/epeka.si\/wp-content\/uploads\/2023\/05\/ekstremizem1-640x480_c.jpg\" data-envira-src=\"https:\/\/epeka.si\/wp-content\/uploads\/2023\/05\/ekstremizem1-640x480_c.jpg\" data-envira-gallery-id=\"31421\" data-envira-item-id=\"31422\" data-envira-caption=\"ekstremizem1\" alt=\"\" title=\"ekstremizem1\"  itemprop=\"thumbnailUrl\" data-envira-srcset=\"https:\/\/epeka.si\/wp-content\/uploads\/2023\/05\/ekstremizem1-640x480_c.jpg 400w,https:\/\/epeka.si\/wp-content\/uploads\/2023\/05\/ekstremizem1-640x480_c.jpg 2x\" srcset=\"data:image\/gif;base64,R0lGODlhAQABAIAAAP\/\/\/\/\/\/\/yH5BAEKAAEALAAAAAABAAEAAAICTAEAOw==\" \/><\/div><\/a><\/div><\/div><div id=\"envira-gallery-item-31424\" class=\"envira-gallery-item enviratope-item envira-gallery-item-2 envira-lazy-load\" style=\"padding-left: 5px; padding-bottom: 10px; padding-right: 5px;\"  itemscope itemtype=\"https:\/\/schema.org\/ImageObject\"><div class=\"envira-gallery-item-inner\"><div class=\"envira-gallery-position-overlay  envira-gallery-top-left\"><\/div><div class=\"envira-gallery-position-overlay  envira-gallery-top-right\"><\/div><div class=\"envira-gallery-position-overlay  envira-gallery-bottom-left\"><\/div><div class=\"envira-gallery-position-overlay  envira-gallery-bottom-right\"><\/div><a href=\"https:\/\/epeka.si\/wp-content\/uploads\/2023\/05\/ekstremizem2.jpg\" class=\"envira-gallery-31421 envira-gallery-link\" rel=\"enviragallery31421\" title=\"ekstremizem2\" data-envira-caption=\"ekstremizem2\" data-envira-retina=\"\" data-thumbnail=\"\"  itemprop=\"contentUrl\"><div class=\"envira-lazy\" data-test-width=\"640\" data-test-height=\"480\" style=\"padding-bottom:75%;\"><img decoding=\"async\" id=\"envira-gallery-image-31424\" class=\"envira-gallery-image envira-gallery-image-2\" data-envira-index=\"2\" src=\"https:\/\/epeka.si\/wp-content\/uploads\/2023\/05\/ekstremizem2-640x480_c.jpg\" data-envira-src=\"https:\/\/epeka.si\/wp-content\/uploads\/2023\/05\/ekstremizem2-640x480_c.jpg\" data-envira-gallery-id=\"31421\" data-envira-item-id=\"31424\" data-envira-caption=\"ekstremizem2\" alt=\"\" title=\"ekstremizem2\"  itemprop=\"thumbnailUrl\" data-envira-srcset=\"https:\/\/epeka.si\/wp-content\/uploads\/2023\/05\/ekstremizem2-640x480_c.jpg 400w,https:\/\/epeka.si\/wp-content\/uploads\/2023\/05\/ekstremizem2-640x480_c.jpg 2x\" srcset=\"data:image\/gif;base64,R0lGODlhAQABAIAAAP\/\/\/\/\/\/\/yH5BAEKAAEALAAAAAABAAEAAAICTAEAOw==\" \/><\/div><\/a><\/div><\/div><div id=\"envira-gallery-item-31426\" class=\"envira-gallery-item enviratope-item envira-gallery-item-3 envira-lazy-load\" style=\"padding-left: 5px; padding-bottom: 10px; padding-right: 5px;\"  itemscope itemtype=\"https:\/\/schema.org\/ImageObject\"><div class=\"envira-gallery-item-inner\"><div class=\"envira-gallery-position-overlay  envira-gallery-top-left\"><\/div><div class=\"envira-gallery-position-overlay  envira-gallery-top-right\"><\/div><div class=\"envira-gallery-position-overlay  envira-gallery-bottom-left\"><\/div><div class=\"envira-gallery-position-overlay  envira-gallery-bottom-right\"><\/div><a href=\"https:\/\/epeka.si\/wp-content\/uploads\/2023\/05\/ekstremizem3.jpg\" class=\"envira-gallery-31421 envira-gallery-link\" rel=\"enviragallery31421\" title=\"ekstremizem3\" data-envira-caption=\"ekstremizem3\" data-envira-retina=\"\" data-thumbnail=\"\"  itemprop=\"contentUrl\"><div class=\"envira-lazy\" data-test-width=\"640\" data-test-height=\"480\" style=\"padding-bottom:75%;\"><img decoding=\"async\" id=\"envira-gallery-image-31426\" class=\"envira-gallery-image envira-gallery-image-3\" data-envira-index=\"3\" src=\"https:\/\/epeka.si\/wp-content\/uploads\/2023\/05\/ekstremizem3-640x480_c.jpg\" data-envira-src=\"https:\/\/epeka.si\/wp-content\/uploads\/2023\/05\/ekstremizem3-640x480_c.jpg\" data-envira-gallery-id=\"31421\" data-envira-item-id=\"31426\" data-envira-caption=\"ekstremizem3\" alt=\"\" title=\"ekstremizem3\"  itemprop=\"thumbnailUrl\" data-envira-srcset=\"https:\/\/epeka.si\/wp-content\/uploads\/2023\/05\/ekstremizem3-640x480_c.jpg 400w,https:\/\/epeka.si\/wp-content\/uploads\/2023\/05\/ekstremizem3-640x480_c.jpg 2x\" srcset=\"data:image\/gif;base64,R0lGODlhAQABAIAAAP\/\/\/\/\/\/\/yH5BAEKAAEALAAAAAABAAEAAAICTAEAOw==\" \/><\/div><\/a><\/div><\/div><div id=\"envira-gallery-item-31428\" class=\"envira-gallery-item enviratope-item envira-gallery-item-4 envira-lazy-load\" style=\"padding-left: 5px; padding-bottom: 10px; padding-right: 5px;\"  itemscope itemtype=\"https:\/\/schema.org\/ImageObject\"><div class=\"envira-gallery-item-inner\"><div class=\"envira-gallery-position-overlay  envira-gallery-top-left\"><\/div><div class=\"envira-gallery-position-overlay  envira-gallery-top-right\"><\/div><div class=\"envira-gallery-position-overlay  envira-gallery-bottom-left\"><\/div><div class=\"envira-gallery-position-overlay  envira-gallery-bottom-right\"><\/div><a href=\"https:\/\/epeka.si\/wp-content\/uploads\/2023\/05\/ekstremizem4.jpg\" class=\"envira-gallery-31421 envira-gallery-link\" rel=\"enviragallery31421\" title=\"ekstremizem4\" data-envira-caption=\"ekstremizem4\" data-envira-retina=\"\" data-thumbnail=\"\"  itemprop=\"contentUrl\"><div class=\"envira-lazy\" data-test-width=\"640\" data-test-height=\"480\" style=\"padding-bottom:75%;\"><img decoding=\"async\" id=\"envira-gallery-image-31428\" class=\"envira-gallery-image envira-gallery-image-4\" data-envira-index=\"4\" src=\"https:\/\/epeka.si\/wp-content\/uploads\/2023\/05\/ekstremizem4-640x480_c.jpg\" data-envira-src=\"https:\/\/epeka.si\/wp-content\/uploads\/2023\/05\/ekstremizem4-640x480_c.jpg\" data-envira-gallery-id=\"31421\" data-envira-item-id=\"31428\" data-envira-caption=\"ekstremizem4\" alt=\"\" title=\"ekstremizem4\"  itemprop=\"thumbnailUrl\" data-envira-srcset=\"https:\/\/epeka.si\/wp-content\/uploads\/2023\/05\/ekstremizem4-640x480_c.jpg 400w,https:\/\/epeka.si\/wp-content\/uploads\/2023\/05\/ekstremizem4-640x480_c.jpg 2x\" srcset=\"data:image\/gif;base64,R0lGODlhAQABAIAAAP\/\/\/\/\/\/\/yH5BAEKAAEALAAAAAABAAEAAAICTAEAOw==\" \/><\/div><\/a><\/div><\/div><div id=\"envira-gallery-item-31430\" class=\"envira-gallery-item enviratope-item envira-gallery-item-5 envira-lazy-load\" style=\"padding-left: 5px; padding-bottom: 10px; padding-right: 5px;\"  itemscope itemtype=\"https:\/\/schema.org\/ImageObject\"><div class=\"envira-gallery-item-inner\"><div class=\"envira-gallery-position-overlay  envira-gallery-top-left\"><\/div><div class=\"envira-gallery-position-overlay  envira-gallery-top-right\"><\/div><div class=\"envira-gallery-position-overlay  envira-gallery-bottom-left\"><\/div><div class=\"envira-gallery-position-overlay  envira-gallery-bottom-right\"><\/div><a href=\"https:\/\/epeka.si\/wp-content\/uploads\/2023\/05\/ekstremizem5.jpg\" class=\"envira-gallery-31421 envira-gallery-link\" rel=\"enviragallery31421\" title=\"ekstremizem5\" data-envira-caption=\"ekstremizem5\" data-envira-retina=\"\" data-thumbnail=\"\"  itemprop=\"contentUrl\"><div class=\"envira-lazy\" data-test-width=\"640\" data-test-height=\"480\" style=\"padding-bottom:75%;\"><img decoding=\"async\" id=\"envira-gallery-image-31430\" class=\"envira-gallery-image envira-gallery-image-5\" data-envira-index=\"5\" src=\"https:\/\/epeka.si\/wp-content\/uploads\/2023\/05\/ekstremizem5-640x480_c.jpg\" data-envira-src=\"https:\/\/epeka.si\/wp-content\/uploads\/2023\/05\/ekstremizem5-640x480_c.jpg\" data-envira-gallery-id=\"31421\" data-envira-item-id=\"31430\" data-envira-caption=\"ekstremizem5\" alt=\"\" title=\"ekstremizem5\"  itemprop=\"thumbnailUrl\" data-envira-srcset=\"https:\/\/epeka.si\/wp-content\/uploads\/2023\/05\/ekstremizem5-640x480_c.jpg 400w,https:\/\/epeka.si\/wp-content\/uploads\/2023\/05\/ekstremizem5-640x480_c.jpg 2x\" srcset=\"data:image\/gif;base64,R0lGODlhAQABAIAAAP\/\/\/\/\/\/\/yH5BAEKAAEALAAAAAABAAEAAAICTAEAOw==\" \/><\/div><\/a><\/div><\/div><div id=\"envira-gallery-item-31432\" class=\"envira-gallery-item enviratope-item envira-gallery-item-6 envira-lazy-load\" style=\"padding-left: 5px; padding-bottom: 10px; padding-right: 5px;\"  itemscope itemtype=\"https:\/\/schema.org\/ImageObject\"><div class=\"envira-gallery-item-inner\"><div class=\"envira-gallery-position-overlay  envira-gallery-top-left\"><\/div><div class=\"envira-gallery-position-overlay  envira-gallery-top-right\"><\/div><div class=\"envira-gallery-position-overlay  envira-gallery-bottom-left\"><\/div><div class=\"envira-gallery-position-overlay  envira-gallery-bottom-right\"><\/div><a href=\"https:\/\/epeka.si\/wp-content\/uploads\/2023\/05\/ekstremizem6.jpg\" class=\"envira-gallery-31421 envira-gallery-link\" rel=\"enviragallery31421\" title=\"ekstremizem6\" data-envira-caption=\"ekstremizem6\" data-envira-retina=\"\" data-thumbnail=\"\"  itemprop=\"contentUrl\"><div class=\"envira-lazy\" data-test-width=\"640\" data-test-height=\"480\" style=\"padding-bottom:75%;\"><img decoding=\"async\" id=\"envira-gallery-image-31432\" class=\"envira-gallery-image envira-gallery-image-6\" data-envira-index=\"6\" src=\"https:\/\/epeka.si\/wp-content\/uploads\/2023\/05\/ekstremizem6-640x480_c.jpg\" data-envira-src=\"https:\/\/epeka.si\/wp-content\/uploads\/2023\/05\/ekstremizem6-640x480_c.jpg\" data-envira-gallery-id=\"31421\" data-envira-item-id=\"31432\" data-envira-caption=\"ekstremizem6\" alt=\"\" title=\"ekstremizem6\"  itemprop=\"thumbnailUrl\" data-envira-srcset=\"https:\/\/epeka.si\/wp-content\/uploads\/2023\/05\/ekstremizem6-640x480_c.jpg 400w,https:\/\/epeka.si\/wp-content\/uploads\/2023\/05\/ekstremizem6-640x480_c.jpg 2x\" srcset=\"data:image\/gif;base64,R0lGODlhAQABAIAAAP\/\/\/\/\/\/\/yH5BAEKAAEALAAAAAABAAEAAAICTAEAOw==\" \/><\/div><\/a><\/div><\/div><div id=\"envira-gallery-item-31434\" class=\"envira-gallery-item enviratope-item envira-gallery-item-7 envira-lazy-load\" style=\"padding-left: 5px; padding-bottom: 10px; padding-right: 5px;\"  itemscope itemtype=\"https:\/\/schema.org\/ImageObject\"><div class=\"envira-gallery-item-inner\"><div class=\"envira-gallery-position-overlay  envira-gallery-top-left\"><\/div><div class=\"envira-gallery-position-overlay  envira-gallery-top-right\"><\/div><div class=\"envira-gallery-position-overlay  envira-gallery-bottom-left\"><\/div><div class=\"envira-gallery-position-overlay  envira-gallery-bottom-right\"><\/div><a href=\"https:\/\/epeka.si\/wp-content\/uploads\/2023\/05\/ekstremizem7.jpg\" class=\"envira-gallery-31421 envira-gallery-link\" rel=\"enviragallery31421\" title=\"ekstremizem7\" data-envira-caption=\"ekstremizem7\" data-envira-retina=\"\" data-thumbnail=\"\"  itemprop=\"contentUrl\"><div class=\"envira-lazy\" data-test-width=\"640\" data-test-height=\"480\" style=\"padding-bottom:75%;\"><img decoding=\"async\" id=\"envira-gallery-image-31434\" class=\"envira-gallery-image envira-gallery-image-7\" data-envira-index=\"7\" src=\"https:\/\/epeka.si\/wp-content\/uploads\/2023\/05\/ekstremizem7-640x480_c.jpg\" data-envira-src=\"https:\/\/epeka.si\/wp-content\/uploads\/2023\/05\/ekstremizem7-640x480_c.jpg\" data-envira-gallery-id=\"31421\" data-envira-item-id=\"31434\" data-envira-caption=\"ekstremizem7\" alt=\"\" title=\"ekstremizem7\"  itemprop=\"thumbnailUrl\" data-envira-srcset=\"https:\/\/epeka.si\/wp-content\/uploads\/2023\/05\/ekstremizem7-640x480_c.jpg 400w,https:\/\/epeka.si\/wp-content\/uploads\/2023\/05\/ekstremizem7-640x480_c.jpg 2x\" srcset=\"data:image\/gif;base64,R0lGODlhAQABAIAAAP\/\/\/\/\/\/\/yH5BAEKAAEALAAAAAABAAEAAAICTAEAOw==\" \/><\/div><\/a><\/div><\/div><\/div><\/div><noscript><img decoding=\"async\" src=\"https:\/\/epeka.si\/wp-content\/uploads\/2023\/05\/ekstremizem1.jpg\" alt=\"\" \/><img decoding=\"async\" src=\"https:\/\/epeka.si\/wp-content\/uploads\/2023\/05\/ekstremizem2.jpg\" alt=\"\" \/><img decoding=\"async\" src=\"https:\/\/epeka.si\/wp-content\/uploads\/2023\/05\/ekstremizem3.jpg\" alt=\"\" \/><img decoding=\"async\" src=\"https:\/\/epeka.si\/wp-content\/uploads\/2023\/05\/ekstremizem4.jpg\" alt=\"\" \/><img decoding=\"async\" src=\"https:\/\/epeka.si\/wp-content\/uploads\/2023\/05\/ekstremizem5.jpg\" alt=\"\" \/><img decoding=\"async\" src=\"https:\/\/epeka.si\/wp-content\/uploads\/2023\/05\/ekstremizem6.jpg\" alt=\"\" \/><img decoding=\"async\" src=\"https:\/\/epeka.si\/wp-content\/uploads\/2023\/05\/ekstremizem7.jpg\" alt=\"\" \/><\/noscript><\/p>\n<p style=\"text-align: justify;\"><em>The Association EPEKA, Soc. Ent., is supported by:<\/em><\/p>\n","protected":false},"excerpt":{"rendered":"<p>11 March, 2021 Online <\/p>\n<p style=\"text-align: justify;\">The persistent threat of radicalization and violent extremism highlights the vulnerability of our society today to the challenges of intolerance, hatred and fear.<\/p>\n","protected":false},"author":13,"featured_media":17165,"comment_status":"closed","ping_status":"open","sticky":false,"template":"","format":"standard","meta":{"_acf_changed":false,"_monsterinsights_skip_tracking":false,"_monsterinsights_sitenote_active":false,"_monsterinsights_sitenote_note":"","_monsterinsights_sitenote_category":0,"footnotes":""},"categories":[51],"tags":[],"class_list":["post-17174","post","type-post","status-publish","format-standard","has-post-thumbnail","hentry","category-izobrazevanje-en"],"acf":[],"yoast_head":"<!-- This site is optimized with the Yoast SEO plugin v26.9 - https:\/\/yoast.com\/product\/yoast-seo-wordpress\/ -->\n<title>Conference: Radicalization and extremism - EPEKA<\/title>\n<meta name=\"robots\" content=\"index, follow, max-snippet:-1, max-image-preview:large, max-video-preview:-1\" \/>\n<link rel=\"canonical\" href=\"https:\/\/epeka.si\/en\/konferenca-o-radikalizaciji-in-ekstremizmu\/\" \/>\n<meta property=\"og:locale\" content=\"en_US\" \/>\n<meta property=\"og:type\" content=\"article\" \/>\n<meta property=\"og:title\" content=\"Conference: Radicalization and extremism - EPEKA\" \/>\n<meta property=\"og:description\" content=\"11 March, 2021 Online The persistent threat of radicalization and violent extremism highlights the vulnerability of our society today to the challenges of intolerance, hatred and fear.\" \/>\n<meta property=\"og:url\" content=\"https:\/\/epeka.si\/en\/konferenca-o-radikalizaciji-in-ekstremizmu\/\" \/>\n<meta property=\"og:site_name\" content=\"EPEKA\" \/>\n<meta property=\"article:published_time\" content=\"2021-03-11T16:39:35+00:00\" \/>\n<meta property=\"article:modified_time\" content=\"2023-12-08T18:56:08+00:00\" \/>\n<meta property=\"og:image\" content=\"https:\/\/epeka.si\/wp-content\/uploads\/2021\/03\/161724318_158923792745266_5599937813571419039_n.jpg\" \/>\n\t<meta property=\"og:image:width\" content=\"900\" \/>\n\t<meta property=\"og:image:height\" content=\"473\" \/>\n\t<meta property=\"og:image:type\" content=\"image\/jpeg\" \/>\n<meta name=\"author\" content=\"admin\" \/>\n<meta name=\"twitter:label1\" content=\"Written by\" \/>\n\t<meta name=\"twitter:data1\" content=\"admin\" \/>\n\t<meta name=\"twitter:label2\" content=\"Est. reading time\" \/>\n\t<meta name=\"twitter:data2\" content=\"2 minutes\" \/>\n<script type=\"application\/ld+json\" class=\"yoast-schema-graph\">{\"@context\":\"https:\/\/schema.org\",\"@graph\":[{\"@type\":\"Article\",\"@id\":\"https:\/\/epeka.si\/en\/konferenca-o-radikalizaciji-in-ekstremizmu\/#article\",\"isPartOf\":{\"@id\":\"https:\/\/epeka.si\/en\/konferenca-o-radikalizaciji-in-ekstremizmu\/\"},\"author\":{\"name\":\"admin\",\"@id\":\"https:\/\/epeka.si\/en\/#\/schema\/person\/6301dbac88ef7aff5584d50e991f4347\"},\"headline\":\"Conference: Radicalization and extremism\",\"datePublished\":\"2021-03-11T16:39:35+00:00\",\"dateModified\":\"2023-12-08T18:56:08+00:00\",\"mainEntityOfPage\":{\"@id\":\"https:\/\/epeka.si\/en\/konferenca-o-radikalizaciji-in-ekstremizmu\/\"},\"wordCount\":240,\"image\":{\"@id\":\"https:\/\/epeka.si\/en\/konferenca-o-radikalizaciji-in-ekstremizmu\/#primaryimage\"},\"thumbnailUrl\":\"https:\/\/epeka.si\/wp-content\/uploads\/2021\/03\/161724318_158923792745266_5599937813571419039_n.jpg\",\"articleSection\":[\"Education\"],\"inLanguage\":\"en-US\"},{\"@type\":\"WebPage\",\"@id\":\"https:\/\/epeka.si\/en\/konferenca-o-radikalizaciji-in-ekstremizmu\/\",\"url\":\"https:\/\/epeka.si\/en\/konferenca-o-radikalizaciji-in-ekstremizmu\/\",\"name\":\"Conference: Radicalization and extremism - EPEKA\",\"isPartOf\":{\"@id\":\"https:\/\/epeka.si\/en\/#website\"},\"primaryImageOfPage\":{\"@id\":\"https:\/\/epeka.si\/en\/konferenca-o-radikalizaciji-in-ekstremizmu\/#primaryimage\"},\"image\":{\"@id\":\"https:\/\/epeka.si\/en\/konferenca-o-radikalizaciji-in-ekstremizmu\/#primaryimage\"},\"thumbnailUrl\":\"https:\/\/epeka.si\/wp-content\/uploads\/2021\/03\/161724318_158923792745266_5599937813571419039_n.jpg\",\"datePublished\":\"2021-03-11T16:39:35+00:00\",\"dateModified\":\"2023-12-08T18:56:08+00:00\",\"author\":{\"@id\":\"https:\/\/epeka.si\/en\/#\/schema\/person\/6301dbac88ef7aff5584d50e991f4347\"},\"breadcrumb\":{\"@id\":\"https:\/\/epeka.si\/en\/konferenca-o-radikalizaciji-in-ekstremizmu\/#breadcrumb\"},\"inLanguage\":\"en-US\",\"potentialAction\":[{\"@type\":\"ReadAction\",\"target\":[\"https:\/\/epeka.si\/en\/konferenca-o-radikalizaciji-in-ekstremizmu\/\"]}]},{\"@type\":\"ImageObject\",\"inLanguage\":\"en-US\",\"@id\":\"https:\/\/epeka.si\/en\/konferenca-o-radikalizaciji-in-ekstremizmu\/#primaryimage\",\"url\":\"https:\/\/epeka.si\/wp-content\/uploads\/2021\/03\/161724318_158923792745266_5599937813571419039_n.jpg\",\"contentUrl\":\"https:\/\/epeka.si\/wp-content\/uploads\/2021\/03\/161724318_158923792745266_5599937813571419039_n.jpg\",\"width\":900,\"height\":473},{\"@type\":\"BreadcrumbList\",\"@id\":\"https:\/\/epeka.si\/en\/konferenca-o-radikalizaciji-in-ekstremizmu\/#breadcrumb\",\"itemListElement\":[{\"@type\":\"ListItem\",\"position\":1,\"name\":\"Home\",\"item\":\"https:\/\/epeka.si\/\"},{\"@type\":\"ListItem\",\"position\":2,\"name\":\"Conference: Radicalization and extremism\"}]},{\"@type\":\"WebSite\",\"@id\":\"https:\/\/epeka.si\/en\/#website\",\"url\":\"https:\/\/epeka.si\/en\/\",\"name\":\"EPEKA\",\"description\":\"\",\"potentialAction\":[{\"@type\":\"SearchAction\",\"target\":{\"@type\":\"EntryPoint\",\"urlTemplate\":\"https:\/\/epeka.si\/en\/?s={search_term_string}\"},\"query-input\":{\"@type\":\"PropertyValueSpecification\",\"valueRequired\":true,\"valueName\":\"search_term_string\"}}],\"inLanguage\":\"en-US\"},{\"@type\":\"Person\",\"@id\":\"https:\/\/epeka.si\/en\/#\/schema\/person\/6301dbac88ef7aff5584d50e991f4347\",\"name\":\"admin\",\"url\":\"https:\/\/epeka.si\/en\/author\/admin\/\"}]}<\/script>\n<!-- \/ Yoast SEO plugin. -->","yoast_head_json":{"title":"Conference: Radicalization and extremism - EPEKA","robots":{"index":"index","follow":"follow","max-snippet":"max-snippet:-1","max-image-preview":"max-image-preview:large","max-video-preview":"max-video-preview:-1"},"canonical":"https:\/\/epeka.si\/en\/konferenca-o-radikalizaciji-in-ekstremizmu\/","og_locale":"en_US","og_type":"article","og_title":"Conference: Radicalization and extremism - EPEKA","og_description":"11 March, 2021 Online The persistent threat of radicalization and violent extremism highlights the vulnerability of our society today to the challenges of intolerance, hatred and fear.","og_url":"https:\/\/epeka.si\/en\/konferenca-o-radikalizaciji-in-ekstremizmu\/","og_site_name":"EPEKA","article_published_time":"2021-03-11T16:39:35+00:00","article_modified_time":"2023-12-08T18:56:08+00:00","og_image":[{"width":900,"height":473,"url":"https:\/\/epeka.si\/wp-content\/uploads\/2021\/03\/161724318_158923792745266_5599937813571419039_n.jpg","type":"image\/jpeg"}],"author":"admin","twitter_misc":{"Written by":"admin","Est. reading time":"2 minutes"},"schema":{"@context":"https:\/\/schema.org","@graph":[{"@type":"Article","@id":"https:\/\/epeka.si\/en\/konferenca-o-radikalizaciji-in-ekstremizmu\/#article","isPartOf":{"@id":"https:\/\/epeka.si\/en\/konferenca-o-radikalizaciji-in-ekstremizmu\/"},"author":{"name":"admin","@id":"https:\/\/epeka.si\/en\/#\/schema\/person\/6301dbac88ef7aff5584d50e991f4347"},"headline":"Conference: Radicalization and extremism","datePublished":"2021-03-11T16:39:35+00:00","dateModified":"2023-12-08T18:56:08+00:00","mainEntityOfPage":{"@id":"https:\/\/epeka.si\/en\/konferenca-o-radikalizaciji-in-ekstremizmu\/"},"wordCount":240,"image":{"@id":"https:\/\/epeka.si\/en\/konferenca-o-radikalizaciji-in-ekstremizmu\/#primaryimage"},"thumbnailUrl":"https:\/\/epeka.si\/wp-content\/uploads\/2021\/03\/161724318_158923792745266_5599937813571419039_n.jpg","articleSection":["Education"],"inLanguage":"en-US"},{"@type":"WebPage","@id":"https:\/\/epeka.si\/en\/konferenca-o-radikalizaciji-in-ekstremizmu\/","url":"https:\/\/epeka.si\/en\/konferenca-o-radikalizaciji-in-ekstremizmu\/","name":"Conference: Radicalization and extremism - EPEKA","isPartOf":{"@id":"https:\/\/epeka.si\/en\/#website"},"primaryImageOfPage":{"@id":"https:\/\/epeka.si\/en\/konferenca-o-radikalizaciji-in-ekstremizmu\/#primaryimage"},"image":{"@id":"https:\/\/epeka.si\/en\/konferenca-o-radikalizaciji-in-ekstremizmu\/#primaryimage"},"thumbnailUrl":"https:\/\/epeka.si\/wp-content\/uploads\/2021\/03\/161724318_158923792745266_5599937813571419039_n.jpg","datePublished":"2021-03-11T16:39:35+00:00","dateModified":"2023-12-08T18:56:08+00:00","author":{"@id":"https:\/\/epeka.si\/en\/#\/schema\/person\/6301dbac88ef7aff5584d50e991f4347"},"breadcrumb":{"@id":"https:\/\/epeka.si\/en\/konferenca-o-radikalizaciji-in-ekstremizmu\/#breadcrumb"},"inLanguage":"en-US","potentialAction":[{"@type":"ReadAction","target":["https:\/\/epeka.si\/en\/konferenca-o-radikalizaciji-in-ekstremizmu\/"]}]},{"@type":"ImageObject","inLanguage":"en-US","@id":"https:\/\/epeka.si\/en\/konferenca-o-radikalizaciji-in-ekstremizmu\/#primaryimage","url":"https:\/\/epeka.si\/wp-content\/uploads\/2021\/03\/161724318_158923792745266_5599937813571419039_n.jpg","contentUrl":"https:\/\/epeka.si\/wp-content\/uploads\/2021\/03\/161724318_158923792745266_5599937813571419039_n.jpg","width":900,"height":473},{"@type":"BreadcrumbList","@id":"https:\/\/epeka.si\/en\/konferenca-o-radikalizaciji-in-ekstremizmu\/#breadcrumb","itemListElement":[{"@type":"ListItem","position":1,"name":"Home","item":"https:\/\/epeka.si\/"},{"@type":"ListItem","position":2,"name":"Conference: Radicalization and extremism"}]},{"@type":"WebSite","@id":"https:\/\/epeka.si\/en\/#website","url":"https:\/\/epeka.si\/en\/","name":"EPEKA","description":"","potentialAction":[{"@type":"SearchAction","target":{"@type":"EntryPoint","urlTemplate":"https:\/\/epeka.si\/en\/?s={search_term_string}"},"query-input":{"@type":"PropertyValueSpecification","valueRequired":true,"valueName":"search_term_string"}}],"inLanguage":"en-US"},{"@type":"Person","@id":"https:\/\/epeka.si\/en\/#\/schema\/person\/6301dbac88ef7aff5584d50e991f4347","name":"admin","url":"https:\/\/epeka.si\/en\/author\/admin\/"}]}},"rttpg_featured_image_url":{"full":["https:\/\/epeka.si\/wp-content\/uploads\/2021\/03\/161724318_158923792745266_5599937813571419039_n.jpg",900,473,false],"landscape":["https:\/\/epeka.si\/wp-content\/uploads\/2021\/03\/161724318_158923792745266_5599937813571419039_n.jpg",900,473,false],"portraits":["https:\/\/epeka.si\/wp-content\/uploads\/2021\/03\/161724318_158923792745266_5599937813571419039_n.jpg",900,473,false],"thumbnail":["https:\/\/epeka.si\/wp-content\/uploads\/2021\/03\/161724318_158923792745266_5599937813571419039_n.jpg",150,79,false],"medium":["https:\/\/epeka.si\/wp-content\/uploads\/2021\/03\/161724318_158923792745266_5599937813571419039_n.jpg",300,158,false],"large":["https:\/\/epeka.si\/wp-content\/uploads\/2021\/03\/161724318_158923792745266_5599937813571419039_n.jpg",900,473,false],"1536x1536":["https:\/\/epeka.si\/wp-content\/uploads\/2021\/03\/161724318_158923792745266_5599937813571419039_n.jpg",900,473,false],"2048x2048":["https:\/\/epeka.si\/wp-content\/uploads\/2021\/03\/161724318_158923792745266_5599937813571419039_n.jpg",900,473,false],"tinyfeatured":["https:\/\/epeka.si\/wp-content\/uploads\/2021\/03\/161724318_158923792745266_5599937813571419039_n.jpg",75,39,false],"gallery":["https:\/\/epeka.si\/wp-content\/uploads\/2021\/03\/161724318_158923792745266_5599937813571419039_n.jpg",426,224,false],"fullslideshow":["https:\/\/epeka.si\/wp-content\/uploads\/2021\/03\/161724318_158923792745266_5599937813571419039_n.jpg",900,473,false],"fullslideshownc":["https:\/\/epeka.si\/wp-content\/uploads\/2021\/03\/161724318_158923792745266_5599937813571419039_n.jpg",900,473,false],"contentslideshow":["https:\/\/epeka.si\/wp-content\/uploads\/2021\/03\/161724318_158923792745266_5599937813571419039_n.jpg",740,389,false],"contentslideshownc":["https:\/\/epeka.si\/wp-content\/uploads\/2021\/03\/161724318_158923792745266_5599937813571419039_n.jpg",740,389,false],"regular":["https:\/\/epeka.si\/wp-content\/uploads\/2021\/03\/161724318_158923792745266_5599937813571419039_n.jpg",525,276,false],"half":["https:\/\/epeka.si\/wp-content\/uploads\/2021\/03\/161724318_158923792745266_5599937813571419039_n.jpg",410,215,false],"big":["https:\/\/epeka.si\/wp-content\/uploads\/2021\/03\/161724318_158923792745266_5599937813571419039_n.jpg",790,415,false],"related":["https:\/\/epeka.si\/wp-content\/uploads\/2021\/03\/161724318_158923792745266_5599937813571419039_n.jpg",525,276,false],"psacp-medium":["https:\/\/epeka.si\/wp-content\/uploads\/2021\/03\/161724318_158923792745266_5599937813571419039_n.jpg",500,263,false],"woocommerce_thumbnail":["https:\/\/epeka.si\/wp-content\/uploads\/2021\/03\/161724318_158923792745266_5599937813571419039_n-300x300.jpg",300,300,true],"woocommerce_single":["https:\/\/epeka.si\/wp-content\/uploads\/2021\/03\/161724318_158923792745266_5599937813571419039_n-600x315.jpg",600,315,true],"woocommerce_gallery_thumbnail":["https:\/\/epeka.si\/wp-content\/uploads\/2021\/03\/161724318_158923792745266_5599937813571419039_n-100x100.jpg",100,100,true]},"rttpg_author":{"display_name":"admin","author_link":"https:\/\/epeka.si\/en\/author\/admin\/"},"rttpg_comment":0,"rttpg_category":"<a href=\"https:\/\/epeka.si\/en\/category\/izobrazevanje-en\/\" rel=\"category tag\">Education<\/a>","rttpg_excerpt":"11 March, 2021 Online The persistent threat of radicalization and violent extremism highlights the vulnerability of our society today to the challenges of intolerance, hatred and fear.","_links":{"self":[{"href":"https:\/\/epeka.si\/en\/wp-json\/wp\/v2\/posts\/17174","targetHints":{"allow":["GET"]}}],"collection":[{"href":"https:\/\/epeka.si\/en\/wp-json\/wp\/v2\/posts"}],"about":[{"href":"https:\/\/epeka.si\/en\/wp-json\/wp\/v2\/types\/post"}],"author":[{"embeddable":true,"href":"https:\/\/epeka.si\/en\/wp-json\/wp\/v2\/users\/13"}],"replies":[{"embeddable":true,"href":"https:\/\/epeka.si\/en\/wp-json\/wp\/v2\/comments?post=17174"}],"version-history":[{"count":12,"href":"https:\/\/epeka.si\/en\/wp-json\/wp\/v2\/posts\/17174\/revisions"}],"predecessor-version":[{"id":48546,"href":"https:\/\/epeka.si\/en\/wp-json\/wp\/v2\/posts\/17174\/revisions\/48546"}],"wp:featuredmedia":[{"embeddable":true,"href":"https:\/\/epeka.si\/en\/wp-json\/wp\/v2\/media\/17165"}],"wp:attachment":[{"href":"https:\/\/epeka.si\/en\/wp-json\/wp\/v2\/media?parent=17174"}],"wp:term":[{"taxonomy":"category","embeddable":true,"href":"https:\/\/epeka.si\/en\/wp-json\/wp\/v2\/categories?post=17174"},{"taxonomy":"post_tag","embeddable":true,"href":"https:\/\/epeka.si\/en\/wp-json\/wp\/v2\/tags?post=17174"}],"curies":[{"name":"wp","href":"https:\/\/api.w.org\/{rel}","templated":true}]}}