{"id":17292,"date":"2021-03-17T09:12:08","date_gmt":"2021-03-17T09:12:08","guid":{"rendered":"https:\/\/epeka.si\/?p=17292"},"modified":"2023-12-08T11:15:06","modified_gmt":"2023-12-08T11:15:06","slug":"webinar-razvijanje-kompetenc-strokovnjakov-delovnega-ucenja","status":"publish","type":"post","link":"https:\/\/epeka.si\/en\/webinar-razvijanje-kompetenc-strokovnjakov-delovnega-ucenja\/","title":{"rendered":"Webinar: Competence development of work-based learning professionals"},"content":{"rendered":"<h3 style=\"text-align: justify;\">17 March, 2021<br \/>\nOnline<\/h3>\n<p style=\"text-align: justify;\">President of the Association EPEKA, Soc. Ent., \u0160tefan Simon\u010di\u010d, attended a webinar on the topic of developing the competencies of work-based learning professionals. <!--more--><\/p>\n<p style=\"text-align: justify;\">At the event, experts presented the specifics of different roles in the most established work-based learning systems in the EU and referred to the ASEAN region, where it is standard for companies to have in-house job-learning professionals. In an interactive conversation with the participants, the audience was also introduced to a valuable example of Latvia, a new country using work-based learning.<\/p>\n<p style=\"text-align: justify;\"><em>The Association EPEKA, Soc. Ent., is supported by:<\/em><\/p>\n<p style=\"text-align: justify;\">\n","protected":false},"excerpt":{"rendered":"<p>17 March, 2021 Online <\/p>\n<p style=\"text-align: justify;\">President of the Association EPEKA, Soc. Ent., \u0160tefan Simon\u010di\u010d, attended a webinar on the topic of developing the competencies of work-based learning professionals. <\/p>\n","protected":false},"author":13,"featured_media":17216,"comment_status":"closed","ping_status":"open","sticky":false,"template":"","format":"standard","meta":{"_acf_changed":false,"_monsterinsights_skip_tracking":false,"_monsterinsights_sitenote_active":false,"_monsterinsights_sitenote_note":"","_monsterinsights_sitenote_category":0,"footnotes":""},"categories":[51],"tags":[],"class_list":["post-17292","post","type-post","status-publish","format-standard","has-post-thumbnail","hentry","category-izobrazevanje-en"],"acf":[],"yoast_head":"<!-- This site is optimized with the Yoast SEO plugin v26.9 - https:\/\/yoast.com\/product\/yoast-seo-wordpress\/ -->\n<title>Webinar: Competence development of work-based learning professionals - EPEKA<\/title>\n<meta name=\"robots\" content=\"index, follow, max-snippet:-1, max-image-preview:large, max-video-preview:-1\" \/>\n<link rel=\"canonical\" href=\"https:\/\/epeka.si\/en\/webinar-razvijanje-kompetenc-strokovnjakov-delovnega-ucenja\/\" \/>\n<meta property=\"og:locale\" content=\"en_US\" \/>\n<meta property=\"og:type\" content=\"article\" \/>\n<meta property=\"og:title\" content=\"Webinar: Competence development of work-based learning professionals - EPEKA\" \/>\n<meta property=\"og:description\" content=\"17 March, 2021 Online President of the Association EPEKA, Soc. Ent., \u0160tefan Simon\u010di\u010d, attended a webinar on the topic of developing the competencies of work-based learning professionals.\" \/>\n<meta property=\"og:url\" content=\"https:\/\/epeka.si\/en\/webinar-razvijanje-kompetenc-strokovnjakov-delovnega-ucenja\/\" \/>\n<meta property=\"og:site_name\" content=\"EPEKA\" \/>\n<meta property=\"article:published_time\" content=\"2021-03-17T09:12:08+00:00\" \/>\n<meta property=\"article:modified_time\" content=\"2023-12-08T11:15:06+00:00\" \/>\n<meta property=\"og:image\" content=\"https:\/\/epeka.si\/wp-content\/uploads\/2021\/03\/pexels-judit-peter-1766604.jpg\" \/>\n\t<meta property=\"og:image:width\" content=\"4256\" \/>\n\t<meta property=\"og:image:height\" content=\"2848\" \/>\n\t<meta property=\"og:image:type\" content=\"image\/jpeg\" \/>\n<meta name=\"author\" content=\"admin\" \/>\n<meta name=\"twitter:label1\" content=\"Written by\" \/>\n\t<meta name=\"twitter:data1\" content=\"admin\" \/>\n\t<meta name=\"twitter:label2\" content=\"Est. reading time\" \/>\n\t<meta name=\"twitter:data2\" content=\"1 minute\" \/>\n<script type=\"application\/ld+json\" class=\"yoast-schema-graph\">{\"@context\":\"https:\/\/schema.org\",\"@graph\":[{\"@type\":\"Article\",\"@id\":\"https:\/\/epeka.si\/en\/webinar-razvijanje-kompetenc-strokovnjakov-delovnega-ucenja\/#article\",\"isPartOf\":{\"@id\":\"https:\/\/epeka.si\/en\/webinar-razvijanje-kompetenc-strokovnjakov-delovnega-ucenja\/\"},\"author\":{\"name\":\"admin\",\"@id\":\"https:\/\/epeka.si\/en\/#\/schema\/person\/6301dbac88ef7aff5584d50e991f4347\"},\"headline\":\"Webinar: Competence development of work-based learning professionals\",\"datePublished\":\"2021-03-17T09:12:08+00:00\",\"dateModified\":\"2023-12-08T11:15:06+00:00\",\"mainEntityOfPage\":{\"@id\":\"https:\/\/epeka.si\/en\/webinar-razvijanje-kompetenc-strokovnjakov-delovnega-ucenja\/\"},\"wordCount\":102,\"image\":{\"@id\":\"https:\/\/epeka.si\/en\/webinar-razvijanje-kompetenc-strokovnjakov-delovnega-ucenja\/#primaryimage\"},\"thumbnailUrl\":\"https:\/\/epeka.si\/wp-content\/uploads\/2021\/03\/pexels-judit-peter-1766604.jpg\",\"articleSection\":[\"Education\"],\"inLanguage\":\"en-US\"},{\"@type\":\"WebPage\",\"@id\":\"https:\/\/epeka.si\/en\/webinar-razvijanje-kompetenc-strokovnjakov-delovnega-ucenja\/\",\"url\":\"https:\/\/epeka.si\/en\/webinar-razvijanje-kompetenc-strokovnjakov-delovnega-ucenja\/\",\"name\":\"Webinar: Competence development of work-based learning professionals - EPEKA\",\"isPartOf\":{\"@id\":\"https:\/\/epeka.si\/en\/#website\"},\"primaryImageOfPage\":{\"@id\":\"https:\/\/epeka.si\/en\/webinar-razvijanje-kompetenc-strokovnjakov-delovnega-ucenja\/#primaryimage\"},\"image\":{\"@id\":\"https:\/\/epeka.si\/en\/webinar-razvijanje-kompetenc-strokovnjakov-delovnega-ucenja\/#primaryimage\"},\"thumbnailUrl\":\"https:\/\/epeka.si\/wp-content\/uploads\/2021\/03\/pexels-judit-peter-1766604.jpg\",\"datePublished\":\"2021-03-17T09:12:08+00:00\",\"dateModified\":\"2023-12-08T11:15:06+00:00\",\"author\":{\"@id\":\"https:\/\/epeka.si\/en\/#\/schema\/person\/6301dbac88ef7aff5584d50e991f4347\"},\"breadcrumb\":{\"@id\":\"https:\/\/epeka.si\/en\/webinar-razvijanje-kompetenc-strokovnjakov-delovnega-ucenja\/#breadcrumb\"},\"inLanguage\":\"en-US\",\"potentialAction\":[{\"@type\":\"ReadAction\",\"target\":[\"https:\/\/epeka.si\/en\/webinar-razvijanje-kompetenc-strokovnjakov-delovnega-ucenja\/\"]}]},{\"@type\":\"ImageObject\",\"inLanguage\":\"en-US\",\"@id\":\"https:\/\/epeka.si\/en\/webinar-razvijanje-kompetenc-strokovnjakov-delovnega-ucenja\/#primaryimage\",\"url\":\"https:\/\/epeka.si\/wp-content\/uploads\/2021\/03\/pexels-judit-peter-1766604.jpg\",\"contentUrl\":\"https:\/\/epeka.si\/wp-content\/uploads\/2021\/03\/pexels-judit-peter-1766604.jpg\",\"width\":4256,\"height\":2848},{\"@type\":\"BreadcrumbList\",\"@id\":\"https:\/\/epeka.si\/en\/webinar-razvijanje-kompetenc-strokovnjakov-delovnega-ucenja\/#breadcrumb\",\"itemListElement\":[{\"@type\":\"ListItem\",\"position\":1,\"name\":\"Home\",\"item\":\"https:\/\/epeka.si\/\"},{\"@type\":\"ListItem\",\"position\":2,\"name\":\"Webinar: Competence development of work-based learning professionals\"}]},{\"@type\":\"WebSite\",\"@id\":\"https:\/\/epeka.si\/en\/#website\",\"url\":\"https:\/\/epeka.si\/en\/\",\"name\":\"EPEKA\",\"description\":\"\",\"potentialAction\":[{\"@type\":\"SearchAction\",\"target\":{\"@type\":\"EntryPoint\",\"urlTemplate\":\"https:\/\/epeka.si\/en\/?s={search_term_string}\"},\"query-input\":{\"@type\":\"PropertyValueSpecification\",\"valueRequired\":true,\"valueName\":\"search_term_string\"}}],\"inLanguage\":\"en-US\"},{\"@type\":\"Person\",\"@id\":\"https:\/\/epeka.si\/en\/#\/schema\/person\/6301dbac88ef7aff5584d50e991f4347\",\"name\":\"admin\",\"url\":\"https:\/\/epeka.si\/en\/author\/admin\/\"}]}<\/script>\n<!-- \/ Yoast SEO plugin. -->","yoast_head_json":{"title":"Webinar: Competence development of work-based learning professionals - EPEKA","robots":{"index":"index","follow":"follow","max-snippet":"max-snippet:-1","max-image-preview":"max-image-preview:large","max-video-preview":"max-video-preview:-1"},"canonical":"https:\/\/epeka.si\/en\/webinar-razvijanje-kompetenc-strokovnjakov-delovnega-ucenja\/","og_locale":"en_US","og_type":"article","og_title":"Webinar: Competence development of work-based learning professionals - EPEKA","og_description":"17 March, 2021 Online President of the Association EPEKA, Soc. Ent., \u0160tefan Simon\u010di\u010d, attended a webinar on the topic of developing the competencies of work-based learning professionals.","og_url":"https:\/\/epeka.si\/en\/webinar-razvijanje-kompetenc-strokovnjakov-delovnega-ucenja\/","og_site_name":"EPEKA","article_published_time":"2021-03-17T09:12:08+00:00","article_modified_time":"2023-12-08T11:15:06+00:00","og_image":[{"width":4256,"height":2848,"url":"https:\/\/epeka.si\/wp-content\/uploads\/2021\/03\/pexels-judit-peter-1766604.jpg","type":"image\/jpeg"}],"author":"admin","twitter_misc":{"Written by":"admin","Est. reading time":"1 minute"},"schema":{"@context":"https:\/\/schema.org","@graph":[{"@type":"Article","@id":"https:\/\/epeka.si\/en\/webinar-razvijanje-kompetenc-strokovnjakov-delovnega-ucenja\/#article","isPartOf":{"@id":"https:\/\/epeka.si\/en\/webinar-razvijanje-kompetenc-strokovnjakov-delovnega-ucenja\/"},"author":{"name":"admin","@id":"https:\/\/epeka.si\/en\/#\/schema\/person\/6301dbac88ef7aff5584d50e991f4347"},"headline":"Webinar: Competence development of work-based learning professionals","datePublished":"2021-03-17T09:12:08+00:00","dateModified":"2023-12-08T11:15:06+00:00","mainEntityOfPage":{"@id":"https:\/\/epeka.si\/en\/webinar-razvijanje-kompetenc-strokovnjakov-delovnega-ucenja\/"},"wordCount":102,"image":{"@id":"https:\/\/epeka.si\/en\/webinar-razvijanje-kompetenc-strokovnjakov-delovnega-ucenja\/#primaryimage"},"thumbnailUrl":"https:\/\/epeka.si\/wp-content\/uploads\/2021\/03\/pexels-judit-peter-1766604.jpg","articleSection":["Education"],"inLanguage":"en-US"},{"@type":"WebPage","@id":"https:\/\/epeka.si\/en\/webinar-razvijanje-kompetenc-strokovnjakov-delovnega-ucenja\/","url":"https:\/\/epeka.si\/en\/webinar-razvijanje-kompetenc-strokovnjakov-delovnega-ucenja\/","name":"Webinar: Competence development of work-based learning professionals - EPEKA","isPartOf":{"@id":"https:\/\/epeka.si\/en\/#website"},"primaryImageOfPage":{"@id":"https:\/\/epeka.si\/en\/webinar-razvijanje-kompetenc-strokovnjakov-delovnega-ucenja\/#primaryimage"},"image":{"@id":"https:\/\/epeka.si\/en\/webinar-razvijanje-kompetenc-strokovnjakov-delovnega-ucenja\/#primaryimage"},"thumbnailUrl":"https:\/\/epeka.si\/wp-content\/uploads\/2021\/03\/pexels-judit-peter-1766604.jpg","datePublished":"2021-03-17T09:12:08+00:00","dateModified":"2023-12-08T11:15:06+00:00","author":{"@id":"https:\/\/epeka.si\/en\/#\/schema\/person\/6301dbac88ef7aff5584d50e991f4347"},"breadcrumb":{"@id":"https:\/\/epeka.si\/en\/webinar-razvijanje-kompetenc-strokovnjakov-delovnega-ucenja\/#breadcrumb"},"inLanguage":"en-US","potentialAction":[{"@type":"ReadAction","target":["https:\/\/epeka.si\/en\/webinar-razvijanje-kompetenc-strokovnjakov-delovnega-ucenja\/"]}]},{"@type":"ImageObject","inLanguage":"en-US","@id":"https:\/\/epeka.si\/en\/webinar-razvijanje-kompetenc-strokovnjakov-delovnega-ucenja\/#primaryimage","url":"https:\/\/epeka.si\/wp-content\/uploads\/2021\/03\/pexels-judit-peter-1766604.jpg","contentUrl":"https:\/\/epeka.si\/wp-content\/uploads\/2021\/03\/pexels-judit-peter-1766604.jpg","width":4256,"height":2848},{"@type":"BreadcrumbList","@id":"https:\/\/epeka.si\/en\/webinar-razvijanje-kompetenc-strokovnjakov-delovnega-ucenja\/#breadcrumb","itemListElement":[{"@type":"ListItem","position":1,"name":"Home","item":"https:\/\/epeka.si\/"},{"@type":"ListItem","position":2,"name":"Webinar: Competence development of work-based learning professionals"}]},{"@type":"WebSite","@id":"https:\/\/epeka.si\/en\/#website","url":"https:\/\/epeka.si\/en\/","name":"EPEKA","description":"","potentialAction":[{"@type":"SearchAction","target":{"@type":"EntryPoint","urlTemplate":"https:\/\/epeka.si\/en\/?s={search_term_string}"},"query-input":{"@type":"PropertyValueSpecification","valueRequired":true,"valueName":"search_term_string"}}],"inLanguage":"en-US"},{"@type":"Person","@id":"https:\/\/epeka.si\/en\/#\/schema\/person\/6301dbac88ef7aff5584d50e991f4347","name":"admin","url":"https:\/\/epeka.si\/en\/author\/admin\/"}]}},"rttpg_featured_image_url":{"full":["https:\/\/epeka.si\/wp-content\/uploads\/2021\/03\/pexels-judit-peter-1766604.jpg",4256,2848,false],"landscape":["https:\/\/epeka.si\/wp-content\/uploads\/2021\/03\/pexels-judit-peter-1766604.jpg",4256,2848,false],"portraits":["https:\/\/epeka.si\/wp-content\/uploads\/2021\/03\/pexels-judit-peter-1766604.jpg",4256,2848,false],"thumbnail":["https:\/\/epeka.si\/wp-content\/uploads\/2021\/03\/pexels-judit-peter-1766604.jpg",150,100,false],"medium":["https:\/\/epeka.si\/wp-content\/uploads\/2021\/03\/pexels-judit-peter-1766604.jpg",300,201,false],"large":["https:\/\/epeka.si\/wp-content\/uploads\/2021\/03\/pexels-judit-peter-1766604.jpg",1024,685,false],"1536x1536":["https:\/\/epeka.si\/wp-content\/uploads\/2021\/03\/pexels-judit-peter-1766604.jpg",1536,1028,false],"2048x2048":["https:\/\/epeka.si\/wp-content\/uploads\/2021\/03\/pexels-judit-peter-1766604.jpg",2048,1370,false],"tinyfeatured":["https:\/\/epeka.si\/wp-content\/uploads\/2021\/03\/pexels-judit-peter-1766604.jpg",75,50,false],"gallery":["https:\/\/epeka.si\/wp-content\/uploads\/2021\/03\/pexels-judit-peter-1766604.jpg",426,285,false],"fullslideshow":["https:\/\/epeka.si\/wp-content\/uploads\/2021\/03\/pexels-judit-peter-1766604.jpg",822,550,false],"fullslideshownc":["https:\/\/epeka.si\/wp-content\/uploads\/2021\/03\/pexels-judit-peter-1766604.jpg",1500,1004,false],"contentslideshow":["https:\/\/epeka.si\/wp-content\/uploads\/2021\/03\/pexels-judit-peter-1766604.jpg",598,400,false],"contentslideshownc":["https:\/\/epeka.si\/wp-content\/uploads\/2021\/03\/pexels-judit-peter-1766604.jpg",740,495,false],"regular":["https:\/\/epeka.si\/wp-content\/uploads\/2021\/03\/pexels-judit-peter-1766604.jpg",448,300,false],"half":["https:\/\/epeka.si\/wp-content\/uploads\/2021\/03\/pexels-judit-peter-1766604.jpg",410,274,false],"big":["https:\/\/epeka.si\/wp-content\/uploads\/2021\/03\/pexels-judit-peter-1766604.jpg",635,425,false],"related":["https:\/\/epeka.si\/wp-content\/uploads\/2021\/03\/pexels-judit-peter-1766604.jpg",525,351,false],"psacp-medium":["https:\/\/epeka.si\/wp-content\/uploads\/2021\/03\/pexels-judit-peter-1766604.jpg",500,335,false],"woocommerce_thumbnail":["https:\/\/epeka.si\/wp-content\/uploads\/2021\/03\/pexels-judit-peter-1766604-300x300.jpg",300,300,true],"woocommerce_single":["https:\/\/epeka.si\/wp-content\/uploads\/2021\/03\/pexels-judit-peter-1766604-600x402.jpg",600,402,true],"woocommerce_gallery_thumbnail":["https:\/\/epeka.si\/wp-content\/uploads\/2021\/03\/pexels-judit-peter-1766604-100x100.jpg",100,100,true]},"rttpg_author":{"display_name":"admin","author_link":"https:\/\/epeka.si\/en\/author\/admin\/"},"rttpg_comment":0,"rttpg_category":"<a href=\"https:\/\/epeka.si\/en\/category\/izobrazevanje-en\/\" rel=\"category tag\">Education<\/a>","rttpg_excerpt":"17 March, 2021 Online President of the Association EPEKA, Soc. Ent., \u0160tefan Simon\u010di\u010d, attended a webinar on the topic of developing the competencies of work-based learning professionals.","_links":{"self":[{"href":"https:\/\/epeka.si\/en\/wp-json\/wp\/v2\/posts\/17292","targetHints":{"allow":["GET"]}}],"collection":[{"href":"https:\/\/epeka.si\/en\/wp-json\/wp\/v2\/posts"}],"about":[{"href":"https:\/\/epeka.si\/en\/wp-json\/wp\/v2\/types\/post"}],"author":[{"embeddable":true,"href":"https:\/\/epeka.si\/en\/wp-json\/wp\/v2\/users\/13"}],"replies":[{"embeddable":true,"href":"https:\/\/epeka.si\/en\/wp-json\/wp\/v2\/comments?post=17292"}],"version-history":[{"count":14,"href":"https:\/\/epeka.si\/en\/wp-json\/wp\/v2\/posts\/17292\/revisions"}],"predecessor-version":[{"id":48527,"href":"https:\/\/epeka.si\/en\/wp-json\/wp\/v2\/posts\/17292\/revisions\/48527"}],"wp:featuredmedia":[{"embeddable":true,"href":"https:\/\/epeka.si\/en\/wp-json\/wp\/v2\/media\/17216"}],"wp:attachment":[{"href":"https:\/\/epeka.si\/en\/wp-json\/wp\/v2\/media?parent=17292"}],"wp:term":[{"taxonomy":"category","embeddable":true,"href":"https:\/\/epeka.si\/en\/wp-json\/wp\/v2\/categories?post=17292"},{"taxonomy":"post_tag","embeddable":true,"href":"https:\/\/epeka.si\/en\/wp-json\/wp\/v2\/tags?post=17292"}],"curies":[{"name":"wp","href":"https:\/\/api.w.org\/{rel}","templated":true}]}}