{"id":18747,"date":"2021-09-06T10:55:24","date_gmt":"2021-09-06T10:55:24","guid":{"rendered":"https:\/\/epeka.si\/?p=18747"},"modified":"2023-11-20T17:32:43","modified_gmt":"2023-11-20T17:32:43","slug":"14-evropska-platforma-za-inkluzijo-romov","status":"publish","type":"post","link":"https:\/\/epeka.si\/en\/14-evropska-platforma-za-inkluzijo-romov\/","title":{"rendered":"14th European Platform for Roma Inclusion"},"content":{"rendered":"<h3 style=\"text-align: justify;\">20 September, 2021<br \/>\nOnline<\/h3>\n<p style=\"text-align: justify;\">\u0160tefan Simon\u010di\u010d, the president of the Association EPEKA, Soc. Ent., attended the 14th Platform for Roma inclusion.<!--more--><\/p>\n<p style=\"text-align: justify;\">The European Platform for Roma Inclusion (&#8220;EPRI&#8221;) brought together national governments, the EU, international organizations, and Roma civil society. It aimed to stimulate cooperation and exchange of experience on successful Roma inclusion. This year, the platform was held online.<\/p>\n<hr \/>\n<p style=\"text-align: justify;\"><em>The Association EPEKA, Soc. Ent., is supported by:<\/em><\/p>\n","protected":false},"excerpt":{"rendered":"<p>20 September, 2021 Online <\/p>\n<p style=\"text-align: justify;\">\u0160tefan Simon\u010di\u010d, the president of the Association EPEKA, Soc. Ent., attended the 14th Platform for Roma inclusion.<\/p>\n","protected":false},"author":13,"featured_media":18773,"comment_status":"closed","ping_status":"open","sticky":false,"template":"","format":"standard","meta":{"_acf_changed":false,"_monsterinsights_skip_tracking":false,"_monsterinsights_sitenote_active":false,"_monsterinsights_sitenote_note":"","_monsterinsights_sitenote_category":0,"footnotes":""},"categories":[51,42],"tags":[],"class_list":["post-18747","post","type-post","status-publish","format-standard","has-post-thumbnail","hentry","category-izobrazevanje-en","category-events"],"acf":[],"yoast_head":"<!-- This site is optimized with the Yoast SEO plugin v26.9 - https:\/\/yoast.com\/product\/yoast-seo-wordpress\/ -->\n<title>14th European Platform for Roma Inclusion - EPEKA<\/title>\n<meta name=\"robots\" content=\"index, follow, max-snippet:-1, max-image-preview:large, max-video-preview:-1\" \/>\n<link rel=\"canonical\" href=\"https:\/\/epeka.si\/en\/14-evropska-platforma-za-inkluzijo-romov\/\" \/>\n<meta property=\"og:locale\" content=\"en_US\" \/>\n<meta property=\"og:type\" content=\"article\" \/>\n<meta property=\"og:title\" content=\"14th European Platform for Roma Inclusion - EPEKA\" \/>\n<meta property=\"og:description\" content=\"20 September, 2021 Online \u0160tefan Simon\u010di\u010d, the president of the Association EPEKA, Soc. Ent., attended the 14th Platform for Roma inclusion.\" \/>\n<meta property=\"og:url\" content=\"https:\/\/epeka.si\/en\/14-evropska-platforma-za-inkluzijo-romov\/\" \/>\n<meta property=\"og:site_name\" content=\"EPEKA\" \/>\n<meta property=\"article:published_time\" content=\"2021-09-06T10:55:24+00:00\" \/>\n<meta property=\"article:modified_time\" content=\"2023-11-20T17:32:43+00:00\" \/>\n<meta property=\"og:image\" content=\"https:\/\/epeka.si\/wp-content\/uploads\/2021\/08\/1200px-Flag_of_the_Romani_people.svg_.png\" \/>\n\t<meta property=\"og:image:width\" content=\"1200\" \/>\n\t<meta property=\"og:image:height\" content=\"800\" \/>\n\t<meta property=\"og:image:type\" content=\"image\/png\" \/>\n<meta name=\"author\" content=\"admin\" \/>\n<meta name=\"twitter:label1\" content=\"Written by\" \/>\n\t<meta name=\"twitter:data1\" content=\"admin\" \/>\n\t<meta name=\"twitter:label2\" content=\"Est. reading time\" \/>\n\t<meta name=\"twitter:data2\" content=\"1 minute\" \/>\n<script type=\"application\/ld+json\" class=\"yoast-schema-graph\">{\"@context\":\"https:\/\/schema.org\",\"@graph\":[{\"@type\":\"Article\",\"@id\":\"https:\/\/epeka.si\/en\/14-evropska-platforma-za-inkluzijo-romov\/#article\",\"isPartOf\":{\"@id\":\"https:\/\/epeka.si\/en\/14-evropska-platforma-za-inkluzijo-romov\/\"},\"author\":{\"name\":\"admin\",\"@id\":\"https:\/\/epeka.si\/en\/#\/schema\/person\/6301dbac88ef7aff5584d50e991f4347\"},\"headline\":\"14th European Platform for Roma Inclusion\",\"datePublished\":\"2021-09-06T10:55:24+00:00\",\"dateModified\":\"2023-11-20T17:32:43+00:00\",\"mainEntityOfPage\":{\"@id\":\"https:\/\/epeka.si\/en\/14-evropska-platforma-za-inkluzijo-romov\/\"},\"wordCount\":73,\"image\":{\"@id\":\"https:\/\/epeka.si\/en\/14-evropska-platforma-za-inkluzijo-romov\/#primaryimage\"},\"thumbnailUrl\":\"https:\/\/epeka.si\/wp-content\/uploads\/2021\/08\/1200px-Flag_of_the_Romani_people.svg_.png\",\"articleSection\":[\"Education\",\"Events\"],\"inLanguage\":\"en-US\"},{\"@type\":\"WebPage\",\"@id\":\"https:\/\/epeka.si\/en\/14-evropska-platforma-za-inkluzijo-romov\/\",\"url\":\"https:\/\/epeka.si\/en\/14-evropska-platforma-za-inkluzijo-romov\/\",\"name\":\"14th European Platform for Roma Inclusion - EPEKA\",\"isPartOf\":{\"@id\":\"https:\/\/epeka.si\/en\/#website\"},\"primaryImageOfPage\":{\"@id\":\"https:\/\/epeka.si\/en\/14-evropska-platforma-za-inkluzijo-romov\/#primaryimage\"},\"image\":{\"@id\":\"https:\/\/epeka.si\/en\/14-evropska-platforma-za-inkluzijo-romov\/#primaryimage\"},\"thumbnailUrl\":\"https:\/\/epeka.si\/wp-content\/uploads\/2021\/08\/1200px-Flag_of_the_Romani_people.svg_.png\",\"datePublished\":\"2021-09-06T10:55:24+00:00\",\"dateModified\":\"2023-11-20T17:32:43+00:00\",\"author\":{\"@id\":\"https:\/\/epeka.si\/en\/#\/schema\/person\/6301dbac88ef7aff5584d50e991f4347\"},\"breadcrumb\":{\"@id\":\"https:\/\/epeka.si\/en\/14-evropska-platforma-za-inkluzijo-romov\/#breadcrumb\"},\"inLanguage\":\"en-US\",\"potentialAction\":[{\"@type\":\"ReadAction\",\"target\":[\"https:\/\/epeka.si\/en\/14-evropska-platforma-za-inkluzijo-romov\/\"]}]},{\"@type\":\"ImageObject\",\"inLanguage\":\"en-US\",\"@id\":\"https:\/\/epeka.si\/en\/14-evropska-platforma-za-inkluzijo-romov\/#primaryimage\",\"url\":\"https:\/\/epeka.si\/wp-content\/uploads\/2021\/08\/1200px-Flag_of_the_Romani_people.svg_.png\",\"contentUrl\":\"https:\/\/epeka.si\/wp-content\/uploads\/2021\/08\/1200px-Flag_of_the_Romani_people.svg_.png\",\"width\":1200,\"height\":800},{\"@type\":\"BreadcrumbList\",\"@id\":\"https:\/\/epeka.si\/en\/14-evropska-platforma-za-inkluzijo-romov\/#breadcrumb\",\"itemListElement\":[{\"@type\":\"ListItem\",\"position\":1,\"name\":\"Home\",\"item\":\"https:\/\/epeka.si\/\"},{\"@type\":\"ListItem\",\"position\":2,\"name\":\"14th European Platform for Roma Inclusion\"}]},{\"@type\":\"WebSite\",\"@id\":\"https:\/\/epeka.si\/en\/#website\",\"url\":\"https:\/\/epeka.si\/en\/\",\"name\":\"EPEKA\",\"description\":\"\",\"potentialAction\":[{\"@type\":\"SearchAction\",\"target\":{\"@type\":\"EntryPoint\",\"urlTemplate\":\"https:\/\/epeka.si\/en\/?s={search_term_string}\"},\"query-input\":{\"@type\":\"PropertyValueSpecification\",\"valueRequired\":true,\"valueName\":\"search_term_string\"}}],\"inLanguage\":\"en-US\"},{\"@type\":\"Person\",\"@id\":\"https:\/\/epeka.si\/en\/#\/schema\/person\/6301dbac88ef7aff5584d50e991f4347\",\"name\":\"admin\",\"url\":\"https:\/\/epeka.si\/en\/author\/admin\/\"}]}<\/script>\n<!-- \/ Yoast SEO plugin. -->","yoast_head_json":{"title":"14th European Platform for Roma Inclusion - EPEKA","robots":{"index":"index","follow":"follow","max-snippet":"max-snippet:-1","max-image-preview":"max-image-preview:large","max-video-preview":"max-video-preview:-1"},"canonical":"https:\/\/epeka.si\/en\/14-evropska-platforma-za-inkluzijo-romov\/","og_locale":"en_US","og_type":"article","og_title":"14th European Platform for Roma Inclusion - EPEKA","og_description":"20 September, 2021 Online \u0160tefan Simon\u010di\u010d, the president of the Association EPEKA, Soc. Ent., attended the 14th Platform for Roma inclusion.","og_url":"https:\/\/epeka.si\/en\/14-evropska-platforma-za-inkluzijo-romov\/","og_site_name":"EPEKA","article_published_time":"2021-09-06T10:55:24+00:00","article_modified_time":"2023-11-20T17:32:43+00:00","og_image":[{"width":1200,"height":800,"url":"https:\/\/epeka.si\/wp-content\/uploads\/2021\/08\/1200px-Flag_of_the_Romani_people.svg_.png","type":"image\/png"}],"author":"admin","twitter_misc":{"Written by":"admin","Est. reading time":"1 minute"},"schema":{"@context":"https:\/\/schema.org","@graph":[{"@type":"Article","@id":"https:\/\/epeka.si\/en\/14-evropska-platforma-za-inkluzijo-romov\/#article","isPartOf":{"@id":"https:\/\/epeka.si\/en\/14-evropska-platforma-za-inkluzijo-romov\/"},"author":{"name":"admin","@id":"https:\/\/epeka.si\/en\/#\/schema\/person\/6301dbac88ef7aff5584d50e991f4347"},"headline":"14th European Platform for Roma Inclusion","datePublished":"2021-09-06T10:55:24+00:00","dateModified":"2023-11-20T17:32:43+00:00","mainEntityOfPage":{"@id":"https:\/\/epeka.si\/en\/14-evropska-platforma-za-inkluzijo-romov\/"},"wordCount":73,"image":{"@id":"https:\/\/epeka.si\/en\/14-evropska-platforma-za-inkluzijo-romov\/#primaryimage"},"thumbnailUrl":"https:\/\/epeka.si\/wp-content\/uploads\/2021\/08\/1200px-Flag_of_the_Romani_people.svg_.png","articleSection":["Education","Events"],"inLanguage":"en-US"},{"@type":"WebPage","@id":"https:\/\/epeka.si\/en\/14-evropska-platforma-za-inkluzijo-romov\/","url":"https:\/\/epeka.si\/en\/14-evropska-platforma-za-inkluzijo-romov\/","name":"14th European Platform for Roma Inclusion - EPEKA","isPartOf":{"@id":"https:\/\/epeka.si\/en\/#website"},"primaryImageOfPage":{"@id":"https:\/\/epeka.si\/en\/14-evropska-platforma-za-inkluzijo-romov\/#primaryimage"},"image":{"@id":"https:\/\/epeka.si\/en\/14-evropska-platforma-za-inkluzijo-romov\/#primaryimage"},"thumbnailUrl":"https:\/\/epeka.si\/wp-content\/uploads\/2021\/08\/1200px-Flag_of_the_Romani_people.svg_.png","datePublished":"2021-09-06T10:55:24+00:00","dateModified":"2023-11-20T17:32:43+00:00","author":{"@id":"https:\/\/epeka.si\/en\/#\/schema\/person\/6301dbac88ef7aff5584d50e991f4347"},"breadcrumb":{"@id":"https:\/\/epeka.si\/en\/14-evropska-platforma-za-inkluzijo-romov\/#breadcrumb"},"inLanguage":"en-US","potentialAction":[{"@type":"ReadAction","target":["https:\/\/epeka.si\/en\/14-evropska-platforma-za-inkluzijo-romov\/"]}]},{"@type":"ImageObject","inLanguage":"en-US","@id":"https:\/\/epeka.si\/en\/14-evropska-platforma-za-inkluzijo-romov\/#primaryimage","url":"https:\/\/epeka.si\/wp-content\/uploads\/2021\/08\/1200px-Flag_of_the_Romani_people.svg_.png","contentUrl":"https:\/\/epeka.si\/wp-content\/uploads\/2021\/08\/1200px-Flag_of_the_Romani_people.svg_.png","width":1200,"height":800},{"@type":"BreadcrumbList","@id":"https:\/\/epeka.si\/en\/14-evropska-platforma-za-inkluzijo-romov\/#breadcrumb","itemListElement":[{"@type":"ListItem","position":1,"name":"Home","item":"https:\/\/epeka.si\/"},{"@type":"ListItem","position":2,"name":"14th European Platform for Roma Inclusion"}]},{"@type":"WebSite","@id":"https:\/\/epeka.si\/en\/#website","url":"https:\/\/epeka.si\/en\/","name":"EPEKA","description":"","potentialAction":[{"@type":"SearchAction","target":{"@type":"EntryPoint","urlTemplate":"https:\/\/epeka.si\/en\/?s={search_term_string}"},"query-input":{"@type":"PropertyValueSpecification","valueRequired":true,"valueName":"search_term_string"}}],"inLanguage":"en-US"},{"@type":"Person","@id":"https:\/\/epeka.si\/en\/#\/schema\/person\/6301dbac88ef7aff5584d50e991f4347","name":"admin","url":"https:\/\/epeka.si\/en\/author\/admin\/"}]}},"rttpg_featured_image_url":{"full":["https:\/\/epeka.si\/wp-content\/uploads\/2021\/08\/1200px-Flag_of_the_Romani_people.svg_.png",1200,800,false],"landscape":["https:\/\/epeka.si\/wp-content\/uploads\/2021\/08\/1200px-Flag_of_the_Romani_people.svg_.png",1200,800,false],"portraits":["https:\/\/epeka.si\/wp-content\/uploads\/2021\/08\/1200px-Flag_of_the_Romani_people.svg_.png",1200,800,false],"thumbnail":["https:\/\/epeka.si\/wp-content\/uploads\/2021\/08\/1200px-Flag_of_the_Romani_people.svg_.png",150,100,false],"medium":["https:\/\/epeka.si\/wp-content\/uploads\/2021\/08\/1200px-Flag_of_the_Romani_people.svg_.png",300,200,false],"large":["https:\/\/epeka.si\/wp-content\/uploads\/2021\/08\/1200px-Flag_of_the_Romani_people.svg_.png",1024,683,false],"1536x1536":["https:\/\/epeka.si\/wp-content\/uploads\/2021\/08\/1200px-Flag_of_the_Romani_people.svg_.png",1200,800,false],"2048x2048":["https:\/\/epeka.si\/wp-content\/uploads\/2021\/08\/1200px-Flag_of_the_Romani_people.svg_.png",1200,800,false],"tinyfeatured":["https:\/\/epeka.si\/wp-content\/uploads\/2021\/08\/1200px-Flag_of_the_Romani_people.svg_.png",75,50,false],"gallery":["https:\/\/epeka.si\/wp-content\/uploads\/2021\/08\/1200px-Flag_of_the_Romani_people.svg_.png",426,284,false],"fullslideshow":["https:\/\/epeka.si\/wp-content\/uploads\/2021\/08\/1200px-Flag_of_the_Romani_people.svg_.png",825,550,false],"fullslideshownc":["https:\/\/epeka.si\/wp-content\/uploads\/2021\/08\/1200px-Flag_of_the_Romani_people.svg_.png",1200,800,false],"contentslideshow":["https:\/\/epeka.si\/wp-content\/uploads\/2021\/08\/1200px-Flag_of_the_Romani_people.svg_.png",600,400,false],"contentslideshownc":["https:\/\/epeka.si\/wp-content\/uploads\/2021\/08\/1200px-Flag_of_the_Romani_people.svg_.png",740,493,false],"regular":["https:\/\/epeka.si\/wp-content\/uploads\/2021\/08\/1200px-Flag_of_the_Romani_people.svg_.png",450,300,false],"half":["https:\/\/epeka.si\/wp-content\/uploads\/2021\/08\/1200px-Flag_of_the_Romani_people.svg_.png",410,273,false],"big":["https:\/\/epeka.si\/wp-content\/uploads\/2021\/08\/1200px-Flag_of_the_Romani_people.svg_.png",638,425,false],"related":["https:\/\/epeka.si\/wp-content\/uploads\/2021\/08\/1200px-Flag_of_the_Romani_people.svg_.png",525,350,false],"psacp-medium":["https:\/\/epeka.si\/wp-content\/uploads\/2021\/08\/1200px-Flag_of_the_Romani_people.svg_.png",500,333,false],"woocommerce_thumbnail":["https:\/\/epeka.si\/wp-content\/uploads\/2021\/08\/1200px-Flag_of_the_Romani_people.svg_-300x300.png",300,300,true],"woocommerce_single":["https:\/\/epeka.si\/wp-content\/uploads\/2021\/08\/1200px-Flag_of_the_Romani_people.svg_-600x400.png",600,400,true],"woocommerce_gallery_thumbnail":["https:\/\/epeka.si\/wp-content\/uploads\/2021\/08\/1200px-Flag_of_the_Romani_people.svg_-100x100.png",100,100,true]},"rttpg_author":{"display_name":"admin","author_link":"https:\/\/epeka.si\/en\/author\/admin\/"},"rttpg_comment":0,"rttpg_category":"<a href=\"https:\/\/epeka.si\/en\/category\/izobrazevanje-en\/\" rel=\"category tag\">Education<\/a> <a href=\"https:\/\/epeka.si\/en\/category\/events\/\" rel=\"category tag\">Events<\/a>","rttpg_excerpt":"20 September, 2021 Online \u0160tefan Simon\u010di\u010d, the president of the Association EPEKA, Soc. Ent., attended the 14th Platform for Roma inclusion.","_links":{"self":[{"href":"https:\/\/epeka.si\/en\/wp-json\/wp\/v2\/posts\/18747","targetHints":{"allow":["GET"]}}],"collection":[{"href":"https:\/\/epeka.si\/en\/wp-json\/wp\/v2\/posts"}],"about":[{"href":"https:\/\/epeka.si\/en\/wp-json\/wp\/v2\/types\/post"}],"author":[{"embeddable":true,"href":"https:\/\/epeka.si\/en\/wp-json\/wp\/v2\/users\/13"}],"replies":[{"embeddable":true,"href":"https:\/\/epeka.si\/en\/wp-json\/wp\/v2\/comments?post=18747"}],"version-history":[{"count":10,"href":"https:\/\/epeka.si\/en\/wp-json\/wp\/v2\/posts\/18747\/revisions"}],"predecessor-version":[{"id":44911,"href":"https:\/\/epeka.si\/en\/wp-json\/wp\/v2\/posts\/18747\/revisions\/44911"}],"wp:featuredmedia":[{"embeddable":true,"href":"https:\/\/epeka.si\/en\/wp-json\/wp\/v2\/media\/18773"}],"wp:attachment":[{"href":"https:\/\/epeka.si\/en\/wp-json\/wp\/v2\/media?parent=18747"}],"wp:term":[{"taxonomy":"category","embeddable":true,"href":"https:\/\/epeka.si\/en\/wp-json\/wp\/v2\/categories?post=18747"},{"taxonomy":"post_tag","embeddable":true,"href":"https:\/\/epeka.si\/en\/wp-json\/wp\/v2\/tags?post=18747"}],"curies":[{"name":"wp","href":"https:\/\/api.w.org\/{rel}","templated":true}]}}