{"id":20192,"date":"2022-06-15T11:28:20","date_gmt":"2022-06-15T11:28:20","guid":{"rendered":"https:\/\/epeka.si\/spletni-seminar-o-clovekovih-pravicah-za-rome-2\/"},"modified":"2024-11-12T19:58:27","modified_gmt":"2024-11-12T19:58:27","slug":"spletni-seminar-o-clovekovih-pravicah-za-rome-2","status":"publish","type":"post","link":"https:\/\/epeka.si\/en\/spletni-seminar-o-clovekovih-pravicah-za-rome-2\/","title":{"rendered":"Human Rights Webinar for the Romani People"},"content":{"rendered":"<h3 style=\"text-align: justify;\">18 June 2022<br \/>\nOnine<\/h3>\n<p style=\"text-align: justify;\">\u0160tefan Simon\u010di\u010d, President of the Association EPEKA, Soc. Ent., held a lecture at the Human Rights Webinar for the Romani People, where he presented his contribution entitled The Current Situation of Roma in Slovenia.<br \/>\n<!--more--><\/p>\n<p style=\"text-align: justify;\">The organisers of the event wrote: &#8220;Roma still suffer from social discrimination and prejudice today, often based on a lack of knowledge, and we invite organisations from all over Europe to join us in advocating for equality and tolerance towards Roma. We are organising a debate on the supportive measures taken by individual governments, the opportunities for improvement and the contributions that Roma themselves can make.<\/p>\n<p style=\"text-align: justify;\">The event was organised by Heavenly Culture, World Peace, Restoration of Light (HWPL), an international peace organisation founded to secure world peace and end wars. It is a non-governmental organisation with special consultative status with the UN Economic and Social Council (ECOSOC) and registered with the Department of Global Communications (UNDGC).<\/p>\n<p><em>The Association EPEKA, Soc. Ent., is supported by:<\/em><\/p>\n","protected":false},"excerpt":{"rendered":"<p>18 June 2022 Onine <\/p>\n<p style=\"text-align: justify\">\u0160tefan Simon\u010di\u010d, President of the Association EPEKA, Soc. Ent., held a lecture at the Human Rights Webinar for the Romani People, where he presented &#8230; <br \/><a href=\"https:\/\/epeka.si\/en\/spletni-seminar-o-clovekovih-pravicah-za-rome-2\/\" class=\"more-link\">Read More<\/a><\/p>\n","protected":false},"author":15,"featured_media":20190,"comment_status":"closed","ping_status":"open","sticky":false,"template":"","format":"standard","meta":{"_acf_changed":false,"_monsterinsights_skip_tracking":false,"_monsterinsights_sitenote_active":false,"_monsterinsights_sitenote_note":"","_monsterinsights_sitenote_category":0,"footnotes":""},"categories":[51],"tags":[],"class_list":["post-20192","post","type-post","status-publish","format-standard","has-post-thumbnail","hentry","category-izobrazevanje-en"],"acf":[],"yoast_head":"<!-- This site is optimized with the Yoast SEO plugin v26.9 - https:\/\/yoast.com\/product\/yoast-seo-wordpress\/ -->\n<title>Human Rights Webinar for the Romani People - EPEKA<\/title>\n<meta name=\"robots\" content=\"index, follow, max-snippet:-1, max-image-preview:large, max-video-preview:-1\" \/>\n<link rel=\"canonical\" href=\"https:\/\/epeka.si\/en\/spletni-seminar-o-clovekovih-pravicah-za-rome-2\/\" \/>\n<meta property=\"og:locale\" content=\"en_US\" \/>\n<meta property=\"og:type\" content=\"article\" \/>\n<meta property=\"og:title\" content=\"Human Rights Webinar for the Romani People - EPEKA\" \/>\n<meta property=\"og:description\" content=\"18 June 2022 Onine \u0160tefan Simon\u010di\u010d, President of the Association EPEKA, Soc. Ent., held a lecture at the Human Rights Webinar for the Romani People, where he presented ... Read More\" \/>\n<meta property=\"og:url\" content=\"https:\/\/epeka.si\/en\/spletni-seminar-o-clovekovih-pravicah-za-rome-2\/\" \/>\n<meta property=\"og:site_name\" content=\"EPEKA\" \/>\n<meta property=\"article:published_time\" content=\"2022-06-15T11:28:20+00:00\" \/>\n<meta property=\"article:modified_time\" content=\"2024-11-12T19:58:27+00:00\" \/>\n<meta property=\"og:image\" content=\"https:\/\/epeka.si\/wp-content\/uploads\/2022\/06\/Brez-naslova123.png\" \/>\n\t<meta property=\"og:image:width\" content=\"836\" \/>\n\t<meta property=\"og:image:height\" content=\"391\" \/>\n\t<meta property=\"og:image:type\" content=\"image\/png\" \/>\n<meta name=\"author\" content=\"JL\" \/>\n<meta name=\"twitter:label1\" content=\"Written by\" \/>\n\t<meta name=\"twitter:data1\" content=\"JL\" \/>\n\t<meta name=\"twitter:label2\" content=\"Est. reading time\" \/>\n\t<meta name=\"twitter:data2\" content=\"1 minute\" \/>\n<script type=\"application\/ld+json\" class=\"yoast-schema-graph\">{\"@context\":\"https:\/\/schema.org\",\"@graph\":[{\"@type\":\"Article\",\"@id\":\"https:\/\/epeka.si\/en\/spletni-seminar-o-clovekovih-pravicah-za-rome-2\/#article\",\"isPartOf\":{\"@id\":\"https:\/\/epeka.si\/en\/spletni-seminar-o-clovekovih-pravicah-za-rome-2\/\"},\"author\":{\"name\":\"JL\",\"@id\":\"https:\/\/epeka.si\/en\/#\/schema\/person\/ab377ae2e41287f5d788e6b3cc4e9d2d\"},\"headline\":\"Human Rights Webinar for the Romani People\",\"datePublished\":\"2022-06-15T11:28:20+00:00\",\"dateModified\":\"2024-11-12T19:58:27+00:00\",\"mainEntityOfPage\":{\"@id\":\"https:\/\/epeka.si\/en\/spletni-seminar-o-clovekovih-pravicah-za-rome-2\/\"},\"wordCount\":169,\"image\":{\"@id\":\"https:\/\/epeka.si\/en\/spletni-seminar-o-clovekovih-pravicah-za-rome-2\/#primaryimage\"},\"thumbnailUrl\":\"https:\/\/epeka.si\/wp-content\/uploads\/2022\/06\/Brez-naslova123.png\",\"articleSection\":[\"Education\"],\"inLanguage\":\"en-US\"},{\"@type\":\"WebPage\",\"@id\":\"https:\/\/epeka.si\/en\/spletni-seminar-o-clovekovih-pravicah-za-rome-2\/\",\"url\":\"https:\/\/epeka.si\/en\/spletni-seminar-o-clovekovih-pravicah-za-rome-2\/\",\"name\":\"Human Rights Webinar for the Romani People - EPEKA\",\"isPartOf\":{\"@id\":\"https:\/\/epeka.si\/en\/#website\"},\"primaryImageOfPage\":{\"@id\":\"https:\/\/epeka.si\/en\/spletni-seminar-o-clovekovih-pravicah-za-rome-2\/#primaryimage\"},\"image\":{\"@id\":\"https:\/\/epeka.si\/en\/spletni-seminar-o-clovekovih-pravicah-za-rome-2\/#primaryimage\"},\"thumbnailUrl\":\"https:\/\/epeka.si\/wp-content\/uploads\/2022\/06\/Brez-naslova123.png\",\"datePublished\":\"2022-06-15T11:28:20+00:00\",\"dateModified\":\"2024-11-12T19:58:27+00:00\",\"author\":{\"@id\":\"https:\/\/epeka.si\/en\/#\/schema\/person\/ab377ae2e41287f5d788e6b3cc4e9d2d\"},\"breadcrumb\":{\"@id\":\"https:\/\/epeka.si\/en\/spletni-seminar-o-clovekovih-pravicah-za-rome-2\/#breadcrumb\"},\"inLanguage\":\"en-US\",\"potentialAction\":[{\"@type\":\"ReadAction\",\"target\":[\"https:\/\/epeka.si\/en\/spletni-seminar-o-clovekovih-pravicah-za-rome-2\/\"]}]},{\"@type\":\"ImageObject\",\"inLanguage\":\"en-US\",\"@id\":\"https:\/\/epeka.si\/en\/spletni-seminar-o-clovekovih-pravicah-za-rome-2\/#primaryimage\",\"url\":\"https:\/\/epeka.si\/wp-content\/uploads\/2022\/06\/Brez-naslova123.png\",\"contentUrl\":\"https:\/\/epeka.si\/wp-content\/uploads\/2022\/06\/Brez-naslova123.png\",\"width\":836,\"height\":391},{\"@type\":\"BreadcrumbList\",\"@id\":\"https:\/\/epeka.si\/en\/spletni-seminar-o-clovekovih-pravicah-za-rome-2\/#breadcrumb\",\"itemListElement\":[{\"@type\":\"ListItem\",\"position\":1,\"name\":\"Home\",\"item\":\"https:\/\/epeka.si\/\"},{\"@type\":\"ListItem\",\"position\":2,\"name\":\"Human Rights Webinar for the Romani People\"}]},{\"@type\":\"WebSite\",\"@id\":\"https:\/\/epeka.si\/en\/#website\",\"url\":\"https:\/\/epeka.si\/en\/\",\"name\":\"EPEKA\",\"description\":\"\",\"potentialAction\":[{\"@type\":\"SearchAction\",\"target\":{\"@type\":\"EntryPoint\",\"urlTemplate\":\"https:\/\/epeka.si\/en\/?s={search_term_string}\"},\"query-input\":{\"@type\":\"PropertyValueSpecification\",\"valueRequired\":true,\"valueName\":\"search_term_string\"}}],\"inLanguage\":\"en-US\"},{\"@type\":\"Person\",\"@id\":\"https:\/\/epeka.si\/en\/#\/schema\/person\/ab377ae2e41287f5d788e6b3cc4e9d2d\",\"name\":\"JL\",\"url\":\"https:\/\/epeka.si\/en\/author\/jera\/\"}]}<\/script>\n<!-- \/ Yoast SEO plugin. -->","yoast_head_json":{"title":"Human Rights Webinar for the Romani People - EPEKA","robots":{"index":"index","follow":"follow","max-snippet":"max-snippet:-1","max-image-preview":"max-image-preview:large","max-video-preview":"max-video-preview:-1"},"canonical":"https:\/\/epeka.si\/en\/spletni-seminar-o-clovekovih-pravicah-za-rome-2\/","og_locale":"en_US","og_type":"article","og_title":"Human Rights Webinar for the Romani People - EPEKA","og_description":"18 June 2022 Onine \u0160tefan Simon\u010di\u010d, President of the Association EPEKA, Soc. Ent., held a lecture at the Human Rights Webinar for the Romani People, where he presented ... Read More","og_url":"https:\/\/epeka.si\/en\/spletni-seminar-o-clovekovih-pravicah-za-rome-2\/","og_site_name":"EPEKA","article_published_time":"2022-06-15T11:28:20+00:00","article_modified_time":"2024-11-12T19:58:27+00:00","og_image":[{"width":836,"height":391,"url":"https:\/\/epeka.si\/wp-content\/uploads\/2022\/06\/Brez-naslova123.png","type":"image\/png"}],"author":"JL","twitter_misc":{"Written by":"JL","Est. reading time":"1 minute"},"schema":{"@context":"https:\/\/schema.org","@graph":[{"@type":"Article","@id":"https:\/\/epeka.si\/en\/spletni-seminar-o-clovekovih-pravicah-za-rome-2\/#article","isPartOf":{"@id":"https:\/\/epeka.si\/en\/spletni-seminar-o-clovekovih-pravicah-za-rome-2\/"},"author":{"name":"JL","@id":"https:\/\/epeka.si\/en\/#\/schema\/person\/ab377ae2e41287f5d788e6b3cc4e9d2d"},"headline":"Human Rights Webinar for the Romani People","datePublished":"2022-06-15T11:28:20+00:00","dateModified":"2024-11-12T19:58:27+00:00","mainEntityOfPage":{"@id":"https:\/\/epeka.si\/en\/spletni-seminar-o-clovekovih-pravicah-za-rome-2\/"},"wordCount":169,"image":{"@id":"https:\/\/epeka.si\/en\/spletni-seminar-o-clovekovih-pravicah-za-rome-2\/#primaryimage"},"thumbnailUrl":"https:\/\/epeka.si\/wp-content\/uploads\/2022\/06\/Brez-naslova123.png","articleSection":["Education"],"inLanguage":"en-US"},{"@type":"WebPage","@id":"https:\/\/epeka.si\/en\/spletni-seminar-o-clovekovih-pravicah-za-rome-2\/","url":"https:\/\/epeka.si\/en\/spletni-seminar-o-clovekovih-pravicah-za-rome-2\/","name":"Human Rights Webinar for the Romani People - EPEKA","isPartOf":{"@id":"https:\/\/epeka.si\/en\/#website"},"primaryImageOfPage":{"@id":"https:\/\/epeka.si\/en\/spletni-seminar-o-clovekovih-pravicah-za-rome-2\/#primaryimage"},"image":{"@id":"https:\/\/epeka.si\/en\/spletni-seminar-o-clovekovih-pravicah-za-rome-2\/#primaryimage"},"thumbnailUrl":"https:\/\/epeka.si\/wp-content\/uploads\/2022\/06\/Brez-naslova123.png","datePublished":"2022-06-15T11:28:20+00:00","dateModified":"2024-11-12T19:58:27+00:00","author":{"@id":"https:\/\/epeka.si\/en\/#\/schema\/person\/ab377ae2e41287f5d788e6b3cc4e9d2d"},"breadcrumb":{"@id":"https:\/\/epeka.si\/en\/spletni-seminar-o-clovekovih-pravicah-za-rome-2\/#breadcrumb"},"inLanguage":"en-US","potentialAction":[{"@type":"ReadAction","target":["https:\/\/epeka.si\/en\/spletni-seminar-o-clovekovih-pravicah-za-rome-2\/"]}]},{"@type":"ImageObject","inLanguage":"en-US","@id":"https:\/\/epeka.si\/en\/spletni-seminar-o-clovekovih-pravicah-za-rome-2\/#primaryimage","url":"https:\/\/epeka.si\/wp-content\/uploads\/2022\/06\/Brez-naslova123.png","contentUrl":"https:\/\/epeka.si\/wp-content\/uploads\/2022\/06\/Brez-naslova123.png","width":836,"height":391},{"@type":"BreadcrumbList","@id":"https:\/\/epeka.si\/en\/spletni-seminar-o-clovekovih-pravicah-za-rome-2\/#breadcrumb","itemListElement":[{"@type":"ListItem","position":1,"name":"Home","item":"https:\/\/epeka.si\/"},{"@type":"ListItem","position":2,"name":"Human Rights Webinar for the Romani People"}]},{"@type":"WebSite","@id":"https:\/\/epeka.si\/en\/#website","url":"https:\/\/epeka.si\/en\/","name":"EPEKA","description":"","potentialAction":[{"@type":"SearchAction","target":{"@type":"EntryPoint","urlTemplate":"https:\/\/epeka.si\/en\/?s={search_term_string}"},"query-input":{"@type":"PropertyValueSpecification","valueRequired":true,"valueName":"search_term_string"}}],"inLanguage":"en-US"},{"@type":"Person","@id":"https:\/\/epeka.si\/en\/#\/schema\/person\/ab377ae2e41287f5d788e6b3cc4e9d2d","name":"JL","url":"https:\/\/epeka.si\/en\/author\/jera\/"}]}},"rttpg_featured_image_url":{"full":["https:\/\/epeka.si\/wp-content\/uploads\/2022\/06\/Brez-naslova123.png",836,391,false],"landscape":["https:\/\/epeka.si\/wp-content\/uploads\/2022\/06\/Brez-naslova123.png",836,391,false],"portraits":["https:\/\/epeka.si\/wp-content\/uploads\/2022\/06\/Brez-naslova123.png",836,391,false],"thumbnail":["https:\/\/epeka.si\/wp-content\/uploads\/2022\/06\/Brez-naslova123.png",150,70,false],"medium":["https:\/\/epeka.si\/wp-content\/uploads\/2022\/06\/Brez-naslova123.png",300,140,false],"large":["https:\/\/epeka.si\/wp-content\/uploads\/2022\/06\/Brez-naslova123.png",836,391,false],"1536x1536":["https:\/\/epeka.si\/wp-content\/uploads\/2022\/06\/Brez-naslova123.png",836,391,false],"2048x2048":["https:\/\/epeka.si\/wp-content\/uploads\/2022\/06\/Brez-naslova123.png",836,391,false],"tinyfeatured":["https:\/\/epeka.si\/wp-content\/uploads\/2022\/06\/Brez-naslova123.png",75,35,false],"gallery":["https:\/\/epeka.si\/wp-content\/uploads\/2022\/06\/Brez-naslova123.png",426,199,false],"fullslideshow":["https:\/\/epeka.si\/wp-content\/uploads\/2022\/06\/Brez-naslova123.png",836,391,false],"fullslideshownc":["https:\/\/epeka.si\/wp-content\/uploads\/2022\/06\/Brez-naslova123.png",836,391,false],"contentslideshow":["https:\/\/epeka.si\/wp-content\/uploads\/2022\/06\/Brez-naslova123.png",740,346,false],"contentslideshownc":["https:\/\/epeka.si\/wp-content\/uploads\/2022\/06\/Brez-naslova123.png",740,346,false],"regular":["https:\/\/epeka.si\/wp-content\/uploads\/2022\/06\/Brez-naslova123.png",525,246,false],"half":["https:\/\/epeka.si\/wp-content\/uploads\/2022\/06\/Brez-naslova123.png",410,192,false],"big":["https:\/\/epeka.si\/wp-content\/uploads\/2022\/06\/Brez-naslova123.png",790,369,false],"related":["https:\/\/epeka.si\/wp-content\/uploads\/2022\/06\/Brez-naslova123.png",525,246,false],"psacp-medium":["https:\/\/epeka.si\/wp-content\/uploads\/2022\/06\/Brez-naslova123.png",500,234,false],"woocommerce_thumbnail":["https:\/\/epeka.si\/wp-content\/uploads\/2022\/06\/Brez-naslova123-300x300.png",300,300,true],"woocommerce_single":["https:\/\/epeka.si\/wp-content\/uploads\/2022\/06\/Brez-naslova123-600x281.png",600,281,true],"woocommerce_gallery_thumbnail":["https:\/\/epeka.si\/wp-content\/uploads\/2022\/06\/Brez-naslova123-100x100.png",100,100,true]},"rttpg_author":{"display_name":"JL","author_link":"https:\/\/epeka.si\/en\/author\/jera\/"},"rttpg_comment":0,"rttpg_category":"<a href=\"https:\/\/epeka.si\/en\/category\/izobrazevanje-en\/\" rel=\"category tag\">Education<\/a>","rttpg_excerpt":"18 June 2022 Onine \u0160tefan Simon\u010di\u010d, President of the Association EPEKA, Soc. Ent., held a lecture at the Human Rights Webinar for the Romani People, where he presented ... Read More","_links":{"self":[{"href":"https:\/\/epeka.si\/en\/wp-json\/wp\/v2\/posts\/20192","targetHints":{"allow":["GET"]}}],"collection":[{"href":"https:\/\/epeka.si\/en\/wp-json\/wp\/v2\/posts"}],"about":[{"href":"https:\/\/epeka.si\/en\/wp-json\/wp\/v2\/types\/post"}],"author":[{"embeddable":true,"href":"https:\/\/epeka.si\/en\/wp-json\/wp\/v2\/users\/15"}],"replies":[{"embeddable":true,"href":"https:\/\/epeka.si\/en\/wp-json\/wp\/v2\/comments?post=20192"}],"version-history":[{"count":11,"href":"https:\/\/epeka.si\/en\/wp-json\/wp\/v2\/posts\/20192\/revisions"}],"predecessor-version":[{"id":61727,"href":"https:\/\/epeka.si\/en\/wp-json\/wp\/v2\/posts\/20192\/revisions\/61727"}],"wp:featuredmedia":[{"embeddable":true,"href":"https:\/\/epeka.si\/en\/wp-json\/wp\/v2\/media\/20190"}],"wp:attachment":[{"href":"https:\/\/epeka.si\/en\/wp-json\/wp\/v2\/media?parent=20192"}],"wp:term":[{"taxonomy":"category","embeddable":true,"href":"https:\/\/epeka.si\/en\/wp-json\/wp\/v2\/categories?post=20192"},{"taxonomy":"post_tag","embeddable":true,"href":"https:\/\/epeka.si\/en\/wp-json\/wp\/v2\/tags?post=20192"}],"curies":[{"name":"wp","href":"https:\/\/api.w.org\/{rel}","templated":true}]}}