{"id":22718,"date":"2023-02-09T12:59:12","date_gmt":"2023-02-09T12:59:12","guid":{"rendered":"https:\/\/epeka.si\/zakljucna-konferenca-roma-green-agents\/"},"modified":"2025-06-27T12:11:54","modified_gmt":"2025-06-27T12:11:54","slug":"zakljucna-konferenca-roma-green-agents","status":"publish","type":"post","link":"https:\/\/epeka.si\/en\/zakljucna-konferenca-roma-green-agents\/","title":{"rendered":"Final Conference: Roma Green Agents"},"content":{"rendered":"<h3 style=\"text-align: justify;\">21 January 2023<br \/>\nOnline<\/h3>\n<p style=\"text-align: justify;\">\u0160tefan Simon\u010di\u010d, president of the Association EPEKA, Soc. Ent.<em>, <\/em>is going to attend the closing conference of the project <strong>Roma Green Agents<\/strong>: the informal workforce that keeps Balkan cities clean and green.<!--more--><\/p>\n<p style=\"text-align: justify;\">What is the aim of the event?<\/p>\n<div class=\"page\" title=\"Page 1\">\n<div class=\"layoutArea\">\n<div class=\"column\">\n<p style=\"text-align: justify;\">Public event on environmental justice, inclusive circular economy involving the informal sector promotion of policy recommendations. Conclusions of the different working packages in connection with the recommendations to have final conclusion presentation of project results and learnings; We should emphasize that political stakeholders have to take action on National level: inclusion of waste collector and on the EU level: impact of EU policies on waste collectors.<\/p>\n<\/div>\n<\/div>\n<\/div>\n<p><a href=\"https:\/\/epeka.si\/wp-content\/uploads\/2023\/02\/Final-Conference.pdf\">Schedule of the event<\/a>.<\/p>\n<p>In cooperation with the Association for the Integration of Roma Women Loli Luludi.<\/p>\n<p><a href=\"https:\/\/epeka.si\/wp-content\/uploads\/2023\/02\/Final-Conference-Roma-Green-Agents.pdf\"><img decoding=\"async\" class=\"normal size-medium wp-image-55419 alignright\" src=\"https:\/\/epeka.si\/wp-content\/uploads\/2023\/12\/PRINT-POST-300x100.png\" alt=\"\" width=\"300\" height=\"100\" srcset=\"https:\/\/epeka.si\/wp-content\/uploads\/2023\/12\/PRINT-POST-300x100.png 300w, https:\/\/epeka.si\/wp-content\/uploads\/2023\/12\/PRINT-POST-768x255.png 768w, https:\/\/epeka.si\/wp-content\/uploads\/2023\/12\/PRINT-POST-740x246.png 740w, https:\/\/epeka.si\/wp-content\/uploads\/2023\/12\/PRINT-POST-600x200.png 600w, https:\/\/epeka.si\/wp-content\/uploads\/2023\/12\/PRINT-POST.png 866w\" sizes=\"(max-width: 300px) 100vw, 300px\" \/><\/a><\/p>\n","protected":false},"excerpt":{"rendered":"<p>21 January 2023 Online <\/p>\n<p style=\"text-align: justify\">\u0160tefan Simon\u010di\u010d, president of the Association EPEKA, Soc. Ent.<em>, <\/em>is going to attend the closing conference of the project <strong>Roma Green Agents<\/strong>: the informal &#8230; <br \/><a href=\"https:\/\/epeka.si\/en\/zakljucna-konferenca-roma-green-agents\/\" class=\"more-link\">Read More<\/a><\/p>\n","protected":false},"author":15,"featured_media":54177,"comment_status":"closed","ping_status":"open","sticky":false,"template":"","format":"standard","meta":{"_acf_changed":false,"_monsterinsights_skip_tracking":false,"_monsterinsights_sitenote_active":false,"_monsterinsights_sitenote_note":"","_monsterinsights_sitenote_category":0,"footnotes":""},"categories":[51,42],"tags":[],"class_list":["post-22718","post","type-post","status-publish","format-standard","has-post-thumbnail","hentry","category-izobrazevanje-en","category-events"],"acf":[],"yoast_head":"<!-- This site is optimized with the Yoast SEO plugin v26.9 - https:\/\/yoast.com\/product\/yoast-seo-wordpress\/ -->\n<title>Final Conference: Roma Green Agents - EPEKA<\/title>\n<meta name=\"robots\" content=\"index, follow, max-snippet:-1, max-image-preview:large, max-video-preview:-1\" \/>\n<link rel=\"canonical\" href=\"https:\/\/epeka.si\/en\/zakljucna-konferenca-roma-green-agents\/\" \/>\n<meta property=\"og:locale\" content=\"en_US\" \/>\n<meta property=\"og:type\" content=\"article\" \/>\n<meta property=\"og:title\" content=\"Final Conference: Roma Green Agents - EPEKA\" \/>\n<meta property=\"og:description\" content=\"21 January 2023 Online \u0160tefan Simon\u010di\u010d, president of the Association EPEKA, Soc. Ent., is going to attend the closing conference of the project Roma Green Agents: the informal ... Read More\" \/>\n<meta property=\"og:url\" content=\"https:\/\/epeka.si\/en\/zakljucna-konferenca-roma-green-agents\/\" \/>\n<meta property=\"og:site_name\" content=\"EPEKA\" \/>\n<meta property=\"article:published_time\" content=\"2023-02-09T12:59:12+00:00\" \/>\n<meta property=\"article:modified_time\" content=\"2025-06-27T12:11:54+00:00\" \/>\n<meta property=\"og:image\" content=\"https:\/\/epeka.si\/wp-content\/uploads\/2023\/02\/delavec-snaga-e1705074827906.png\" \/>\n\t<meta property=\"og:image:width\" content=\"1500\" \/>\n\t<meta property=\"og:image:height\" content=\"348\" \/>\n\t<meta property=\"og:image:type\" content=\"image\/png\" \/>\n<meta name=\"author\" content=\"JL\" \/>\n<meta name=\"twitter:label1\" content=\"Written by\" \/>\n\t<meta name=\"twitter:data1\" content=\"JL\" \/>\n\t<meta name=\"twitter:label2\" content=\"Est. reading time\" \/>\n\t<meta name=\"twitter:data2\" content=\"1 minute\" \/>\n<script type=\"application\/ld+json\" class=\"yoast-schema-graph\">{\"@context\":\"https:\/\/schema.org\",\"@graph\":[{\"@type\":\"Article\",\"@id\":\"https:\/\/epeka.si\/en\/zakljucna-konferenca-roma-green-agents\/#article\",\"isPartOf\":{\"@id\":\"https:\/\/epeka.si\/en\/zakljucna-konferenca-roma-green-agents\/\"},\"author\":{\"name\":\"JL\",\"@id\":\"https:\/\/epeka.si\/en\/#\/schema\/person\/ab377ae2e41287f5d788e6b3cc4e9d2d\"},\"headline\":\"Final Conference: Roma Green Agents\",\"datePublished\":\"2023-02-09T12:59:12+00:00\",\"dateModified\":\"2025-06-27T12:11:54+00:00\",\"mainEntityOfPage\":{\"@id\":\"https:\/\/epeka.si\/en\/zakljucna-konferenca-roma-green-agents\/\"},\"wordCount\":130,\"image\":{\"@id\":\"https:\/\/epeka.si\/en\/zakljucna-konferenca-roma-green-agents\/#primaryimage\"},\"thumbnailUrl\":\"https:\/\/epeka.si\/wp-content\/uploads\/2023\/02\/delavec-snaga-e1705074827906.png\",\"articleSection\":[\"Education\",\"Events\"],\"inLanguage\":\"en-US\"},{\"@type\":\"WebPage\",\"@id\":\"https:\/\/epeka.si\/en\/zakljucna-konferenca-roma-green-agents\/\",\"url\":\"https:\/\/epeka.si\/en\/zakljucna-konferenca-roma-green-agents\/\",\"name\":\"Final Conference: Roma Green Agents - EPEKA\",\"isPartOf\":{\"@id\":\"https:\/\/epeka.si\/en\/#website\"},\"primaryImageOfPage\":{\"@id\":\"https:\/\/epeka.si\/en\/zakljucna-konferenca-roma-green-agents\/#primaryimage\"},\"image\":{\"@id\":\"https:\/\/epeka.si\/en\/zakljucna-konferenca-roma-green-agents\/#primaryimage\"},\"thumbnailUrl\":\"https:\/\/epeka.si\/wp-content\/uploads\/2023\/02\/delavec-snaga-e1705074827906.png\",\"datePublished\":\"2023-02-09T12:59:12+00:00\",\"dateModified\":\"2025-06-27T12:11:54+00:00\",\"author\":{\"@id\":\"https:\/\/epeka.si\/en\/#\/schema\/person\/ab377ae2e41287f5d788e6b3cc4e9d2d\"},\"breadcrumb\":{\"@id\":\"https:\/\/epeka.si\/en\/zakljucna-konferenca-roma-green-agents\/#breadcrumb\"},\"inLanguage\":\"en-US\",\"potentialAction\":[{\"@type\":\"ReadAction\",\"target\":[\"https:\/\/epeka.si\/en\/zakljucna-konferenca-roma-green-agents\/\"]}]},{\"@type\":\"ImageObject\",\"inLanguage\":\"en-US\",\"@id\":\"https:\/\/epeka.si\/en\/zakljucna-konferenca-roma-green-agents\/#primaryimage\",\"url\":\"https:\/\/epeka.si\/wp-content\/uploads\/2023\/02\/delavec-snaga-e1705074827906.png\",\"contentUrl\":\"https:\/\/epeka.si\/wp-content\/uploads\/2023\/02\/delavec-snaga-e1705074827906.png\",\"width\":1500,\"height\":348},{\"@type\":\"BreadcrumbList\",\"@id\":\"https:\/\/epeka.si\/en\/zakljucna-konferenca-roma-green-agents\/#breadcrumb\",\"itemListElement\":[{\"@type\":\"ListItem\",\"position\":1,\"name\":\"Home\",\"item\":\"https:\/\/epeka.si\/\"},{\"@type\":\"ListItem\",\"position\":2,\"name\":\"Final Conference: Roma Green Agents\"}]},{\"@type\":\"WebSite\",\"@id\":\"https:\/\/epeka.si\/en\/#website\",\"url\":\"https:\/\/epeka.si\/en\/\",\"name\":\"EPEKA\",\"description\":\"\",\"potentialAction\":[{\"@type\":\"SearchAction\",\"target\":{\"@type\":\"EntryPoint\",\"urlTemplate\":\"https:\/\/epeka.si\/en\/?s={search_term_string}\"},\"query-input\":{\"@type\":\"PropertyValueSpecification\",\"valueRequired\":true,\"valueName\":\"search_term_string\"}}],\"inLanguage\":\"en-US\"},{\"@type\":\"Person\",\"@id\":\"https:\/\/epeka.si\/en\/#\/schema\/person\/ab377ae2e41287f5d788e6b3cc4e9d2d\",\"name\":\"JL\",\"url\":\"https:\/\/epeka.si\/en\/author\/jera\/\"}]}<\/script>\n<!-- \/ Yoast SEO plugin. -->","yoast_head_json":{"title":"Final Conference: Roma Green Agents - EPEKA","robots":{"index":"index","follow":"follow","max-snippet":"max-snippet:-1","max-image-preview":"max-image-preview:large","max-video-preview":"max-video-preview:-1"},"canonical":"https:\/\/epeka.si\/en\/zakljucna-konferenca-roma-green-agents\/","og_locale":"en_US","og_type":"article","og_title":"Final Conference: Roma Green Agents - EPEKA","og_description":"21 January 2023 Online \u0160tefan Simon\u010di\u010d, president of the Association EPEKA, Soc. Ent., is going to attend the closing conference of the project Roma Green Agents: the informal ... Read More","og_url":"https:\/\/epeka.si\/en\/zakljucna-konferenca-roma-green-agents\/","og_site_name":"EPEKA","article_published_time":"2023-02-09T12:59:12+00:00","article_modified_time":"2025-06-27T12:11:54+00:00","og_image":[{"width":1500,"height":348,"url":"https:\/\/epeka.si\/wp-content\/uploads\/2023\/02\/delavec-snaga-e1705074827906.png","type":"image\/png"}],"author":"JL","twitter_misc":{"Written by":"JL","Est. reading time":"1 minute"},"schema":{"@context":"https:\/\/schema.org","@graph":[{"@type":"Article","@id":"https:\/\/epeka.si\/en\/zakljucna-konferenca-roma-green-agents\/#article","isPartOf":{"@id":"https:\/\/epeka.si\/en\/zakljucna-konferenca-roma-green-agents\/"},"author":{"name":"JL","@id":"https:\/\/epeka.si\/en\/#\/schema\/person\/ab377ae2e41287f5d788e6b3cc4e9d2d"},"headline":"Final Conference: Roma Green Agents","datePublished":"2023-02-09T12:59:12+00:00","dateModified":"2025-06-27T12:11:54+00:00","mainEntityOfPage":{"@id":"https:\/\/epeka.si\/en\/zakljucna-konferenca-roma-green-agents\/"},"wordCount":130,"image":{"@id":"https:\/\/epeka.si\/en\/zakljucna-konferenca-roma-green-agents\/#primaryimage"},"thumbnailUrl":"https:\/\/epeka.si\/wp-content\/uploads\/2023\/02\/delavec-snaga-e1705074827906.png","articleSection":["Education","Events"],"inLanguage":"en-US"},{"@type":"WebPage","@id":"https:\/\/epeka.si\/en\/zakljucna-konferenca-roma-green-agents\/","url":"https:\/\/epeka.si\/en\/zakljucna-konferenca-roma-green-agents\/","name":"Final Conference: Roma Green Agents - EPEKA","isPartOf":{"@id":"https:\/\/epeka.si\/en\/#website"},"primaryImageOfPage":{"@id":"https:\/\/epeka.si\/en\/zakljucna-konferenca-roma-green-agents\/#primaryimage"},"image":{"@id":"https:\/\/epeka.si\/en\/zakljucna-konferenca-roma-green-agents\/#primaryimage"},"thumbnailUrl":"https:\/\/epeka.si\/wp-content\/uploads\/2023\/02\/delavec-snaga-e1705074827906.png","datePublished":"2023-02-09T12:59:12+00:00","dateModified":"2025-06-27T12:11:54+00:00","author":{"@id":"https:\/\/epeka.si\/en\/#\/schema\/person\/ab377ae2e41287f5d788e6b3cc4e9d2d"},"breadcrumb":{"@id":"https:\/\/epeka.si\/en\/zakljucna-konferenca-roma-green-agents\/#breadcrumb"},"inLanguage":"en-US","potentialAction":[{"@type":"ReadAction","target":["https:\/\/epeka.si\/en\/zakljucna-konferenca-roma-green-agents\/"]}]},{"@type":"ImageObject","inLanguage":"en-US","@id":"https:\/\/epeka.si\/en\/zakljucna-konferenca-roma-green-agents\/#primaryimage","url":"https:\/\/epeka.si\/wp-content\/uploads\/2023\/02\/delavec-snaga-e1705074827906.png","contentUrl":"https:\/\/epeka.si\/wp-content\/uploads\/2023\/02\/delavec-snaga-e1705074827906.png","width":1500,"height":348},{"@type":"BreadcrumbList","@id":"https:\/\/epeka.si\/en\/zakljucna-konferenca-roma-green-agents\/#breadcrumb","itemListElement":[{"@type":"ListItem","position":1,"name":"Home","item":"https:\/\/epeka.si\/"},{"@type":"ListItem","position":2,"name":"Final Conference: Roma Green Agents"}]},{"@type":"WebSite","@id":"https:\/\/epeka.si\/en\/#website","url":"https:\/\/epeka.si\/en\/","name":"EPEKA","description":"","potentialAction":[{"@type":"SearchAction","target":{"@type":"EntryPoint","urlTemplate":"https:\/\/epeka.si\/en\/?s={search_term_string}"},"query-input":{"@type":"PropertyValueSpecification","valueRequired":true,"valueName":"search_term_string"}}],"inLanguage":"en-US"},{"@type":"Person","@id":"https:\/\/epeka.si\/en\/#\/schema\/person\/ab377ae2e41287f5d788e6b3cc4e9d2d","name":"JL","url":"https:\/\/epeka.si\/en\/author\/jera\/"}]}},"rttpg_featured_image_url":{"full":["https:\/\/epeka.si\/wp-content\/uploads\/2023\/02\/delavec-snaga-e1705074827906.png",1500,348,false],"landscape":["https:\/\/epeka.si\/wp-content\/uploads\/2023\/02\/delavec-snaga-e1705074827906.png",1500,348,false],"portraits":["https:\/\/epeka.si\/wp-content\/uploads\/2023\/02\/delavec-snaga-e1705074827906.png",1500,348,false],"thumbnail":["https:\/\/epeka.si\/wp-content\/uploads\/2023\/02\/delavec-snaga-e1705074827906-150x150.png",150,150,true],"medium":["https:\/\/epeka.si\/wp-content\/uploads\/2023\/02\/delavec-snaga-e1705074827906-300x70.png",300,70,true],"large":["https:\/\/epeka.si\/wp-content\/uploads\/2023\/02\/delavec-snaga-e1705074827906-1024x238.png",1024,238,true],"1536x1536":["https:\/\/epeka.si\/wp-content\/uploads\/2023\/02\/delavec-snaga-e1705074827906.png",1500,348,false],"2048x2048":["https:\/\/epeka.si\/wp-content\/uploads\/2023\/02\/delavec-snaga-e1705074827906.png",1500,348,false],"tinyfeatured":["https:\/\/epeka.si\/wp-content\/uploads\/2023\/02\/delavec-snaga-e1705074827906-75x75.png",75,75,true],"gallery":["https:\/\/epeka.si\/wp-content\/uploads\/2023\/02\/delavec-snaga-e1705074827906-426x348.png",426,348,true],"fullslideshow":["https:\/\/epeka.si\/wp-content\/uploads\/2023\/02\/delavec-snaga-e1705074827906.png",1500,348,false],"fullslideshownc":["https:\/\/epeka.si\/wp-content\/uploads\/2023\/02\/delavec-snaga-e1705074827906.png",1500,348,false],"contentslideshow":["https:\/\/epeka.si\/wp-content\/uploads\/2023\/02\/delavec-snaga-e1705074827906-740x348.png",740,348,true],"contentslideshownc":["https:\/\/epeka.si\/wp-content\/uploads\/2023\/02\/delavec-snaga-e1705074827906-740x172.png",740,172,true],"regular":["https:\/\/epeka.si\/wp-content\/uploads\/2023\/02\/delavec-snaga-e1705074827906-525x300.png",525,300,true],"half":["https:\/\/epeka.si\/wp-content\/uploads\/2023\/02\/delavec-snaga-e1705074827906-410x348.png",410,348,true],"big":["https:\/\/epeka.si\/wp-content\/uploads\/2023\/02\/delavec-snaga-e1705074827906-790x348.png",790,348,true],"related":["https:\/\/epeka.si\/wp-content\/uploads\/2023\/02\/delavec-snaga-e1705074827906-525x348.png",525,348,true],"psacp-medium":["https:\/\/epeka.si\/wp-content\/uploads\/2023\/02\/delavec-snaga-e1705074827906.png",500,116,false],"woocommerce_thumbnail":["https:\/\/epeka.si\/wp-content\/uploads\/2023\/02\/delavec-snaga-e1705074827906-300x300.png",300,300,true],"woocommerce_single":["https:\/\/epeka.si\/wp-content\/uploads\/2023\/02\/delavec-snaga-e1705074827906-600x139.png",600,139,true],"woocommerce_gallery_thumbnail":["https:\/\/epeka.si\/wp-content\/uploads\/2023\/02\/delavec-snaga-e1705074827906-100x100.png",100,100,true]},"rttpg_author":{"display_name":"JL","author_link":"https:\/\/epeka.si\/en\/author\/jera\/"},"rttpg_comment":0,"rttpg_category":"<a href=\"https:\/\/epeka.si\/en\/category\/izobrazevanje-en\/\" rel=\"category tag\">Education<\/a> <a href=\"https:\/\/epeka.si\/en\/category\/events\/\" rel=\"category tag\">Events<\/a>","rttpg_excerpt":"21 January 2023 Online \u0160tefan Simon\u010di\u010d, president of the Association EPEKA, Soc. Ent., is going to attend the closing conference of the project Roma Green Agents: the informal ... Read More","_links":{"self":[{"href":"https:\/\/epeka.si\/en\/wp-json\/wp\/v2\/posts\/22718","targetHints":{"allow":["GET"]}}],"collection":[{"href":"https:\/\/epeka.si\/en\/wp-json\/wp\/v2\/posts"}],"about":[{"href":"https:\/\/epeka.si\/en\/wp-json\/wp\/v2\/types\/post"}],"author":[{"embeddable":true,"href":"https:\/\/epeka.si\/en\/wp-json\/wp\/v2\/users\/15"}],"replies":[{"embeddable":true,"href":"https:\/\/epeka.si\/en\/wp-json\/wp\/v2\/comments?post=22718"}],"version-history":[{"count":18,"href":"https:\/\/epeka.si\/en\/wp-json\/wp\/v2\/posts\/22718\/revisions"}],"predecessor-version":[{"id":81304,"href":"https:\/\/epeka.si\/en\/wp-json\/wp\/v2\/posts\/22718\/revisions\/81304"}],"wp:featuredmedia":[{"embeddable":true,"href":"https:\/\/epeka.si\/en\/wp-json\/wp\/v2\/media\/54177"}],"wp:attachment":[{"href":"https:\/\/epeka.si\/en\/wp-json\/wp\/v2\/media?parent=22718"}],"wp:term":[{"taxonomy":"category","embeddable":true,"href":"https:\/\/epeka.si\/en\/wp-json\/wp\/v2\/categories?post=22718"},{"taxonomy":"post_tag","embeddable":true,"href":"https:\/\/epeka.si\/en\/wp-json\/wp\/v2\/tags?post=22718"}],"curies":[{"name":"wp","href":"https:\/\/api.w.org\/{rel}","templated":true}]}}