{"id":24419,"date":"2021-08-18T08:13:13","date_gmt":"2021-08-18T08:13:13","guid":{"rendered":"https:\/\/epeka.si\/?p=24419"},"modified":"2024-11-09T05:44:59","modified_gmt":"2024-11-09T05:44:59","slug":"social-activation-festival","status":"publish","type":"post","link":"https:\/\/epeka.si\/en\/social-activation-festival\/","title":{"rendered":"Social Activation Festival"},"content":{"rendered":"<h3 style=\"text-align: justify;\">25 August 2021<br \/>\nLjubljana<\/h3>\n<p style=\"text-align: justify;\">The Association EPEKA, Soc. Ent., and project partner \u0160ENT invite you to the <strong>1st Social Activation Festival<\/strong>, which will take place on Wednesday, 25 August 2021 at Kampus, Pivovarni\u0161ka ulica 6, Ljubljana. The programme will start at 10 am.<br \/>\n<!--more--><\/p>\n<p style=\"text-align: justify;\">Social activation is aimed at the long-term unemployed and the temporarily unemployable. At the end of the six-month programme, we are organising the <strong>1st Social Activation Festival<\/strong>, with participants from all over Slovenia. At the festival, we will share the results of our work with the interested general public and promote social activation as a soft way of returning individuals to society and re-entering the labour market.<\/p>\n<p style=\"text-align: justify;\">A lot of work and effort has been put into the preparation of the festival by a wide group of individuals. We all have high hopes for the success of the festival. By taking part, you can help us achieve this goal. The Festival is organised by the SA participants and is the result of their work-learning project.<\/p>\n<p style=\"text-align: justify;\"><strong>The event programme:<\/strong><\/p>\n<ul style=\"text-align: justify;\">\n<li>Opening address &#8211; Stane Werbole<\/li>\n<li>Opening Welcome Address &#8211; \u0160tefan Simon\u010di\u010d, President of the Association EPEKA, Soc. Ent.<\/li>\n<\/ul>\n<p style=\"text-align: justify;\"><strong>Presentation by the organisers:<\/strong><\/p>\n<ul style=\"text-align: justify;\">\n<li>\u0160ent, Slovenian Association for Mental Health Ljubljana &#8211; mag. Nace Kova\u010d, dir.<\/li>\n<li>The Association EPEKA, Soc. Ent., Maribor &#8211; Matej Tisaj, Vice-President<\/li>\n<\/ul>\n<p style=\"text-align: justify;\"><strong>Presentation of social projects within Association EPEKA, Soc. Ent., and \u0160ENT:<\/strong><\/p>\n<ul style=\"text-align: justify;\">\n<li>For Romani women; Jerica Lorenci, assistant &#8211; Romani activist<\/li>\n<li>For other projects; Mateo Horu\u0161\u010dak, Assistant, Jasna Baselj &#8211; SA participant<\/li>\n<li>Presentation of SA projects &#8211; \u0160ENT Slovenian Association for Mental Health, Ljubljana &#8211; Ms. Damjana Flajnik<\/li>\n<\/ul>\n<p style=\"text-align: justify;\"><strong>Presentation of the providers of the social activation programme:<\/strong><\/p>\n<ul style=\"text-align: justify;\">\n<li>Educational Centre GEOSS o.o., Litija &#8211; Ms. Jasmina Hlaj<\/li>\n<li>FOUNDATION FOR RESEARCH AND SUSTAINABILITY DEVELOPMENT, Celje &#8211; Alenka Vodon\u010dnik<\/li>\n<li>SOCIETY FOR HUMAN RESOURCE DEVELOPMENT AND SOCIAL PROGRAMMES NOVUS, Velenje &#8211; Suzana Faktor<\/li>\n<li>SLOKVA FOUNDATION FOR DEVELOPMENT OF UNDISPLACED POTENTIALS, Slovenj Gradec Alenka Berlo\u017enik<\/li>\n<li>Association for the Development of Voluntary Work, Novo mesto &#8211; Ms. Tina Pajk<\/li>\n<li>PEOPLE&#8217;S UNIVERSITY, INSTITUTE FOR ADULT AND YOUTH EDUCATION LENDAVA<\/li>\n<li>SLOVENIAN NATIONAL THEATRE, BOR\u0160TNIK&#8217;S SOCIAL ACTIVATION PROGRAMME -Nika \u0160kof (interactive game)<\/li>\n<li>RELATIONSHIP ASSOCIATION. SOCIAL SCIENCES AND CULTURES DEVELOPMENT AND CONNECTION ASSOCIATION, Dom\u017eale<\/li>\n<\/ul>\n<p style=\"text-align: justify;\"><strong>Presentation of employment agencies:<\/strong><\/p>\n<ul style=\"text-align: justify;\">\n<li>Employment Agency AXENT d.o.o., Koper &#8211; Ms. Barbara Jarc; Head of the office in Lj.<\/li>\n<li>Employment Agency KARIERA d.o.o., Ljubljana &#8211; Ms. Nina Jakopin<\/li>\n<\/ul>\n<p style=\"text-align: justify;\"><strong>A word to the participants of the SA programmes and a word to the guests<\/strong><\/p>\n<p style=\"text-align: justify;\"><strong>Concluding thoughts:<\/strong><\/p>\n<ul style=\"text-align: justify;\">\n<li>Director of \u0160ENT &#8211; Mr. Nace Kova\u010d<\/li>\n<li>President of the Association EPEKA, Soc. Ent., &#8211; Mr \u0160tefan Simon\u010di\u010d<\/li>\n<\/ul>\n<p style=\"text-align: justify;\"><strong>Social part with a banquet:<\/strong><\/p>\n<ul style=\"text-align: justify;\">\n<li>Closing &#8211; Stane Werbole<\/li>\n<li>Possibility to visit the Tivoli Landscape Park<\/li>\n<li>Possibility to visit the Old Town of Ljubljana<\/li>\n<\/ul>\n<p style=\"text-align: justify;\">You are cordially invited to join us. Follow us on Facebook.<\/p>\n<p style=\"text-align: justify;\">The project is part-financed by the Ministry of Social Affairs and Health and the European Union from the European Social Fund.<\/p>\n<p style=\"text-align: justify;\"><strong>The organiser guarantees compliance with hygiene measures to prevent the transmission and spread of covid -19. According to a government decree, proof of one of the PCT conditions is required before entering the venue.<\/strong><\/p>\n","protected":false},"excerpt":{"rendered":"<p>25 August 2021 Ljubljana <\/p>\n<p style=\"text-align: justify\">The Association EPEKA, Soc. Ent., and project partner \u0160ENT invite you to the <strong>1st Social Activation Festival<\/strong>, which will take place on Wednesday, 25 &#8230; <br \/><a href=\"https:\/\/epeka.si\/en\/social-activation-festival\/\" class=\"more-link\">Read More<\/a><\/p>\n","protected":false},"author":18,"featured_media":18685,"comment_status":"closed","ping_status":"open","sticky":false,"template":"","format":"standard","meta":{"_acf_changed":false,"_monsterinsights_skip_tracking":false,"_monsterinsights_sitenote_active":false,"_monsterinsights_sitenote_note":"","_monsterinsights_sitenote_category":0,"footnotes":""},"categories":[42,83],"tags":[],"class_list":["post-24419","post","type-post","status-publish","format-standard","has-post-thumbnail","hentry","category-events","category-social-activation-en"],"acf":[],"yoast_head":"<!-- This site is optimized with the Yoast SEO plugin v26.9 - https:\/\/yoast.com\/product\/yoast-seo-wordpress\/ -->\n<title>Social Activation Festival - EPEKA<\/title>\n<meta name=\"robots\" content=\"index, follow, max-snippet:-1, max-image-preview:large, max-video-preview:-1\" \/>\n<link rel=\"canonical\" href=\"https:\/\/epeka.si\/en\/social-activation-festival\/\" \/>\n<meta property=\"og:locale\" content=\"en_US\" \/>\n<meta property=\"og:type\" content=\"article\" \/>\n<meta property=\"og:title\" content=\"Social Activation Festival - EPEKA\" \/>\n<meta property=\"og:description\" content=\"25 August 2021 Ljubljana The Association EPEKA, Soc. Ent., and project partner \u0160ENT invite you to the 1st Social Activation Festival, which will take place on Wednesday, 25 ... Read More\" \/>\n<meta property=\"og:url\" content=\"https:\/\/epeka.si\/en\/social-activation-festival\/\" \/>\n<meta property=\"og:site_name\" content=\"EPEKA\" \/>\n<meta property=\"article:published_time\" content=\"2021-08-18T08:13:13+00:00\" \/>\n<meta property=\"article:modified_time\" content=\"2024-11-09T05:44:59+00:00\" \/>\n<meta property=\"og:image\" content=\"https:\/\/epeka.si\/wp-content\/uploads\/2021\/08\/SAFESTIVAL_LJUBLJANA.png\" \/>\n\t<meta property=\"og:image:width\" content=\"1024\" \/>\n\t<meta property=\"og:image:height\" content=\"577\" \/>\n\t<meta property=\"og:image:type\" content=\"image\/png\" \/>\n<meta name=\"author\" content=\"Mateo\" \/>\n<meta name=\"twitter:label1\" content=\"Written by\" \/>\n\t<meta name=\"twitter:data1\" content=\"Mateo\" \/>\n\t<meta name=\"twitter:label2\" content=\"Est. reading time\" \/>\n\t<meta name=\"twitter:data2\" content=\"3 minutes\" \/>\n<script type=\"application\/ld+json\" class=\"yoast-schema-graph\">{\"@context\":\"https:\/\/schema.org\",\"@graph\":[{\"@type\":\"Article\",\"@id\":\"https:\/\/epeka.si\/en\/social-activation-festival\/#article\",\"isPartOf\":{\"@id\":\"https:\/\/epeka.si\/en\/social-activation-festival\/\"},\"author\":{\"name\":\"Mateo\",\"@id\":\"https:\/\/epeka.si\/en\/#\/schema\/person\/d79ed0a98ccc0f99492a59018d9e02ab\"},\"headline\":\"Social Activation Festival\",\"datePublished\":\"2021-08-18T08:13:13+00:00\",\"dateModified\":\"2024-11-09T05:44:59+00:00\",\"mainEntityOfPage\":{\"@id\":\"https:\/\/epeka.si\/en\/social-activation-festival\/\"},\"wordCount\":523,\"image\":{\"@id\":\"https:\/\/epeka.si\/en\/social-activation-festival\/#primaryimage\"},\"thumbnailUrl\":\"https:\/\/epeka.si\/wp-content\/uploads\/2021\/08\/SAFESTIVAL_LJUBLJANA.png\",\"articleSection\":[\"Events\",\"Social Activation\"],\"inLanguage\":\"en-US\"},{\"@type\":\"WebPage\",\"@id\":\"https:\/\/epeka.si\/en\/social-activation-festival\/\",\"url\":\"https:\/\/epeka.si\/en\/social-activation-festival\/\",\"name\":\"Social Activation Festival - EPEKA\",\"isPartOf\":{\"@id\":\"https:\/\/epeka.si\/en\/#website\"},\"primaryImageOfPage\":{\"@id\":\"https:\/\/epeka.si\/en\/social-activation-festival\/#primaryimage\"},\"image\":{\"@id\":\"https:\/\/epeka.si\/en\/social-activation-festival\/#primaryimage\"},\"thumbnailUrl\":\"https:\/\/epeka.si\/wp-content\/uploads\/2021\/08\/SAFESTIVAL_LJUBLJANA.png\",\"datePublished\":\"2021-08-18T08:13:13+00:00\",\"dateModified\":\"2024-11-09T05:44:59+00:00\",\"author\":{\"@id\":\"https:\/\/epeka.si\/en\/#\/schema\/person\/d79ed0a98ccc0f99492a59018d9e02ab\"},\"breadcrumb\":{\"@id\":\"https:\/\/epeka.si\/en\/social-activation-festival\/#breadcrumb\"},\"inLanguage\":\"en-US\",\"potentialAction\":[{\"@type\":\"ReadAction\",\"target\":[\"https:\/\/epeka.si\/en\/social-activation-festival\/\"]}]},{\"@type\":\"ImageObject\",\"inLanguage\":\"en-US\",\"@id\":\"https:\/\/epeka.si\/en\/social-activation-festival\/#primaryimage\",\"url\":\"https:\/\/epeka.si\/wp-content\/uploads\/2021\/08\/SAFESTIVAL_LJUBLJANA.png\",\"contentUrl\":\"https:\/\/epeka.si\/wp-content\/uploads\/2021\/08\/SAFESTIVAL_LJUBLJANA.png\",\"width\":4121,\"height\":2322},{\"@type\":\"BreadcrumbList\",\"@id\":\"https:\/\/epeka.si\/en\/social-activation-festival\/#breadcrumb\",\"itemListElement\":[{\"@type\":\"ListItem\",\"position\":1,\"name\":\"Home\",\"item\":\"https:\/\/epeka.si\/\"},{\"@type\":\"ListItem\",\"position\":2,\"name\":\"Social Activation Festival\"}]},{\"@type\":\"WebSite\",\"@id\":\"https:\/\/epeka.si\/en\/#website\",\"url\":\"https:\/\/epeka.si\/en\/\",\"name\":\"EPEKA\",\"description\":\"\",\"potentialAction\":[{\"@type\":\"SearchAction\",\"target\":{\"@type\":\"EntryPoint\",\"urlTemplate\":\"https:\/\/epeka.si\/en\/?s={search_term_string}\"},\"query-input\":{\"@type\":\"PropertyValueSpecification\",\"valueRequired\":true,\"valueName\":\"search_term_string\"}}],\"inLanguage\":\"en-US\"},{\"@type\":\"Person\",\"@id\":\"https:\/\/epeka.si\/en\/#\/schema\/person\/d79ed0a98ccc0f99492a59018d9e02ab\",\"name\":\"Mateo\",\"url\":\"https:\/\/epeka.si\/en\/author\/mateo\/\"}]}<\/script>\n<!-- \/ Yoast SEO plugin. -->","yoast_head_json":{"title":"Social Activation Festival - EPEKA","robots":{"index":"index","follow":"follow","max-snippet":"max-snippet:-1","max-image-preview":"max-image-preview:large","max-video-preview":"max-video-preview:-1"},"canonical":"https:\/\/epeka.si\/en\/social-activation-festival\/","og_locale":"en_US","og_type":"article","og_title":"Social Activation Festival - EPEKA","og_description":"25 August 2021 Ljubljana The Association EPEKA, Soc. Ent., and project partner \u0160ENT invite you to the 1st Social Activation Festival, which will take place on Wednesday, 25 ... Read More","og_url":"https:\/\/epeka.si\/en\/social-activation-festival\/","og_site_name":"EPEKA","article_published_time":"2021-08-18T08:13:13+00:00","article_modified_time":"2024-11-09T05:44:59+00:00","og_image":[{"url":"https:\/\/epeka.si\/wp-content\/uploads\/2021\/08\/SAFESTIVAL_LJUBLJANA.png","width":1024,"height":577,"type":"image\/png"}],"author":"Mateo","twitter_misc":{"Written by":"Mateo","Est. reading time":"3 minutes"},"schema":{"@context":"https:\/\/schema.org","@graph":[{"@type":"Article","@id":"https:\/\/epeka.si\/en\/social-activation-festival\/#article","isPartOf":{"@id":"https:\/\/epeka.si\/en\/social-activation-festival\/"},"author":{"name":"Mateo","@id":"https:\/\/epeka.si\/en\/#\/schema\/person\/d79ed0a98ccc0f99492a59018d9e02ab"},"headline":"Social Activation Festival","datePublished":"2021-08-18T08:13:13+00:00","dateModified":"2024-11-09T05:44:59+00:00","mainEntityOfPage":{"@id":"https:\/\/epeka.si\/en\/social-activation-festival\/"},"wordCount":523,"image":{"@id":"https:\/\/epeka.si\/en\/social-activation-festival\/#primaryimage"},"thumbnailUrl":"https:\/\/epeka.si\/wp-content\/uploads\/2021\/08\/SAFESTIVAL_LJUBLJANA.png","articleSection":["Events","Social Activation"],"inLanguage":"en-US"},{"@type":"WebPage","@id":"https:\/\/epeka.si\/en\/social-activation-festival\/","url":"https:\/\/epeka.si\/en\/social-activation-festival\/","name":"Social Activation Festival - EPEKA","isPartOf":{"@id":"https:\/\/epeka.si\/en\/#website"},"primaryImageOfPage":{"@id":"https:\/\/epeka.si\/en\/social-activation-festival\/#primaryimage"},"image":{"@id":"https:\/\/epeka.si\/en\/social-activation-festival\/#primaryimage"},"thumbnailUrl":"https:\/\/epeka.si\/wp-content\/uploads\/2021\/08\/SAFESTIVAL_LJUBLJANA.png","datePublished":"2021-08-18T08:13:13+00:00","dateModified":"2024-11-09T05:44:59+00:00","author":{"@id":"https:\/\/epeka.si\/en\/#\/schema\/person\/d79ed0a98ccc0f99492a59018d9e02ab"},"breadcrumb":{"@id":"https:\/\/epeka.si\/en\/social-activation-festival\/#breadcrumb"},"inLanguage":"en-US","potentialAction":[{"@type":"ReadAction","target":["https:\/\/epeka.si\/en\/social-activation-festival\/"]}]},{"@type":"ImageObject","inLanguage":"en-US","@id":"https:\/\/epeka.si\/en\/social-activation-festival\/#primaryimage","url":"https:\/\/epeka.si\/wp-content\/uploads\/2021\/08\/SAFESTIVAL_LJUBLJANA.png","contentUrl":"https:\/\/epeka.si\/wp-content\/uploads\/2021\/08\/SAFESTIVAL_LJUBLJANA.png","width":4121,"height":2322},{"@type":"BreadcrumbList","@id":"https:\/\/epeka.si\/en\/social-activation-festival\/#breadcrumb","itemListElement":[{"@type":"ListItem","position":1,"name":"Home","item":"https:\/\/epeka.si\/"},{"@type":"ListItem","position":2,"name":"Social Activation Festival"}]},{"@type":"WebSite","@id":"https:\/\/epeka.si\/en\/#website","url":"https:\/\/epeka.si\/en\/","name":"EPEKA","description":"","potentialAction":[{"@type":"SearchAction","target":{"@type":"EntryPoint","urlTemplate":"https:\/\/epeka.si\/en\/?s={search_term_string}"},"query-input":{"@type":"PropertyValueSpecification","valueRequired":true,"valueName":"search_term_string"}}],"inLanguage":"en-US"},{"@type":"Person","@id":"https:\/\/epeka.si\/en\/#\/schema\/person\/d79ed0a98ccc0f99492a59018d9e02ab","name":"Mateo","url":"https:\/\/epeka.si\/en\/author\/mateo\/"}]}},"rttpg_featured_image_url":{"full":["https:\/\/epeka.si\/wp-content\/uploads\/2021\/08\/SAFESTIVAL_LJUBLJANA.png",4121,2322,false],"landscape":["https:\/\/epeka.si\/wp-content\/uploads\/2021\/08\/SAFESTIVAL_LJUBLJANA.png",4121,2322,false],"portraits":["https:\/\/epeka.si\/wp-content\/uploads\/2021\/08\/SAFESTIVAL_LJUBLJANA.png",4121,2322,false],"thumbnail":["https:\/\/epeka.si\/wp-content\/uploads\/2021\/08\/SAFESTIVAL_LJUBLJANA.png",150,85,false],"medium":["https:\/\/epeka.si\/wp-content\/uploads\/2021\/08\/SAFESTIVAL_LJUBLJANA.png",300,169,false],"large":["https:\/\/epeka.si\/wp-content\/uploads\/2021\/08\/SAFESTIVAL_LJUBLJANA.png",1024,577,false],"1536x1536":["https:\/\/epeka.si\/wp-content\/uploads\/2021\/08\/SAFESTIVAL_LJUBLJANA.png",1536,865,false],"2048x2048":["https:\/\/epeka.si\/wp-content\/uploads\/2021\/08\/SAFESTIVAL_LJUBLJANA.png",2048,1154,false],"tinyfeatured":["https:\/\/epeka.si\/wp-content\/uploads\/2021\/08\/SAFESTIVAL_LJUBLJANA.png",75,42,false],"gallery":["https:\/\/epeka.si\/wp-content\/uploads\/2021\/08\/SAFESTIVAL_LJUBLJANA.png",426,240,false],"fullslideshow":["https:\/\/epeka.si\/wp-content\/uploads\/2021\/08\/SAFESTIVAL_LJUBLJANA.png",976,550,false],"fullslideshownc":["https:\/\/epeka.si\/wp-content\/uploads\/2021\/08\/SAFESTIVAL_LJUBLJANA.png",1500,845,false],"contentslideshow":["https:\/\/epeka.si\/wp-content\/uploads\/2021\/08\/SAFESTIVAL_LJUBLJANA.png",710,400,false],"contentslideshownc":["https:\/\/epeka.si\/wp-content\/uploads\/2021\/08\/SAFESTIVAL_LJUBLJANA.png",740,417,false],"regular":["https:\/\/epeka.si\/wp-content\/uploads\/2021\/08\/SAFESTIVAL_LJUBLJANA.png",525,296,false],"half":["https:\/\/epeka.si\/wp-content\/uploads\/2021\/08\/SAFESTIVAL_LJUBLJANA.png",410,231,false],"big":["https:\/\/epeka.si\/wp-content\/uploads\/2021\/08\/SAFESTIVAL_LJUBLJANA.png",754,425,false],"related":["https:\/\/epeka.si\/wp-content\/uploads\/2021\/08\/SAFESTIVAL_LJUBLJANA.png",525,296,false],"psacp-medium":["https:\/\/epeka.si\/wp-content\/uploads\/2021\/08\/SAFESTIVAL_LJUBLJANA.png",500,282,false],"woocommerce_thumbnail":["https:\/\/epeka.si\/wp-content\/uploads\/2021\/08\/SAFESTIVAL_LJUBLJANA-300x300.png",300,300,true],"woocommerce_single":["https:\/\/epeka.si\/wp-content\/uploads\/2021\/08\/SAFESTIVAL_LJUBLJANA-600x338.png",600,338,true],"woocommerce_gallery_thumbnail":["https:\/\/epeka.si\/wp-content\/uploads\/2021\/08\/SAFESTIVAL_LJUBLJANA-100x100.png",100,100,true]},"rttpg_author":{"display_name":"Mateo","author_link":"https:\/\/epeka.si\/en\/author\/mateo\/"},"rttpg_comment":0,"rttpg_category":"<a href=\"https:\/\/epeka.si\/en\/category\/events\/\" rel=\"category tag\">Events<\/a> <a href=\"https:\/\/epeka.si\/en\/category\/social-activation-en\/\" rel=\"category tag\">Social Activation<\/a>","rttpg_excerpt":"25 August 2021 Ljubljana The Association EPEKA, Soc. Ent., and project partner \u0160ENT invite you to the 1st Social Activation Festival, which will take place on Wednesday, 25 ... Read More","_links":{"self":[{"href":"https:\/\/epeka.si\/en\/wp-json\/wp\/v2\/posts\/24419","targetHints":{"allow":["GET"]}}],"collection":[{"href":"https:\/\/epeka.si\/en\/wp-json\/wp\/v2\/posts"}],"about":[{"href":"https:\/\/epeka.si\/en\/wp-json\/wp\/v2\/types\/post"}],"author":[{"embeddable":true,"href":"https:\/\/epeka.si\/en\/wp-json\/wp\/v2\/users\/18"}],"replies":[{"embeddable":true,"href":"https:\/\/epeka.si\/en\/wp-json\/wp\/v2\/comments?post=24419"}],"version-history":[{"count":15,"href":"https:\/\/epeka.si\/en\/wp-json\/wp\/v2\/posts\/24419\/revisions"}],"predecessor-version":[{"id":61278,"href":"https:\/\/epeka.si\/en\/wp-json\/wp\/v2\/posts\/24419\/revisions\/61278"}],"wp:featuredmedia":[{"embeddable":true,"href":"https:\/\/epeka.si\/en\/wp-json\/wp\/v2\/media\/18685"}],"wp:attachment":[{"href":"https:\/\/epeka.si\/en\/wp-json\/wp\/v2\/media?parent=24419"}],"wp:term":[{"taxonomy":"category","embeddable":true,"href":"https:\/\/epeka.si\/en\/wp-json\/wp\/v2\/categories?post=24419"},{"taxonomy":"post_tag","embeddable":true,"href":"https:\/\/epeka.si\/en\/wp-json\/wp\/v2\/tags?post=24419"}],"curies":[{"name":"wp","href":"https:\/\/api.w.org\/{rel}","templated":true}]}}