{"id":25129,"date":"2021-01-22T06:41:13","date_gmt":"2021-01-22T06:41:13","guid":{"rendered":"https:\/\/epeka.si\/?p=25129"},"modified":"2025-02-02T16:49:51","modified_gmt":"2025-02-02T16:49:51","slug":"accommodation-for-all","status":"publish","type":"post","link":"https:\/\/epeka.si\/en\/accommodation-for-all\/","title":{"rendered":"Accommodation for all"},"content":{"rendered":"<h3 style=\"text-align: justify;\">25 &#8211; 29 January, 2021<br \/>\nOnline<\/h3>\n<p style=\"text-align: justify;\">The President of the Association EPEKA, Soc. Ent., \u0160tefan Simon\u010di\u010d, will take part in the web consultation Accommodation for All, organised by the PES Group &#8211; European Committee of the Regions.<br \/>\n<!--more--><\/p>\n<p style=\"text-align: justify;\">More than 80 million people in Europe are affected by the lack of affordable housing. The COVID-19 pandemic has worsened the situation as more and more people struggle to pay their rent or energy bills. But what is coming to the surface has longer structural roots, stemming from deeper housing inequalities and threatening the very fabric of our society.<\/p>\n<p style=\"text-align: justify;\">Housing is a human right that must be guaranteed to all. For a socially just and sustainable recovery, we need to ensure that all citizens have decent, affordable and sustainable housing. Progressive cities and regions have already put in place innovative solutions that can catalyse further action on the ground. The PES Group, in partnership with the Socialists and Democrats in the European Parliament, the Foundation for European Progressive Studies (FEPS), the Party of European Socialists (PES) and the City of Vienna, is organising a week of online discussions and a film screening dedicated to this important topic, with a host of speakers who will share their experiences from different perspectives and who will present progressive ideas on the way forward.<\/p>\n<p style=\"text-align: justify;\"><a href=\"https:\/\/pes.cor.europa.eu\/housing-week?fbclid=IwAR1gDULnQZTQz7tidxxugykmCwEmttjcLfbSfxL_9SzW5t4lMBpgF1f7AjM\">PROGRAMME<\/a><\/p>\n<p style=\"text-align: justify;\"><em>The Association EPEKA, Soc. Ent., is supported by:<\/em><\/p>\n","protected":false},"excerpt":{"rendered":"<p>25 &#8211; 29 January, 2021 Online <\/p>\n<p style=\"text-align: justify\">The President of the Association EPEKA, Soc. Ent., \u0160tefan Simon\u010di\u010d, will take part in the web consultation Accommodation for All, organised by &#8230; <br \/><a href=\"https:\/\/epeka.si\/en\/accommodation-for-all\/\" class=\"more-link\">Read More<\/a><\/p>\n","protected":false},"author":18,"featured_media":55171,"comment_status":"closed","ping_status":"open","sticky":false,"template":"","format":"standard","meta":{"_acf_changed":false,"_monsterinsights_skip_tracking":false,"_monsterinsights_sitenote_active":false,"_monsterinsights_sitenote_note":"","_monsterinsights_sitenote_category":0,"footnotes":""},"categories":[51],"tags":[],"class_list":["post-25129","post","type-post","status-publish","format-standard","has-post-thumbnail","hentry","category-izobrazevanje-en"],"acf":[],"yoast_head":"<!-- This site is optimized with the Yoast SEO plugin v26.9 - https:\/\/yoast.com\/product\/yoast-seo-wordpress\/ -->\n<title>Accommodation for all - EPEKA<\/title>\n<meta name=\"robots\" content=\"index, follow, max-snippet:-1, max-image-preview:large, max-video-preview:-1\" \/>\n<link rel=\"canonical\" href=\"https:\/\/epeka.si\/en\/accommodation-for-all\/\" \/>\n<meta property=\"og:locale\" content=\"en_US\" \/>\n<meta property=\"og:type\" content=\"article\" \/>\n<meta property=\"og:title\" content=\"Accommodation for all - EPEKA\" \/>\n<meta property=\"og:description\" content=\"25 &#8211; 29 January, 2021 Online The President of the Association EPEKA, Soc. Ent., \u0160tefan Simon\u010di\u010d, will take part in the web consultation Accommodation for All, organised by ... Read More\" \/>\n<meta property=\"og:url\" content=\"https:\/\/epeka.si\/en\/accommodation-for-all\/\" \/>\n<meta property=\"og:site_name\" content=\"EPEKA\" \/>\n<meta property=\"article:published_time\" content=\"2021-01-22T06:41:13+00:00\" \/>\n<meta property=\"article:modified_time\" content=\"2025-02-02T16:49:51+00:00\" \/>\n<meta property=\"og:image\" content=\"https:\/\/epeka.si\/wp-content\/uploads\/2021\/01\/housing-1-e1738514977795.png\" \/>\n\t<meta property=\"og:image:width\" content=\"1500\" \/>\n\t<meta property=\"og:image:height\" content=\"415\" \/>\n\t<meta property=\"og:image:type\" content=\"image\/png\" \/>\n<meta name=\"author\" content=\"Mateo\" \/>\n<meta name=\"twitter:label1\" content=\"Written by\" \/>\n\t<meta name=\"twitter:data1\" content=\"Mateo\" \/>\n\t<meta name=\"twitter:label2\" content=\"Est. reading time\" \/>\n\t<meta name=\"twitter:data2\" content=\"2 minutes\" \/>\n<script type=\"application\/ld+json\" class=\"yoast-schema-graph\">{\"@context\":\"https:\/\/schema.org\",\"@graph\":[{\"@type\":\"Article\",\"@id\":\"https:\/\/epeka.si\/en\/accommodation-for-all\/#article\",\"isPartOf\":{\"@id\":\"https:\/\/epeka.si\/en\/accommodation-for-all\/\"},\"author\":{\"name\":\"Mateo\",\"@id\":\"https:\/\/epeka.si\/en\/#\/schema\/person\/d79ed0a98ccc0f99492a59018d9e02ab\"},\"headline\":\"Accommodation for all\",\"datePublished\":\"2021-01-22T06:41:13+00:00\",\"dateModified\":\"2025-02-02T16:49:51+00:00\",\"mainEntityOfPage\":{\"@id\":\"https:\/\/epeka.si\/en\/accommodation-for-all\/\"},\"wordCount\":226,\"image\":{\"@id\":\"https:\/\/epeka.si\/en\/accommodation-for-all\/#primaryimage\"},\"thumbnailUrl\":\"https:\/\/epeka.si\/wp-content\/uploads\/2021\/01\/housing-1-e1738514977795.png\",\"articleSection\":[\"Education\"],\"inLanguage\":\"en-US\"},{\"@type\":\"WebPage\",\"@id\":\"https:\/\/epeka.si\/en\/accommodation-for-all\/\",\"url\":\"https:\/\/epeka.si\/en\/accommodation-for-all\/\",\"name\":\"Accommodation for all - EPEKA\",\"isPartOf\":{\"@id\":\"https:\/\/epeka.si\/en\/#website\"},\"primaryImageOfPage\":{\"@id\":\"https:\/\/epeka.si\/en\/accommodation-for-all\/#primaryimage\"},\"image\":{\"@id\":\"https:\/\/epeka.si\/en\/accommodation-for-all\/#primaryimage\"},\"thumbnailUrl\":\"https:\/\/epeka.si\/wp-content\/uploads\/2021\/01\/housing-1-e1738514977795.png\",\"datePublished\":\"2021-01-22T06:41:13+00:00\",\"dateModified\":\"2025-02-02T16:49:51+00:00\",\"author\":{\"@id\":\"https:\/\/epeka.si\/en\/#\/schema\/person\/d79ed0a98ccc0f99492a59018d9e02ab\"},\"breadcrumb\":{\"@id\":\"https:\/\/epeka.si\/en\/accommodation-for-all\/#breadcrumb\"},\"inLanguage\":\"en-US\",\"potentialAction\":[{\"@type\":\"ReadAction\",\"target\":[\"https:\/\/epeka.si\/en\/accommodation-for-all\/\"]}]},{\"@type\":\"ImageObject\",\"inLanguage\":\"en-US\",\"@id\":\"https:\/\/epeka.si\/en\/accommodation-for-all\/#primaryimage\",\"url\":\"https:\/\/epeka.si\/wp-content\/uploads\/2021\/01\/housing-1-e1738514977795.png\",\"contentUrl\":\"https:\/\/epeka.si\/wp-content\/uploads\/2021\/01\/housing-1-e1738514977795.png\",\"width\":1500,\"height\":415},{\"@type\":\"BreadcrumbList\",\"@id\":\"https:\/\/epeka.si\/en\/accommodation-for-all\/#breadcrumb\",\"itemListElement\":[{\"@type\":\"ListItem\",\"position\":1,\"name\":\"Home\",\"item\":\"https:\/\/epeka.si\/\"},{\"@type\":\"ListItem\",\"position\":2,\"name\":\"Accommodation for all\"}]},{\"@type\":\"WebSite\",\"@id\":\"https:\/\/epeka.si\/en\/#website\",\"url\":\"https:\/\/epeka.si\/en\/\",\"name\":\"EPEKA\",\"description\":\"\",\"potentialAction\":[{\"@type\":\"SearchAction\",\"target\":{\"@type\":\"EntryPoint\",\"urlTemplate\":\"https:\/\/epeka.si\/en\/?s={search_term_string}\"},\"query-input\":{\"@type\":\"PropertyValueSpecification\",\"valueRequired\":true,\"valueName\":\"search_term_string\"}}],\"inLanguage\":\"en-US\"},{\"@type\":\"Person\",\"@id\":\"https:\/\/epeka.si\/en\/#\/schema\/person\/d79ed0a98ccc0f99492a59018d9e02ab\",\"name\":\"Mateo\",\"url\":\"https:\/\/epeka.si\/en\/author\/mateo\/\"}]}<\/script>\n<!-- \/ Yoast SEO plugin. -->","yoast_head_json":{"title":"Accommodation for all - EPEKA","robots":{"index":"index","follow":"follow","max-snippet":"max-snippet:-1","max-image-preview":"max-image-preview:large","max-video-preview":"max-video-preview:-1"},"canonical":"https:\/\/epeka.si\/en\/accommodation-for-all\/","og_locale":"en_US","og_type":"article","og_title":"Accommodation for all - EPEKA","og_description":"25 &#8211; 29 January, 2021 Online The President of the Association EPEKA, Soc. Ent., \u0160tefan Simon\u010di\u010d, will take part in the web consultation Accommodation for All, organised by ... Read More","og_url":"https:\/\/epeka.si\/en\/accommodation-for-all\/","og_site_name":"EPEKA","article_published_time":"2021-01-22T06:41:13+00:00","article_modified_time":"2025-02-02T16:49:51+00:00","og_image":[{"width":1500,"height":415,"url":"https:\/\/epeka.si\/wp-content\/uploads\/2021\/01\/housing-1-e1738514977795.png","type":"image\/png"}],"author":"Mateo","twitter_misc":{"Written by":"Mateo","Est. reading time":"2 minutes"},"schema":{"@context":"https:\/\/schema.org","@graph":[{"@type":"Article","@id":"https:\/\/epeka.si\/en\/accommodation-for-all\/#article","isPartOf":{"@id":"https:\/\/epeka.si\/en\/accommodation-for-all\/"},"author":{"name":"Mateo","@id":"https:\/\/epeka.si\/en\/#\/schema\/person\/d79ed0a98ccc0f99492a59018d9e02ab"},"headline":"Accommodation for all","datePublished":"2021-01-22T06:41:13+00:00","dateModified":"2025-02-02T16:49:51+00:00","mainEntityOfPage":{"@id":"https:\/\/epeka.si\/en\/accommodation-for-all\/"},"wordCount":226,"image":{"@id":"https:\/\/epeka.si\/en\/accommodation-for-all\/#primaryimage"},"thumbnailUrl":"https:\/\/epeka.si\/wp-content\/uploads\/2021\/01\/housing-1-e1738514977795.png","articleSection":["Education"],"inLanguage":"en-US"},{"@type":"WebPage","@id":"https:\/\/epeka.si\/en\/accommodation-for-all\/","url":"https:\/\/epeka.si\/en\/accommodation-for-all\/","name":"Accommodation for all - EPEKA","isPartOf":{"@id":"https:\/\/epeka.si\/en\/#website"},"primaryImageOfPage":{"@id":"https:\/\/epeka.si\/en\/accommodation-for-all\/#primaryimage"},"image":{"@id":"https:\/\/epeka.si\/en\/accommodation-for-all\/#primaryimage"},"thumbnailUrl":"https:\/\/epeka.si\/wp-content\/uploads\/2021\/01\/housing-1-e1738514977795.png","datePublished":"2021-01-22T06:41:13+00:00","dateModified":"2025-02-02T16:49:51+00:00","author":{"@id":"https:\/\/epeka.si\/en\/#\/schema\/person\/d79ed0a98ccc0f99492a59018d9e02ab"},"breadcrumb":{"@id":"https:\/\/epeka.si\/en\/accommodation-for-all\/#breadcrumb"},"inLanguage":"en-US","potentialAction":[{"@type":"ReadAction","target":["https:\/\/epeka.si\/en\/accommodation-for-all\/"]}]},{"@type":"ImageObject","inLanguage":"en-US","@id":"https:\/\/epeka.si\/en\/accommodation-for-all\/#primaryimage","url":"https:\/\/epeka.si\/wp-content\/uploads\/2021\/01\/housing-1-e1738514977795.png","contentUrl":"https:\/\/epeka.si\/wp-content\/uploads\/2021\/01\/housing-1-e1738514977795.png","width":1500,"height":415},{"@type":"BreadcrumbList","@id":"https:\/\/epeka.si\/en\/accommodation-for-all\/#breadcrumb","itemListElement":[{"@type":"ListItem","position":1,"name":"Home","item":"https:\/\/epeka.si\/"},{"@type":"ListItem","position":2,"name":"Accommodation for all"}]},{"@type":"WebSite","@id":"https:\/\/epeka.si\/en\/#website","url":"https:\/\/epeka.si\/en\/","name":"EPEKA","description":"","potentialAction":[{"@type":"SearchAction","target":{"@type":"EntryPoint","urlTemplate":"https:\/\/epeka.si\/en\/?s={search_term_string}"},"query-input":{"@type":"PropertyValueSpecification","valueRequired":true,"valueName":"search_term_string"}}],"inLanguage":"en-US"},{"@type":"Person","@id":"https:\/\/epeka.si\/en\/#\/schema\/person\/d79ed0a98ccc0f99492a59018d9e02ab","name":"Mateo","url":"https:\/\/epeka.si\/en\/author\/mateo\/"}]}},"rttpg_featured_image_url":{"full":["https:\/\/epeka.si\/wp-content\/uploads\/2021\/01\/housing-1-e1738514977795.png",1500,415,false],"landscape":["https:\/\/epeka.si\/wp-content\/uploads\/2021\/01\/housing-1-e1738514977795.png",1500,415,false],"portraits":["https:\/\/epeka.si\/wp-content\/uploads\/2021\/01\/housing-1-e1738514977795.png",1500,415,false],"thumbnail":["https:\/\/epeka.si\/wp-content\/uploads\/2021\/01\/housing-1-e1738514977795-150x150.png",150,150,true],"medium":["https:\/\/epeka.si\/wp-content\/uploads\/2021\/01\/housing-1-e1738514977795-300x83.png",300,83,true],"large":["https:\/\/epeka.si\/wp-content\/uploads\/2021\/01\/housing-1-e1738514977795-1024x283.png",1024,283,true],"1536x1536":["https:\/\/epeka.si\/wp-content\/uploads\/2021\/01\/housing-1-e1738514977795.png",1500,415,false],"2048x2048":["https:\/\/epeka.si\/wp-content\/uploads\/2021\/01\/housing-1-e1738514977795.png",1500,415,false],"tinyfeatured":["https:\/\/epeka.si\/wp-content\/uploads\/2021\/01\/housing-1-e1738514977795-75x75.png",75,75,true],"gallery":["https:\/\/epeka.si\/wp-content\/uploads\/2021\/01\/housing-1-e1738514977795-426x351.png",426,351,true],"fullslideshow":["https:\/\/epeka.si\/wp-content\/uploads\/2021\/01\/housing-1-e1738514977795.png",1500,415,false],"fullslideshownc":["https:\/\/epeka.si\/wp-content\/uploads\/2021\/01\/housing-1-e1738514977795.png",1500,415,false],"contentslideshow":["https:\/\/epeka.si\/wp-content\/uploads\/2021\/01\/housing-1-e1738514977795-740x400.png",740,400,true],"contentslideshownc":["https:\/\/epeka.si\/wp-content\/uploads\/2021\/01\/housing-1-e1738514977795-740x205.png",740,205,true],"regular":["https:\/\/epeka.si\/wp-content\/uploads\/2021\/01\/housing-1-e1738514977795-525x300.png",525,300,true],"half":["https:\/\/epeka.si\/wp-content\/uploads\/2021\/01\/housing-1-e1738514977795-410x415.png",410,415,true],"big":["https:\/\/epeka.si\/wp-content\/uploads\/2021\/01\/housing-1-e1738514977795-790x415.png",790,415,true],"related":["https:\/\/epeka.si\/wp-content\/uploads\/2021\/01\/housing-1-e1738514977795-525x415.png",525,415,true],"psacp-medium":["https:\/\/epeka.si\/wp-content\/uploads\/2021\/01\/housing-1-e1738514977795.png",500,138,false],"woocommerce_thumbnail":["https:\/\/epeka.si\/wp-content\/uploads\/2021\/01\/housing-1-e1738514977795-300x300.png",300,300,true],"woocommerce_single":["https:\/\/epeka.si\/wp-content\/uploads\/2021\/01\/housing-1-e1738514977795-600x166.png",600,166,true],"woocommerce_gallery_thumbnail":["https:\/\/epeka.si\/wp-content\/uploads\/2021\/01\/housing-1-e1738514977795-100x100.png",100,100,true]},"rttpg_author":{"display_name":"Mateo","author_link":"https:\/\/epeka.si\/en\/author\/mateo\/"},"rttpg_comment":0,"rttpg_category":"<a href=\"https:\/\/epeka.si\/en\/category\/izobrazevanje-en\/\" rel=\"category tag\">Education<\/a>","rttpg_excerpt":"25 &#8211; 29 January, 2021 Online The President of the Association EPEKA, Soc. Ent., \u0160tefan Simon\u010di\u010d, will take part in the web consultation Accommodation for All, organised by ... Read More","_links":{"self":[{"href":"https:\/\/epeka.si\/en\/wp-json\/wp\/v2\/posts\/25129","targetHints":{"allow":["GET"]}}],"collection":[{"href":"https:\/\/epeka.si\/en\/wp-json\/wp\/v2\/posts"}],"about":[{"href":"https:\/\/epeka.si\/en\/wp-json\/wp\/v2\/types\/post"}],"author":[{"embeddable":true,"href":"https:\/\/epeka.si\/en\/wp-json\/wp\/v2\/users\/18"}],"replies":[{"embeddable":true,"href":"https:\/\/epeka.si\/en\/wp-json\/wp\/v2\/comments?post=25129"}],"version-history":[{"count":8,"href":"https:\/\/epeka.si\/en\/wp-json\/wp\/v2\/posts\/25129\/revisions"}],"predecessor-version":[{"id":68132,"href":"https:\/\/epeka.si\/en\/wp-json\/wp\/v2\/posts\/25129\/revisions\/68132"}],"wp:featuredmedia":[{"embeddable":true,"href":"https:\/\/epeka.si\/en\/wp-json\/wp\/v2\/media\/55171"}],"wp:attachment":[{"href":"https:\/\/epeka.si\/en\/wp-json\/wp\/v2\/media?parent=25129"}],"wp:term":[{"taxonomy":"category","embeddable":true,"href":"https:\/\/epeka.si\/en\/wp-json\/wp\/v2\/categories?post=25129"},{"taxonomy":"post_tag","embeddable":true,"href":"https:\/\/epeka.si\/en\/wp-json\/wp\/v2\/tags?post=25129"}],"curies":[{"name":"wp","href":"https:\/\/api.w.org\/{rel}","templated":true}]}}