{"id":27784,"date":"2020-04-29T18:49:32","date_gmt":"2020-04-29T18:49:32","guid":{"rendered":"https:\/\/epeka.si\/?p=27784"},"modified":"2023-11-21T20:47:51","modified_gmt":"2023-11-21T20:47:51","slug":"agriculture-in-crisis-how-to-move-forward","status":"publish","type":"post","link":"https:\/\/epeka.si\/en\/agriculture-in-crisis-how-to-move-forward\/","title":{"rendered":"Agriculture in crisis &#8211; how to move forward?"},"content":{"rendered":"<h3 style=\"text-align: justify;\">29 April, 2020<br \/>\nOnline debate<\/h3>\n<p style=\"text-align: justify;\">The President of the Association EPEKA, Soc. Ent., \u0160tefan Simon\u010di\u010d, and members of the partnership of the project <strong>Farm &#8211; Space of Diversity<\/strong> took part in an online debate entitled &#8220;Agriculture in crisis &#8211; how to move forward?&#8221;, organised by the Slovenian Press Agency (STA).<!--more--><\/p>\n<p style=\"text-align: justify;\">The theme of the event coincides with the three-year project Farm &#8211; a place of diversity, which we are implementing in partnership with Kova\u010dnik Farm, Drankovec Farm, EPEKA Cooperative and Uranjek Organic Farm &#8211; Pri baronu. The project is funded by the European Fund for Rural Development under sub-measure 16.9.<\/p>\n<p style=\"text-align: justify;\"><strong>Description of the event<\/strong><\/p>\n<p style=\"text-align: justify;\">The new coronavirus pandemic is affecting all spheres of life and most sectors of the economy, and agriculture is also being tested. Disruption of some sales channels, difficulties in paying contributions and credit, price fluctuations and shortage of seasonal workers are just some of the challenges facing Slovenian agriculture.<\/p>\n<p style=\"text-align: justify;\">What is and will be the aid in times of coronary crisis, what changes to the rural agenda are on the horizon and how to increase self-sufficiency will be the topics of the discussion in which they will take part:<\/p>\n<ul style=\"text-align: justify;\">\n<li>Dr Aleksandra Pivec, Minister of Agriculture, Forestry and Food,<\/li>\n<li>Branko Ravnik, Director of the Chamber of Agriculture and Forestry of Slovenia, and<\/li>\n<li>Mitja Vodnjov, Director of the Agricultural Forestry Cooperative \u0160kofja Loka.<\/li>\n<\/ul>\n<p style=\"text-align: justify;\"><em>The Association EPEKA, Soc. Ent., is supported by:<\/em><\/p>\n","protected":false},"excerpt":{"rendered":"<p>29 April, 2020 Online debate <\/p>\n<p style=\"text-align: justify\">The President of the Association EPEKA, Soc. Ent., \u0160tefan Simon\u010di\u010d, and members of the partnership of the project <strong>Farm &#8211; Space of Diversity<\/strong> &#8230; <br \/><a href=\"https:\/\/epeka.si\/en\/agriculture-in-crisis-how-to-move-forward\/\" class=\"more-link\">Read More<\/a><\/p>\n","protected":false},"author":28,"featured_media":14771,"comment_status":"closed","ping_status":"open","sticky":false,"template":"","format":"standard","meta":{"_acf_changed":false,"_monsterinsights_skip_tracking":false,"_monsterinsights_sitenote_active":false,"_monsterinsights_sitenote_note":"","_monsterinsights_sitenote_category":0,"footnotes":""},"categories":[51],"tags":[],"class_list":["post-27784","post","type-post","status-publish","format-standard","has-post-thumbnail","hentry","category-izobrazevanje-en"],"acf":[],"yoast_head":"<!-- This site is optimized with the Yoast SEO plugin v26.9 - https:\/\/yoast.com\/product\/yoast-seo-wordpress\/ -->\n<title>Agriculture in crisis - how to move forward? - EPEKA<\/title>\n<meta name=\"robots\" content=\"index, follow, max-snippet:-1, max-image-preview:large, max-video-preview:-1\" \/>\n<link rel=\"canonical\" href=\"https:\/\/epeka.si\/en\/agriculture-in-crisis-how-to-move-forward\/\" \/>\n<meta property=\"og:locale\" content=\"en_US\" \/>\n<meta property=\"og:type\" content=\"article\" \/>\n<meta property=\"og:title\" content=\"Agriculture in crisis - how to move forward? - EPEKA\" \/>\n<meta property=\"og:description\" content=\"29 April, 2020 Online debate The President of the Association EPEKA, Soc. Ent., \u0160tefan Simon\u010di\u010d, and members of the partnership of the project Farm &#8211; Space of Diversity ... Read More\" \/>\n<meta property=\"og:url\" content=\"https:\/\/epeka.si\/en\/agriculture-in-crisis-how-to-move-forward\/\" \/>\n<meta property=\"og:site_name\" content=\"EPEKA\" \/>\n<meta property=\"article:published_time\" content=\"2020-04-29T18:49:32+00:00\" \/>\n<meta property=\"article:modified_time\" content=\"2023-11-21T20:47:51+00:00\" \/>\n<meta property=\"og:image\" content=\"https:\/\/epeka.si\/wp-content\/uploads\/2020\/04\/kmetijauranjek.jpg\" \/>\n\t<meta property=\"og:image:width\" content=\"1920\" \/>\n\t<meta property=\"og:image:height\" content=\"840\" \/>\n\t<meta property=\"og:image:type\" content=\"image\/jpeg\" \/>\n<meta name=\"author\" content=\"AS\" \/>\n<meta name=\"twitter:label1\" content=\"Written by\" \/>\n\t<meta name=\"twitter:data1\" content=\"AS\" \/>\n\t<meta name=\"twitter:label2\" content=\"Est. reading time\" \/>\n\t<meta name=\"twitter:data2\" content=\"2 minutes\" \/>\n<script type=\"application\/ld+json\" class=\"yoast-schema-graph\">{\"@context\":\"https:\/\/schema.org\",\"@graph\":[{\"@type\":\"Article\",\"@id\":\"https:\/\/epeka.si\/en\/agriculture-in-crisis-how-to-move-forward\/#article\",\"isPartOf\":{\"@id\":\"https:\/\/epeka.si\/en\/agriculture-in-crisis-how-to-move-forward\/\"},\"author\":{\"name\":\"AS\",\"@id\":\"https:\/\/epeka.si\/en\/#\/schema\/person\/d31b1609a7189f2a6405343b2f925c2b\"},\"headline\":\"Agriculture in crisis &#8211; how to move forward?\",\"datePublished\":\"2020-04-29T18:49:32+00:00\",\"dateModified\":\"2023-11-21T20:47:51+00:00\",\"mainEntityOfPage\":{\"@id\":\"https:\/\/epeka.si\/en\/agriculture-in-crisis-how-to-move-forward\/\"},\"wordCount\":240,\"image\":{\"@id\":\"https:\/\/epeka.si\/en\/agriculture-in-crisis-how-to-move-forward\/#primaryimage\"},\"thumbnailUrl\":\"https:\/\/epeka.si\/wp-content\/uploads\/2020\/04\/kmetijauranjek.jpg\",\"articleSection\":[\"Education\"],\"inLanguage\":\"en-US\"},{\"@type\":\"WebPage\",\"@id\":\"https:\/\/epeka.si\/en\/agriculture-in-crisis-how-to-move-forward\/\",\"url\":\"https:\/\/epeka.si\/en\/agriculture-in-crisis-how-to-move-forward\/\",\"name\":\"Agriculture in crisis - how to move forward? - EPEKA\",\"isPartOf\":{\"@id\":\"https:\/\/epeka.si\/en\/#website\"},\"primaryImageOfPage\":{\"@id\":\"https:\/\/epeka.si\/en\/agriculture-in-crisis-how-to-move-forward\/#primaryimage\"},\"image\":{\"@id\":\"https:\/\/epeka.si\/en\/agriculture-in-crisis-how-to-move-forward\/#primaryimage\"},\"thumbnailUrl\":\"https:\/\/epeka.si\/wp-content\/uploads\/2020\/04\/kmetijauranjek.jpg\",\"datePublished\":\"2020-04-29T18:49:32+00:00\",\"dateModified\":\"2023-11-21T20:47:51+00:00\",\"author\":{\"@id\":\"https:\/\/epeka.si\/en\/#\/schema\/person\/d31b1609a7189f2a6405343b2f925c2b\"},\"breadcrumb\":{\"@id\":\"https:\/\/epeka.si\/en\/agriculture-in-crisis-how-to-move-forward\/#breadcrumb\"},\"inLanguage\":\"en-US\",\"potentialAction\":[{\"@type\":\"ReadAction\",\"target\":[\"https:\/\/epeka.si\/en\/agriculture-in-crisis-how-to-move-forward\/\"]}]},{\"@type\":\"ImageObject\",\"inLanguage\":\"en-US\",\"@id\":\"https:\/\/epeka.si\/en\/agriculture-in-crisis-how-to-move-forward\/#primaryimage\",\"url\":\"https:\/\/epeka.si\/wp-content\/uploads\/2020\/04\/kmetijauranjek.jpg\",\"contentUrl\":\"https:\/\/epeka.si\/wp-content\/uploads\/2020\/04\/kmetijauranjek.jpg\",\"width\":1920,\"height\":840},{\"@type\":\"BreadcrumbList\",\"@id\":\"https:\/\/epeka.si\/en\/agriculture-in-crisis-how-to-move-forward\/#breadcrumb\",\"itemListElement\":[{\"@type\":\"ListItem\",\"position\":1,\"name\":\"Home\",\"item\":\"https:\/\/epeka.si\/\"},{\"@type\":\"ListItem\",\"position\":2,\"name\":\"Agriculture in crisis &#8211; how to move forward?\"}]},{\"@type\":\"WebSite\",\"@id\":\"https:\/\/epeka.si\/en\/#website\",\"url\":\"https:\/\/epeka.si\/en\/\",\"name\":\"EPEKA\",\"description\":\"\",\"potentialAction\":[{\"@type\":\"SearchAction\",\"target\":{\"@type\":\"EntryPoint\",\"urlTemplate\":\"https:\/\/epeka.si\/en\/?s={search_term_string}\"},\"query-input\":{\"@type\":\"PropertyValueSpecification\",\"valueRequired\":true,\"valueName\":\"search_term_string\"}}],\"inLanguage\":\"en-US\"},{\"@type\":\"Person\",\"@id\":\"https:\/\/epeka.si\/en\/#\/schema\/person\/d31b1609a7189f2a6405343b2f925c2b\",\"name\":\"AS\",\"url\":\"https:\/\/epeka.si\/en\/author\/as\/\"}]}<\/script>\n<!-- \/ Yoast SEO plugin. -->","yoast_head_json":{"title":"Agriculture in crisis - how to move forward? - EPEKA","robots":{"index":"index","follow":"follow","max-snippet":"max-snippet:-1","max-image-preview":"max-image-preview:large","max-video-preview":"max-video-preview:-1"},"canonical":"https:\/\/epeka.si\/en\/agriculture-in-crisis-how-to-move-forward\/","og_locale":"en_US","og_type":"article","og_title":"Agriculture in crisis - how to move forward? - EPEKA","og_description":"29 April, 2020 Online debate The President of the Association EPEKA, Soc. Ent., \u0160tefan Simon\u010di\u010d, and members of the partnership of the project Farm &#8211; Space of Diversity ... Read More","og_url":"https:\/\/epeka.si\/en\/agriculture-in-crisis-how-to-move-forward\/","og_site_name":"EPEKA","article_published_time":"2020-04-29T18:49:32+00:00","article_modified_time":"2023-11-21T20:47:51+00:00","og_image":[{"width":1920,"height":840,"url":"https:\/\/epeka.si\/wp-content\/uploads\/2020\/04\/kmetijauranjek.jpg","type":"image\/jpeg"}],"author":"AS","twitter_misc":{"Written by":"AS","Est. reading time":"2 minutes"},"schema":{"@context":"https:\/\/schema.org","@graph":[{"@type":"Article","@id":"https:\/\/epeka.si\/en\/agriculture-in-crisis-how-to-move-forward\/#article","isPartOf":{"@id":"https:\/\/epeka.si\/en\/agriculture-in-crisis-how-to-move-forward\/"},"author":{"name":"AS","@id":"https:\/\/epeka.si\/en\/#\/schema\/person\/d31b1609a7189f2a6405343b2f925c2b"},"headline":"Agriculture in crisis &#8211; how to move forward?","datePublished":"2020-04-29T18:49:32+00:00","dateModified":"2023-11-21T20:47:51+00:00","mainEntityOfPage":{"@id":"https:\/\/epeka.si\/en\/agriculture-in-crisis-how-to-move-forward\/"},"wordCount":240,"image":{"@id":"https:\/\/epeka.si\/en\/agriculture-in-crisis-how-to-move-forward\/#primaryimage"},"thumbnailUrl":"https:\/\/epeka.si\/wp-content\/uploads\/2020\/04\/kmetijauranjek.jpg","articleSection":["Education"],"inLanguage":"en-US"},{"@type":"WebPage","@id":"https:\/\/epeka.si\/en\/agriculture-in-crisis-how-to-move-forward\/","url":"https:\/\/epeka.si\/en\/agriculture-in-crisis-how-to-move-forward\/","name":"Agriculture in crisis - how to move forward? - EPEKA","isPartOf":{"@id":"https:\/\/epeka.si\/en\/#website"},"primaryImageOfPage":{"@id":"https:\/\/epeka.si\/en\/agriculture-in-crisis-how-to-move-forward\/#primaryimage"},"image":{"@id":"https:\/\/epeka.si\/en\/agriculture-in-crisis-how-to-move-forward\/#primaryimage"},"thumbnailUrl":"https:\/\/epeka.si\/wp-content\/uploads\/2020\/04\/kmetijauranjek.jpg","datePublished":"2020-04-29T18:49:32+00:00","dateModified":"2023-11-21T20:47:51+00:00","author":{"@id":"https:\/\/epeka.si\/en\/#\/schema\/person\/d31b1609a7189f2a6405343b2f925c2b"},"breadcrumb":{"@id":"https:\/\/epeka.si\/en\/agriculture-in-crisis-how-to-move-forward\/#breadcrumb"},"inLanguage":"en-US","potentialAction":[{"@type":"ReadAction","target":["https:\/\/epeka.si\/en\/agriculture-in-crisis-how-to-move-forward\/"]}]},{"@type":"ImageObject","inLanguage":"en-US","@id":"https:\/\/epeka.si\/en\/agriculture-in-crisis-how-to-move-forward\/#primaryimage","url":"https:\/\/epeka.si\/wp-content\/uploads\/2020\/04\/kmetijauranjek.jpg","contentUrl":"https:\/\/epeka.si\/wp-content\/uploads\/2020\/04\/kmetijauranjek.jpg","width":1920,"height":840},{"@type":"BreadcrumbList","@id":"https:\/\/epeka.si\/en\/agriculture-in-crisis-how-to-move-forward\/#breadcrumb","itemListElement":[{"@type":"ListItem","position":1,"name":"Home","item":"https:\/\/epeka.si\/"},{"@type":"ListItem","position":2,"name":"Agriculture in crisis &#8211; how to move forward?"}]},{"@type":"WebSite","@id":"https:\/\/epeka.si\/en\/#website","url":"https:\/\/epeka.si\/en\/","name":"EPEKA","description":"","potentialAction":[{"@type":"SearchAction","target":{"@type":"EntryPoint","urlTemplate":"https:\/\/epeka.si\/en\/?s={search_term_string}"},"query-input":{"@type":"PropertyValueSpecification","valueRequired":true,"valueName":"search_term_string"}}],"inLanguage":"en-US"},{"@type":"Person","@id":"https:\/\/epeka.si\/en\/#\/schema\/person\/d31b1609a7189f2a6405343b2f925c2b","name":"AS","url":"https:\/\/epeka.si\/en\/author\/as\/"}]}},"rttpg_featured_image_url":{"full":["https:\/\/epeka.si\/wp-content\/uploads\/2020\/04\/kmetijauranjek.jpg",1920,840,false],"landscape":["https:\/\/epeka.si\/wp-content\/uploads\/2020\/04\/kmetijauranjek.jpg",1920,840,false],"portraits":["https:\/\/epeka.si\/wp-content\/uploads\/2020\/04\/kmetijauranjek.jpg",1920,840,false],"thumbnail":["https:\/\/epeka.si\/wp-content\/uploads\/2020\/04\/kmetijauranjek-150x150.jpg",150,150,true],"medium":["https:\/\/epeka.si\/wp-content\/uploads\/2020\/04\/kmetijauranjek-300x131.jpg",300,131,true],"large":["https:\/\/epeka.si\/wp-content\/uploads\/2020\/04\/kmetijauranjek-1024x448.jpg",1024,448,true],"1536x1536":["https:\/\/epeka.si\/wp-content\/uploads\/2020\/04\/kmetijauranjek-1536x672.jpg",1536,672,true],"2048x2048":["https:\/\/epeka.si\/wp-content\/uploads\/2020\/04\/kmetijauranjek.jpg",1920,840,false],"tinyfeatured":["https:\/\/epeka.si\/wp-content\/uploads\/2020\/04\/kmetijauranjek-75x75.jpg",75,75,true],"gallery":["https:\/\/epeka.si\/wp-content\/uploads\/2020\/04\/kmetijauranjek-426x351.jpg",426,351,true],"fullslideshow":["https:\/\/epeka.si\/wp-content\/uploads\/2020\/04\/kmetijauranjek-1500x550.jpg",1500,550,true],"fullslideshownc":["https:\/\/epeka.si\/wp-content\/uploads\/2020\/04\/kmetijauranjek-1500x656.jpg",1500,656,true],"contentslideshow":["https:\/\/epeka.si\/wp-content\/uploads\/2020\/04\/kmetijauranjek-740x400.jpg",740,400,true],"contentslideshownc":["https:\/\/epeka.si\/wp-content\/uploads\/2020\/04\/kmetijauranjek-740x324.jpg",740,324,true],"regular":["https:\/\/epeka.si\/wp-content\/uploads\/2020\/04\/kmetijauranjek-525x300.jpg",525,300,true],"half":["https:\/\/epeka.si\/wp-content\/uploads\/2020\/04\/kmetijauranjek-410x441.jpg",410,441,true],"big":["https:\/\/epeka.si\/wp-content\/uploads\/2020\/04\/kmetijauranjek-790x425.jpg",790,425,true],"related":["https:\/\/epeka.si\/wp-content\/uploads\/2020\/04\/kmetijauranjek-525x564.jpg",525,564,true],"psacp-medium":["https:\/\/epeka.si\/wp-content\/uploads\/2020\/04\/kmetijauranjek.jpg",500,219,false],"woocommerce_thumbnail":["https:\/\/epeka.si\/wp-content\/uploads\/2020\/04\/kmetijauranjek-300x300.jpg",300,300,true],"woocommerce_single":["https:\/\/epeka.si\/wp-content\/uploads\/2020\/04\/kmetijauranjek-600x263.jpg",600,263,true],"woocommerce_gallery_thumbnail":["https:\/\/epeka.si\/wp-content\/uploads\/2020\/04\/kmetijauranjek-100x100.jpg",100,100,true]},"rttpg_author":{"display_name":"AS","author_link":"https:\/\/epeka.si\/en\/author\/as\/"},"rttpg_comment":0,"rttpg_category":"<a href=\"https:\/\/epeka.si\/en\/category\/izobrazevanje-en\/\" rel=\"category tag\">Education<\/a>","rttpg_excerpt":"29 April, 2020 Online debate The President of the Association EPEKA, Soc. Ent., \u0160tefan Simon\u010di\u010d, and members of the partnership of the project Farm &#8211; Space of Diversity ... Read More","_links":{"self":[{"href":"https:\/\/epeka.si\/en\/wp-json\/wp\/v2\/posts\/27784","targetHints":{"allow":["GET"]}}],"collection":[{"href":"https:\/\/epeka.si\/en\/wp-json\/wp\/v2\/posts"}],"about":[{"href":"https:\/\/epeka.si\/en\/wp-json\/wp\/v2\/types\/post"}],"author":[{"embeddable":true,"href":"https:\/\/epeka.si\/en\/wp-json\/wp\/v2\/users\/28"}],"replies":[{"embeddable":true,"href":"https:\/\/epeka.si\/en\/wp-json\/wp\/v2\/comments?post=27784"}],"version-history":[{"count":6,"href":"https:\/\/epeka.si\/en\/wp-json\/wp\/v2\/posts\/27784\/revisions"}],"predecessor-version":[{"id":45312,"href":"https:\/\/epeka.si\/en\/wp-json\/wp\/v2\/posts\/27784\/revisions\/45312"}],"wp:featuredmedia":[{"embeddable":true,"href":"https:\/\/epeka.si\/en\/wp-json\/wp\/v2\/media\/14771"}],"wp:attachment":[{"href":"https:\/\/epeka.si\/en\/wp-json\/wp\/v2\/media?parent=27784"}],"wp:term":[{"taxonomy":"category","embeddable":true,"href":"https:\/\/epeka.si\/en\/wp-json\/wp\/v2\/categories?post=27784"},{"taxonomy":"post_tag","embeddable":true,"href":"https:\/\/epeka.si\/en\/wp-json\/wp\/v2\/tags?post=27784"}],"curies":[{"name":"wp","href":"https:\/\/api.w.org\/{rel}","templated":true}]}}