{"id":30595,"date":"2017-11-12T16:49:48","date_gmt":"2017-11-12T16:49:48","guid":{"rendered":"https:\/\/epeka.si\/?p=30595"},"modified":"2024-11-13T18:59:48","modified_gmt":"2024-11-13T18:59:48","slug":"xxiii-social-chamber-days","status":"publish","type":"post","link":"https:\/\/epeka.si\/en\/xxiii-social-chamber-days\/","title":{"rendered":"XXIII Social Chamber Days"},"content":{"rendered":"<h3 style=\"text-align: justify;\">23 &#8211; 24 November, 2017<br \/>\nRimske Terme<\/h3>\n<p style=\"text-align: justify;\">\u0160tefan Simon\u010di\u010d, President of the Association EPEKA, Soc. Ent., will attend the XXIII Days of the Social Chamber.<!--more--><\/p>\n<p>The Social Chamber of Slovenia is organising the traditional two-day professional meeting Days of the Social Chamber of Slovenia, this year the twenty-third, which will take place on 23 and 24 November in the Roman Baths, Styria. The main theme of the meeting will be Implementing the Priority Directions in the Field of Social Protection, and the President of the Republic of Slovenia, Borut Pahor, has assumed the honourable patronage of the event.<\/p>\n<p>&nbsp;<\/p>\n<p><em>The Association EPEKA, Soc. Ent., is supported by:<\/em><\/p>\n","protected":false},"excerpt":{"rendered":"<p>23 &#8211; 24 November, 2017 Rimske Terme <\/p>\n<p style=\"text-align: justify;\">\u0160tefan Simon\u010di\u010d, President of the Association EPEKA, Soc. Ent., will attend the XXIII Days of the Social Chamber.<\/p>\n","protected":false},"author":28,"featured_media":61806,"comment_status":"closed","ping_status":"open","sticky":false,"template":"","format":"standard","meta":{"_acf_changed":false,"_monsterinsights_skip_tracking":false,"_monsterinsights_sitenote_active":false,"_monsterinsights_sitenote_note":"","_monsterinsights_sitenote_category":0,"footnotes":""},"categories":[51,42],"tags":[],"class_list":["post-30595","post","type-post","status-publish","format-standard","has-post-thumbnail","hentry","category-izobrazevanje-en","category-events"],"acf":[],"yoast_head":"<!-- This site is optimized with the Yoast SEO plugin v26.9 - https:\/\/yoast.com\/product\/yoast-seo-wordpress\/ -->\n<title>XXIII Social Chamber Days - EPEKA<\/title>\n<meta name=\"robots\" content=\"index, follow, max-snippet:-1, max-image-preview:large, max-video-preview:-1\" \/>\n<link rel=\"canonical\" href=\"https:\/\/epeka.si\/en\/xxiii-social-chamber-days\/\" \/>\n<meta property=\"og:locale\" content=\"en_US\" \/>\n<meta property=\"og:type\" content=\"article\" \/>\n<meta property=\"og:title\" content=\"XXIII Social Chamber Days - EPEKA\" \/>\n<meta property=\"og:description\" content=\"23 &#8211; 24 November, 2017 Rimske Terme \u0160tefan Simon\u010di\u010d, President of the Association EPEKA, Soc. Ent., will attend the XXIII Days of the Social Chamber.\" \/>\n<meta property=\"og:url\" content=\"https:\/\/epeka.si\/en\/xxiii-social-chamber-days\/\" \/>\n<meta property=\"og:site_name\" content=\"EPEKA\" \/>\n<meta property=\"article:published_time\" content=\"2017-11-12T16:49:48+00:00\" \/>\n<meta property=\"article:modified_time\" content=\"2024-11-13T18:59:48+00:00\" \/>\n<meta property=\"og:image\" content=\"https:\/\/epeka.si\/wp-content\/uploads\/2017\/11\/ai-generated-8123097_1280.png\" \/>\n\t<meta property=\"og:image:width\" content=\"1279\" \/>\n\t<meta property=\"og:image:height\" content=\"1280\" \/>\n\t<meta property=\"og:image:type\" content=\"image\/png\" \/>\n<meta name=\"author\" content=\"AS\" \/>\n<meta name=\"twitter:label1\" content=\"Written by\" \/>\n\t<meta name=\"twitter:data1\" content=\"AS\" \/>\n\t<meta name=\"twitter:label2\" content=\"Est. reading time\" \/>\n\t<meta name=\"twitter:data2\" content=\"1 minute\" \/>\n<script type=\"application\/ld+json\" class=\"yoast-schema-graph\">{\"@context\":\"https:\/\/schema.org\",\"@graph\":[{\"@type\":\"Article\",\"@id\":\"https:\/\/epeka.si\/en\/xxiii-social-chamber-days\/#article\",\"isPartOf\":{\"@id\":\"https:\/\/epeka.si\/en\/xxiii-social-chamber-days\/\"},\"author\":{\"name\":\"AS\",\"@id\":\"https:\/\/epeka.si\/en\/#\/schema\/person\/d31b1609a7189f2a6405343b2f925c2b\"},\"headline\":\"XXIII Social Chamber Days\",\"datePublished\":\"2017-11-12T16:49:48+00:00\",\"dateModified\":\"2024-11-13T18:59:48+00:00\",\"mainEntityOfPage\":{\"@id\":\"https:\/\/epeka.si\/en\/xxiii-social-chamber-days\/\"},\"wordCount\":107,\"image\":{\"@id\":\"https:\/\/epeka.si\/en\/xxiii-social-chamber-days\/#primaryimage\"},\"thumbnailUrl\":\"https:\/\/epeka.si\/wp-content\/uploads\/2017\/11\/ai-generated-8123097_1280.png\",\"articleSection\":[\"Education\",\"Events\"],\"inLanguage\":\"en-US\"},{\"@type\":\"WebPage\",\"@id\":\"https:\/\/epeka.si\/en\/xxiii-social-chamber-days\/\",\"url\":\"https:\/\/epeka.si\/en\/xxiii-social-chamber-days\/\",\"name\":\"XXIII Social Chamber Days - EPEKA\",\"isPartOf\":{\"@id\":\"https:\/\/epeka.si\/en\/#website\"},\"primaryImageOfPage\":{\"@id\":\"https:\/\/epeka.si\/en\/xxiii-social-chamber-days\/#primaryimage\"},\"image\":{\"@id\":\"https:\/\/epeka.si\/en\/xxiii-social-chamber-days\/#primaryimage\"},\"thumbnailUrl\":\"https:\/\/epeka.si\/wp-content\/uploads\/2017\/11\/ai-generated-8123097_1280.png\",\"datePublished\":\"2017-11-12T16:49:48+00:00\",\"dateModified\":\"2024-11-13T18:59:48+00:00\",\"author\":{\"@id\":\"https:\/\/epeka.si\/en\/#\/schema\/person\/d31b1609a7189f2a6405343b2f925c2b\"},\"breadcrumb\":{\"@id\":\"https:\/\/epeka.si\/en\/xxiii-social-chamber-days\/#breadcrumb\"},\"inLanguage\":\"en-US\",\"potentialAction\":[{\"@type\":\"ReadAction\",\"target\":[\"https:\/\/epeka.si\/en\/xxiii-social-chamber-days\/\"]}]},{\"@type\":\"ImageObject\",\"inLanguage\":\"en-US\",\"@id\":\"https:\/\/epeka.si\/en\/xxiii-social-chamber-days\/#primaryimage\",\"url\":\"https:\/\/epeka.si\/wp-content\/uploads\/2017\/11\/ai-generated-8123097_1280.png\",\"contentUrl\":\"https:\/\/epeka.si\/wp-content\/uploads\/2017\/11\/ai-generated-8123097_1280.png\",\"width\":1279,\"height\":1280},{\"@type\":\"BreadcrumbList\",\"@id\":\"https:\/\/epeka.si\/en\/xxiii-social-chamber-days\/#breadcrumb\",\"itemListElement\":[{\"@type\":\"ListItem\",\"position\":1,\"name\":\"Home\",\"item\":\"https:\/\/epeka.si\/\"},{\"@type\":\"ListItem\",\"position\":2,\"name\":\"XXIII Social Chamber Days\"}]},{\"@type\":\"WebSite\",\"@id\":\"https:\/\/epeka.si\/en\/#website\",\"url\":\"https:\/\/epeka.si\/en\/\",\"name\":\"EPEKA\",\"description\":\"\",\"potentialAction\":[{\"@type\":\"SearchAction\",\"target\":{\"@type\":\"EntryPoint\",\"urlTemplate\":\"https:\/\/epeka.si\/en\/?s={search_term_string}\"},\"query-input\":{\"@type\":\"PropertyValueSpecification\",\"valueRequired\":true,\"valueName\":\"search_term_string\"}}],\"inLanguage\":\"en-US\"},{\"@type\":\"Person\",\"@id\":\"https:\/\/epeka.si\/en\/#\/schema\/person\/d31b1609a7189f2a6405343b2f925c2b\",\"name\":\"AS\",\"url\":\"https:\/\/epeka.si\/en\/author\/as\/\"}]}<\/script>\n<!-- \/ Yoast SEO plugin. -->","yoast_head_json":{"title":"XXIII Social Chamber Days - EPEKA","robots":{"index":"index","follow":"follow","max-snippet":"max-snippet:-1","max-image-preview":"max-image-preview:large","max-video-preview":"max-video-preview:-1"},"canonical":"https:\/\/epeka.si\/en\/xxiii-social-chamber-days\/","og_locale":"en_US","og_type":"article","og_title":"XXIII Social Chamber Days - EPEKA","og_description":"23 &#8211; 24 November, 2017 Rimske Terme \u0160tefan Simon\u010di\u010d, President of the Association EPEKA, Soc. Ent., will attend the XXIII Days of the Social Chamber.","og_url":"https:\/\/epeka.si\/en\/xxiii-social-chamber-days\/","og_site_name":"EPEKA","article_published_time":"2017-11-12T16:49:48+00:00","article_modified_time":"2024-11-13T18:59:48+00:00","og_image":[{"width":1279,"height":1280,"url":"https:\/\/epeka.si\/wp-content\/uploads\/2017\/11\/ai-generated-8123097_1280.png","type":"image\/png"}],"author":"AS","twitter_misc":{"Written by":"AS","Est. reading time":"1 minute"},"schema":{"@context":"https:\/\/schema.org","@graph":[{"@type":"Article","@id":"https:\/\/epeka.si\/en\/xxiii-social-chamber-days\/#article","isPartOf":{"@id":"https:\/\/epeka.si\/en\/xxiii-social-chamber-days\/"},"author":{"name":"AS","@id":"https:\/\/epeka.si\/en\/#\/schema\/person\/d31b1609a7189f2a6405343b2f925c2b"},"headline":"XXIII Social Chamber Days","datePublished":"2017-11-12T16:49:48+00:00","dateModified":"2024-11-13T18:59:48+00:00","mainEntityOfPage":{"@id":"https:\/\/epeka.si\/en\/xxiii-social-chamber-days\/"},"wordCount":107,"image":{"@id":"https:\/\/epeka.si\/en\/xxiii-social-chamber-days\/#primaryimage"},"thumbnailUrl":"https:\/\/epeka.si\/wp-content\/uploads\/2017\/11\/ai-generated-8123097_1280.png","articleSection":["Education","Events"],"inLanguage":"en-US"},{"@type":"WebPage","@id":"https:\/\/epeka.si\/en\/xxiii-social-chamber-days\/","url":"https:\/\/epeka.si\/en\/xxiii-social-chamber-days\/","name":"XXIII Social Chamber Days - EPEKA","isPartOf":{"@id":"https:\/\/epeka.si\/en\/#website"},"primaryImageOfPage":{"@id":"https:\/\/epeka.si\/en\/xxiii-social-chamber-days\/#primaryimage"},"image":{"@id":"https:\/\/epeka.si\/en\/xxiii-social-chamber-days\/#primaryimage"},"thumbnailUrl":"https:\/\/epeka.si\/wp-content\/uploads\/2017\/11\/ai-generated-8123097_1280.png","datePublished":"2017-11-12T16:49:48+00:00","dateModified":"2024-11-13T18:59:48+00:00","author":{"@id":"https:\/\/epeka.si\/en\/#\/schema\/person\/d31b1609a7189f2a6405343b2f925c2b"},"breadcrumb":{"@id":"https:\/\/epeka.si\/en\/xxiii-social-chamber-days\/#breadcrumb"},"inLanguage":"en-US","potentialAction":[{"@type":"ReadAction","target":["https:\/\/epeka.si\/en\/xxiii-social-chamber-days\/"]}]},{"@type":"ImageObject","inLanguage":"en-US","@id":"https:\/\/epeka.si\/en\/xxiii-social-chamber-days\/#primaryimage","url":"https:\/\/epeka.si\/wp-content\/uploads\/2017\/11\/ai-generated-8123097_1280.png","contentUrl":"https:\/\/epeka.si\/wp-content\/uploads\/2017\/11\/ai-generated-8123097_1280.png","width":1279,"height":1280},{"@type":"BreadcrumbList","@id":"https:\/\/epeka.si\/en\/xxiii-social-chamber-days\/#breadcrumb","itemListElement":[{"@type":"ListItem","position":1,"name":"Home","item":"https:\/\/epeka.si\/"},{"@type":"ListItem","position":2,"name":"XXIII Social Chamber Days"}]},{"@type":"WebSite","@id":"https:\/\/epeka.si\/en\/#website","url":"https:\/\/epeka.si\/en\/","name":"EPEKA","description":"","potentialAction":[{"@type":"SearchAction","target":{"@type":"EntryPoint","urlTemplate":"https:\/\/epeka.si\/en\/?s={search_term_string}"},"query-input":{"@type":"PropertyValueSpecification","valueRequired":true,"valueName":"search_term_string"}}],"inLanguage":"en-US"},{"@type":"Person","@id":"https:\/\/epeka.si\/en\/#\/schema\/person\/d31b1609a7189f2a6405343b2f925c2b","name":"AS","url":"https:\/\/epeka.si\/en\/author\/as\/"}]}},"rttpg_featured_image_url":{"full":["https:\/\/epeka.si\/wp-content\/uploads\/2017\/11\/ai-generated-8123097_1280.png",1279,1280,false],"landscape":["https:\/\/epeka.si\/wp-content\/uploads\/2017\/11\/ai-generated-8123097_1280.png",1279,1280,false],"portraits":["https:\/\/epeka.si\/wp-content\/uploads\/2017\/11\/ai-generated-8123097_1280.png",1279,1280,false],"thumbnail":["https:\/\/epeka.si\/wp-content\/uploads\/2017\/11\/ai-generated-8123097_1280-150x150.png",150,150,true],"medium":["https:\/\/epeka.si\/wp-content\/uploads\/2017\/11\/ai-generated-8123097_1280-300x300.png",300,300,true],"large":["https:\/\/epeka.si\/wp-content\/uploads\/2017\/11\/ai-generated-8123097_1280-1024x1024.png",1024,1024,true],"1536x1536":["https:\/\/epeka.si\/wp-content\/uploads\/2017\/11\/ai-generated-8123097_1280.png",1279,1280,false],"2048x2048":["https:\/\/epeka.si\/wp-content\/uploads\/2017\/11\/ai-generated-8123097_1280.png",1279,1280,false],"tinyfeatured":["https:\/\/epeka.si\/wp-content\/uploads\/2017\/11\/ai-generated-8123097_1280-75x75.png",75,75,true],"gallery":["https:\/\/epeka.si\/wp-content\/uploads\/2017\/11\/ai-generated-8123097_1280-426x351.png",426,351,true],"fullslideshow":["https:\/\/epeka.si\/wp-content\/uploads\/2017\/11\/ai-generated-8123097_1280-1279x550.png",1279,550,true],"fullslideshownc":["https:\/\/epeka.si\/wp-content\/uploads\/2017\/11\/ai-generated-8123097_1280.png",1279,1280,false],"contentslideshow":["https:\/\/epeka.si\/wp-content\/uploads\/2017\/11\/ai-generated-8123097_1280-740x400.png",740,400,true],"contentslideshownc":["https:\/\/epeka.si\/wp-content\/uploads\/2017\/11\/ai-generated-8123097_1280-740x741.png",740,741,true],"regular":["https:\/\/epeka.si\/wp-content\/uploads\/2017\/11\/ai-generated-8123097_1280-525x300.png",525,300,true],"half":["https:\/\/epeka.si\/wp-content\/uploads\/2017\/11\/ai-generated-8123097_1280-410x441.png",410,441,true],"big":["https:\/\/epeka.si\/wp-content\/uploads\/2017\/11\/ai-generated-8123097_1280-790x425.png",790,425,true],"related":["https:\/\/epeka.si\/wp-content\/uploads\/2017\/11\/ai-generated-8123097_1280-525x564.png",525,564,true],"psacp-medium":["https:\/\/epeka.si\/wp-content\/uploads\/2017\/11\/ai-generated-8123097_1280.png",500,500,false],"woocommerce_thumbnail":["https:\/\/epeka.si\/wp-content\/uploads\/2017\/11\/ai-generated-8123097_1280-300x300.png",300,300,true],"woocommerce_single":["https:\/\/epeka.si\/wp-content\/uploads\/2017\/11\/ai-generated-8123097_1280-600x600.png",600,600,true],"woocommerce_gallery_thumbnail":["https:\/\/epeka.si\/wp-content\/uploads\/2017\/11\/ai-generated-8123097_1280-100x100.png",100,100,true]},"rttpg_author":{"display_name":"AS","author_link":"https:\/\/epeka.si\/en\/author\/as\/"},"rttpg_comment":0,"rttpg_category":"<a href=\"https:\/\/epeka.si\/en\/category\/izobrazevanje-en\/\" rel=\"category tag\">Education<\/a> <a href=\"https:\/\/epeka.si\/en\/category\/events\/\" rel=\"category tag\">Events<\/a>","rttpg_excerpt":"23 &#8211; 24 November, 2017 Rimske Terme \u0160tefan Simon\u010di\u010d, President of the Association EPEKA, Soc. Ent., will attend the XXIII Days of the Social Chamber.","_links":{"self":[{"href":"https:\/\/epeka.si\/en\/wp-json\/wp\/v2\/posts\/30595","targetHints":{"allow":["GET"]}}],"collection":[{"href":"https:\/\/epeka.si\/en\/wp-json\/wp\/v2\/posts"}],"about":[{"href":"https:\/\/epeka.si\/en\/wp-json\/wp\/v2\/types\/post"}],"author":[{"embeddable":true,"href":"https:\/\/epeka.si\/en\/wp-json\/wp\/v2\/users\/28"}],"replies":[{"embeddable":true,"href":"https:\/\/epeka.si\/en\/wp-json\/wp\/v2\/comments?post=30595"}],"version-history":[{"count":7,"href":"https:\/\/epeka.si\/en\/wp-json\/wp\/v2\/posts\/30595\/revisions"}],"predecessor-version":[{"id":61809,"href":"https:\/\/epeka.si\/en\/wp-json\/wp\/v2\/posts\/30595\/revisions\/61809"}],"wp:featuredmedia":[{"embeddable":true,"href":"https:\/\/epeka.si\/en\/wp-json\/wp\/v2\/media\/61806"}],"wp:attachment":[{"href":"https:\/\/epeka.si\/en\/wp-json\/wp\/v2\/media?parent=30595"}],"wp:term":[{"taxonomy":"category","embeddable":true,"href":"https:\/\/epeka.si\/en\/wp-json\/wp\/v2\/categories?post=30595"},{"taxonomy":"post_tag","embeddable":true,"href":"https:\/\/epeka.si\/en\/wp-json\/wp\/v2\/tags?post=30595"}],"curies":[{"name":"wp","href":"https:\/\/api.w.org\/{rel}","templated":true}]}}