{"id":60571,"date":"2024-09-18T09:03:51","date_gmt":"2024-09-18T09:03:51","guid":{"rendered":"https:\/\/epeka.si\/predstavitev-projekta-epeka-stanovanjska-zadruga-za-vse-v-novem-mestu-copy\/"},"modified":"2025-09-17T15:59:15","modified_gmt":"2025-09-17T15:59:15","slug":"predstavitev-projekta-epeka-stanovanjska-zadruga-za-vse-v-kranju","status":"publish","type":"post","link":"https:\/\/epeka.si\/en\/predstavitev-projekta-epeka-stanovanjska-zadruga-za-vse-v-kranju\/","title":{"rendered":"Presentation of the project EPEKA &#8211; Housing Cooperative for All in Kranj"},"content":{"rendered":"<h3 style=\"text-align: left;\">26 September 2024, at noon<br \/>\nCineplexx, Kranj<\/h3>\n<p style=\"text-align: justify;\">On 20 September, \u0160tefan Simon\u010di\u010d, representative of the EPEKA Association and the project&#8217;s mastermind, will present the <strong>EPEKA<\/strong> project <strong>&#8211; a housing cooperative for all &#8211;<\/strong> to a full hall of young people in Kranj <strong>.<\/strong><!--more--><\/p>\n<p style=\"text-align: justify;\">The EPEKA project &#8211; a housing cooperative for all, addresses a housing problem that is currently one of the most widespread in Europe and beyond. According to the International Monetary Fund (IMF), housing costs are currently rising faster than incomes in most EU countries. This, together with the energy crisis, urban gentrification and the rise of rental housing for tourist purposes, has created a difficult situation that affects everyone.<\/p>\n<p style=\"text-align: justify;\">However, if we focus on affordable housing for young people, we can identify a major problem affecting young people most in Europe&#8217;s urban centres, especially in the capitals, which is why young adults in the EU are still living with their parents, even though they are employed, because they are paid wages that are too low for them to be able to solve their housing problem, and their housing problem is of a permanent nature.<\/p>\n<p style=\"text-align: justify;\">The EPEKA project &#8211; a housing cooperative for all, offers a solution to this problem by promoting the housing cooperative model. This form of cooperative society is already successfully operating in many European cities and regions, where housing cooperatives give people access to more affordable rental housing. Housing associations come in all shapes and sizes &#8211; some have just one building, owned jointly by a group of people. Why does this not work here?<\/p>\n<p style=\"text-align: justify;\">Within the EPEKA project &#8211; Housing Cooperatives for All, we have already prepared plans and documentation for the creation of the first private housing cooperative in Slovenia, which will consist of 16 flats. At the same time, we were the first in Slovenia to set up an SCE legal body, the European Housing Cooperative EPEKA, an SCE with limited liability. The project also includes a number of social innovations focused on sustainable living and the green and digital transition. The aim is to increase participation and democracy in community processes, both in the housing cooperative and in life in general.<\/p>\n<p style=\"text-align: justify;\">The project <a href=\"https:\/\/epekacooop.si\/\">EPEKA &#8211; Housing Cooperative for All<\/a>, is implemented with the support of <a href=\"https:\/\/www.gov.si\/drzavni-organi\/ministrstva\/ministrstvo-za-gospodarstvo-turizem-in-sport\/\">the Ministry of Economy, Tourism and Sport<\/a>, within the Public Call for proposals for the development of cooperative and social economy projects 2023-2024.<\/p>\n<p style=\"text-align: justify;\"><em>The Association EPEKA, Soc: Ent.,is supported by:<br \/>\n<a href=\"https:\/\/epeka.si\/wp-content\/uploads\/2024\/09\/Presentation-of-the-project-EPEKA-\u2013-Housing-Cooperative-for-All-in-Kranj.pdf\"><img decoding=\"async\" class=\"normal size-medium wp-image-55419 alignright\" src=\"https:\/\/epeka.si\/wp-content\/uploads\/2023\/12\/PRINT-POST-300x100.png\" alt=\"\" width=\"300\" height=\"100\" srcset=\"https:\/\/epeka.si\/wp-content\/uploads\/2023\/12\/PRINT-POST-300x100.png 300w, https:\/\/epeka.si\/wp-content\/uploads\/2023\/12\/PRINT-POST-768x255.png 768w, https:\/\/epeka.si\/wp-content\/uploads\/2023\/12\/PRINT-POST-740x246.png 740w, https:\/\/epeka.si\/wp-content\/uploads\/2023\/12\/PRINT-POST-600x200.png 600w, https:\/\/epeka.si\/wp-content\/uploads\/2023\/12\/PRINT-POST.png 866w\" sizes=\"(max-width: 300px) 100vw, 300px\" \/><\/a><br \/>\n<\/em><\/p>\n","protected":false},"excerpt":{"rendered":"<p>26 September 2024, at noon Cineplexx, Kranj <\/p>\n<p style=\"text-align: justify\">On 20 September, \u0160tefan Simon\u010di\u010d, representative of the EPEKA Association and the project&#8217;s mastermind, will present the <strong>EPEKA<\/strong> project <strong>&#8211; a &#8230; <br \/><a href=\"https:\/\/epeka.si\/en\/predstavitev-projekta-epeka-stanovanjska-zadruga-za-vse-v-kranju\/\" class=\"more-link\">Read More<\/a><\/strong><\/p>\n","protected":false},"author":30,"featured_media":91210,"comment_status":"closed","ping_status":"open","sticky":false,"template":"","format":"standard","meta":{"_acf_changed":false,"_monsterinsights_skip_tracking":false,"_monsterinsights_sitenote_active":false,"_monsterinsights_sitenote_note":"","_monsterinsights_sitenote_category":0,"footnotes":""},"categories":[51,42,40,43],"tags":[],"class_list":["post-60571","post","type-post","status-publish","format-standard","has-post-thumbnail","hentry","category-izobrazevanje-en","category-events","category-first-page","category-youth"],"acf":[],"yoast_head":"<!-- This site is optimized with the Yoast SEO plugin v26.9 - https:\/\/yoast.com\/product\/yoast-seo-wordpress\/ -->\n<title>Presentation of the project EPEKA - Housing Cooperative for All in Kranj - EPEKA<\/title>\n<meta name=\"robots\" content=\"index, follow, max-snippet:-1, max-image-preview:large, max-video-preview:-1\" \/>\n<link rel=\"canonical\" href=\"https:\/\/epeka.si\/en\/predstavitev-projekta-epeka-stanovanjska-zadruga-za-vse-v-kranju\/\" \/>\n<meta property=\"og:locale\" content=\"en_US\" \/>\n<meta property=\"og:type\" content=\"article\" \/>\n<meta property=\"og:title\" content=\"Presentation of the project EPEKA - Housing Cooperative for All in Kranj - EPEKA\" \/>\n<meta property=\"og:description\" content=\"26 September 2024, at noon Cineplexx, Kranj On 20 September, \u0160tefan Simon\u010di\u010d, representative of the EPEKA Association and the project&#8217;s mastermind, will present the EPEKA project &#8211; a ... Read More\" \/>\n<meta property=\"og:url\" content=\"https:\/\/epeka.si\/en\/predstavitev-projekta-epeka-stanovanjska-zadruga-za-vse-v-kranju\/\" \/>\n<meta property=\"og:site_name\" content=\"EPEKA\" \/>\n<meta property=\"article:published_time\" content=\"2024-09-18T09:03:51+00:00\" \/>\n<meta property=\"article:modified_time\" content=\"2025-09-17T15:59:15+00:00\" \/>\n<meta property=\"og:image\" content=\"https:\/\/epeka.si\/wp-content\/uploads\/2024\/09\/Zadruga-za-vse.jpg\" \/>\n\t<meta property=\"og:image:width\" content=\"2048\" \/>\n\t<meta property=\"og:image:height\" content=\"1092\" \/>\n\t<meta property=\"og:image:type\" content=\"image\/jpeg\" \/>\n<meta name=\"author\" content=\"BTN\" \/>\n<meta name=\"twitter:label1\" content=\"Written by\" \/>\n\t<meta name=\"twitter:data1\" content=\"BTN\" \/>\n\t<meta name=\"twitter:label2\" content=\"Est. reading time\" \/>\n\t<meta name=\"twitter:data2\" content=\"3 minutes\" \/>\n<script type=\"application\/ld+json\" class=\"yoast-schema-graph\">{\"@context\":\"https:\/\/schema.org\",\"@graph\":[{\"@type\":\"Article\",\"@id\":\"https:\/\/epeka.si\/en\/predstavitev-projekta-epeka-stanovanjska-zadruga-za-vse-v-kranju\/#article\",\"isPartOf\":{\"@id\":\"https:\/\/epeka.si\/en\/predstavitev-projekta-epeka-stanovanjska-zadruga-za-vse-v-kranju\/\"},\"author\":{\"name\":\"BTN\",\"@id\":\"https:\/\/epeka.si\/en\/#\/schema\/person\/8772bf56565260af4e90182be1db881e\"},\"headline\":\"Presentation of the project EPEKA &#8211; Housing Cooperative for All in Kranj\",\"datePublished\":\"2024-09-18T09:03:51+00:00\",\"dateModified\":\"2025-09-17T15:59:15+00:00\",\"mainEntityOfPage\":{\"@id\":\"https:\/\/epeka.si\/en\/predstavitev-projekta-epeka-stanovanjska-zadruga-za-vse-v-kranju\/\"},\"wordCount\":416,\"image\":{\"@id\":\"https:\/\/epeka.si\/en\/predstavitev-projekta-epeka-stanovanjska-zadruga-za-vse-v-kranju\/#primaryimage\"},\"thumbnailUrl\":\"https:\/\/epeka.si\/wp-content\/uploads\/2024\/09\/Zadruga-za-vse.jpg\",\"articleSection\":[\"Education\",\"Events\",\"First page\",\"Youth\"],\"inLanguage\":\"en-US\"},{\"@type\":\"WebPage\",\"@id\":\"https:\/\/epeka.si\/en\/predstavitev-projekta-epeka-stanovanjska-zadruga-za-vse-v-kranju\/\",\"url\":\"https:\/\/epeka.si\/en\/predstavitev-projekta-epeka-stanovanjska-zadruga-za-vse-v-kranju\/\",\"name\":\"Presentation of the project EPEKA - Housing Cooperative for All in Kranj - EPEKA\",\"isPartOf\":{\"@id\":\"https:\/\/epeka.si\/en\/#website\"},\"primaryImageOfPage\":{\"@id\":\"https:\/\/epeka.si\/en\/predstavitev-projekta-epeka-stanovanjska-zadruga-za-vse-v-kranju\/#primaryimage\"},\"image\":{\"@id\":\"https:\/\/epeka.si\/en\/predstavitev-projekta-epeka-stanovanjska-zadruga-za-vse-v-kranju\/#primaryimage\"},\"thumbnailUrl\":\"https:\/\/epeka.si\/wp-content\/uploads\/2024\/09\/Zadruga-za-vse.jpg\",\"datePublished\":\"2024-09-18T09:03:51+00:00\",\"dateModified\":\"2025-09-17T15:59:15+00:00\",\"author\":{\"@id\":\"https:\/\/epeka.si\/en\/#\/schema\/person\/8772bf56565260af4e90182be1db881e\"},\"breadcrumb\":{\"@id\":\"https:\/\/epeka.si\/en\/predstavitev-projekta-epeka-stanovanjska-zadruga-za-vse-v-kranju\/#breadcrumb\"},\"inLanguage\":\"en-US\",\"potentialAction\":[{\"@type\":\"ReadAction\",\"target\":[\"https:\/\/epeka.si\/en\/predstavitev-projekta-epeka-stanovanjska-zadruga-za-vse-v-kranju\/\"]}]},{\"@type\":\"ImageObject\",\"inLanguage\":\"en-US\",\"@id\":\"https:\/\/epeka.si\/en\/predstavitev-projekta-epeka-stanovanjska-zadruga-za-vse-v-kranju\/#primaryimage\",\"url\":\"https:\/\/epeka.si\/wp-content\/uploads\/2024\/09\/Zadruga-za-vse.jpg\",\"contentUrl\":\"https:\/\/epeka.si\/wp-content\/uploads\/2024\/09\/Zadruga-za-vse.jpg\",\"width\":2048,\"height\":1092},{\"@type\":\"BreadcrumbList\",\"@id\":\"https:\/\/epeka.si\/en\/predstavitev-projekta-epeka-stanovanjska-zadruga-za-vse-v-kranju\/#breadcrumb\",\"itemListElement\":[{\"@type\":\"ListItem\",\"position\":1,\"name\":\"Home\",\"item\":\"https:\/\/epeka.si\/\"},{\"@type\":\"ListItem\",\"position\":2,\"name\":\"Presentation of the project EPEKA &#8211; Housing Cooperative for All in Kranj\"}]},{\"@type\":\"WebSite\",\"@id\":\"https:\/\/epeka.si\/en\/#website\",\"url\":\"https:\/\/epeka.si\/en\/\",\"name\":\"EPEKA\",\"description\":\"\",\"potentialAction\":[{\"@type\":\"SearchAction\",\"target\":{\"@type\":\"EntryPoint\",\"urlTemplate\":\"https:\/\/epeka.si\/en\/?s={search_term_string}\"},\"query-input\":{\"@type\":\"PropertyValueSpecification\",\"valueRequired\":true,\"valueName\":\"search_term_string\"}}],\"inLanguage\":\"en-US\"},{\"@type\":\"Person\",\"@id\":\"https:\/\/epeka.si\/en\/#\/schema\/person\/8772bf56565260af4e90182be1db881e\",\"name\":\"BTN\",\"url\":\"https:\/\/epeka.si\/en\/author\/btn\/\"}]}<\/script>\n<!-- \/ Yoast SEO plugin. -->","yoast_head_json":{"title":"Presentation of the project EPEKA - Housing Cooperative for All in Kranj - EPEKA","robots":{"index":"index","follow":"follow","max-snippet":"max-snippet:-1","max-image-preview":"max-image-preview:large","max-video-preview":"max-video-preview:-1"},"canonical":"https:\/\/epeka.si\/en\/predstavitev-projekta-epeka-stanovanjska-zadruga-za-vse-v-kranju\/","og_locale":"en_US","og_type":"article","og_title":"Presentation of the project EPEKA - Housing Cooperative for All in Kranj - EPEKA","og_description":"26 September 2024, at noon Cineplexx, Kranj On 20 September, \u0160tefan Simon\u010di\u010d, representative of the EPEKA Association and the project&#8217;s mastermind, will present the EPEKA project &#8211; a ... Read More","og_url":"https:\/\/epeka.si\/en\/predstavitev-projekta-epeka-stanovanjska-zadruga-za-vse-v-kranju\/","og_site_name":"EPEKA","article_published_time":"2024-09-18T09:03:51+00:00","article_modified_time":"2025-09-17T15:59:15+00:00","og_image":[{"width":2048,"height":1092,"url":"https:\/\/epeka.si\/wp-content\/uploads\/2024\/09\/Zadruga-za-vse.jpg","type":"image\/jpeg"}],"author":"BTN","twitter_misc":{"Written by":"BTN","Est. reading time":"3 minutes"},"schema":{"@context":"https:\/\/schema.org","@graph":[{"@type":"Article","@id":"https:\/\/epeka.si\/en\/predstavitev-projekta-epeka-stanovanjska-zadruga-za-vse-v-kranju\/#article","isPartOf":{"@id":"https:\/\/epeka.si\/en\/predstavitev-projekta-epeka-stanovanjska-zadruga-za-vse-v-kranju\/"},"author":{"name":"BTN","@id":"https:\/\/epeka.si\/en\/#\/schema\/person\/8772bf56565260af4e90182be1db881e"},"headline":"Presentation of the project EPEKA &#8211; Housing Cooperative for All in Kranj","datePublished":"2024-09-18T09:03:51+00:00","dateModified":"2025-09-17T15:59:15+00:00","mainEntityOfPage":{"@id":"https:\/\/epeka.si\/en\/predstavitev-projekta-epeka-stanovanjska-zadruga-za-vse-v-kranju\/"},"wordCount":416,"image":{"@id":"https:\/\/epeka.si\/en\/predstavitev-projekta-epeka-stanovanjska-zadruga-za-vse-v-kranju\/#primaryimage"},"thumbnailUrl":"https:\/\/epeka.si\/wp-content\/uploads\/2024\/09\/Zadruga-za-vse.jpg","articleSection":["Education","Events","First page","Youth"],"inLanguage":"en-US"},{"@type":"WebPage","@id":"https:\/\/epeka.si\/en\/predstavitev-projekta-epeka-stanovanjska-zadruga-za-vse-v-kranju\/","url":"https:\/\/epeka.si\/en\/predstavitev-projekta-epeka-stanovanjska-zadruga-za-vse-v-kranju\/","name":"Presentation of the project EPEKA - Housing Cooperative for All in Kranj - EPEKA","isPartOf":{"@id":"https:\/\/epeka.si\/en\/#website"},"primaryImageOfPage":{"@id":"https:\/\/epeka.si\/en\/predstavitev-projekta-epeka-stanovanjska-zadruga-za-vse-v-kranju\/#primaryimage"},"image":{"@id":"https:\/\/epeka.si\/en\/predstavitev-projekta-epeka-stanovanjska-zadruga-za-vse-v-kranju\/#primaryimage"},"thumbnailUrl":"https:\/\/epeka.si\/wp-content\/uploads\/2024\/09\/Zadruga-za-vse.jpg","datePublished":"2024-09-18T09:03:51+00:00","dateModified":"2025-09-17T15:59:15+00:00","author":{"@id":"https:\/\/epeka.si\/en\/#\/schema\/person\/8772bf56565260af4e90182be1db881e"},"breadcrumb":{"@id":"https:\/\/epeka.si\/en\/predstavitev-projekta-epeka-stanovanjska-zadruga-za-vse-v-kranju\/#breadcrumb"},"inLanguage":"en-US","potentialAction":[{"@type":"ReadAction","target":["https:\/\/epeka.si\/en\/predstavitev-projekta-epeka-stanovanjska-zadruga-za-vse-v-kranju\/"]}]},{"@type":"ImageObject","inLanguage":"en-US","@id":"https:\/\/epeka.si\/en\/predstavitev-projekta-epeka-stanovanjska-zadruga-za-vse-v-kranju\/#primaryimage","url":"https:\/\/epeka.si\/wp-content\/uploads\/2024\/09\/Zadruga-za-vse.jpg","contentUrl":"https:\/\/epeka.si\/wp-content\/uploads\/2024\/09\/Zadruga-za-vse.jpg","width":2048,"height":1092},{"@type":"BreadcrumbList","@id":"https:\/\/epeka.si\/en\/predstavitev-projekta-epeka-stanovanjska-zadruga-za-vse-v-kranju\/#breadcrumb","itemListElement":[{"@type":"ListItem","position":1,"name":"Home","item":"https:\/\/epeka.si\/"},{"@type":"ListItem","position":2,"name":"Presentation of the project EPEKA &#8211; Housing Cooperative for All in Kranj"}]},{"@type":"WebSite","@id":"https:\/\/epeka.si\/en\/#website","url":"https:\/\/epeka.si\/en\/","name":"EPEKA","description":"","potentialAction":[{"@type":"SearchAction","target":{"@type":"EntryPoint","urlTemplate":"https:\/\/epeka.si\/en\/?s={search_term_string}"},"query-input":{"@type":"PropertyValueSpecification","valueRequired":true,"valueName":"search_term_string"}}],"inLanguage":"en-US"},{"@type":"Person","@id":"https:\/\/epeka.si\/en\/#\/schema\/person\/8772bf56565260af4e90182be1db881e","name":"BTN","url":"https:\/\/epeka.si\/en\/author\/btn\/"}]}},"rttpg_featured_image_url":{"full":["https:\/\/epeka.si\/wp-content\/uploads\/2024\/09\/Zadruga-za-vse.jpg",2048,1092,false],"landscape":["https:\/\/epeka.si\/wp-content\/uploads\/2024\/09\/Zadruga-za-vse.jpg",2048,1092,false],"portraits":["https:\/\/epeka.si\/wp-content\/uploads\/2024\/09\/Zadruga-za-vse.jpg",2048,1092,false],"thumbnail":["https:\/\/epeka.si\/wp-content\/uploads\/2024\/09\/Zadruga-za-vse-150x150.jpg",150,150,true],"medium":["https:\/\/epeka.si\/wp-content\/uploads\/2024\/09\/Zadruga-za-vse-300x160.jpg",300,160,true],"large":["https:\/\/epeka.si\/wp-content\/uploads\/2024\/09\/Zadruga-za-vse-1024x546.jpg",1024,546,true],"1536x1536":["https:\/\/epeka.si\/wp-content\/uploads\/2024\/09\/Zadruga-za-vse-1536x819.jpg",1536,819,true],"2048x2048":["https:\/\/epeka.si\/wp-content\/uploads\/2024\/09\/Zadruga-za-vse.jpg",2048,1092,false],"tinyfeatured":["https:\/\/epeka.si\/wp-content\/uploads\/2024\/09\/Zadruga-za-vse-75x75.jpg",75,75,true],"gallery":["https:\/\/epeka.si\/wp-content\/uploads\/2024\/09\/Zadruga-za-vse-426x351.jpg",426,351,true],"fullslideshow":["https:\/\/epeka.si\/wp-content\/uploads\/2024\/09\/Zadruga-za-vse-1500x550.jpg",1500,550,true],"fullslideshownc":["https:\/\/epeka.si\/wp-content\/uploads\/2024\/09\/Zadruga-za-vse-1500x800.jpg",1500,800,true],"contentslideshow":["https:\/\/epeka.si\/wp-content\/uploads\/2024\/09\/Zadruga-za-vse-740x400.jpg",740,400,true],"contentslideshownc":["https:\/\/epeka.si\/wp-content\/uploads\/2024\/09\/Zadruga-za-vse-740x395.jpg",740,395,true],"regular":["https:\/\/epeka.si\/wp-content\/uploads\/2024\/09\/Zadruga-za-vse-525x300.jpg",525,300,true],"half":["https:\/\/epeka.si\/wp-content\/uploads\/2024\/09\/Zadruga-za-vse-410x441.jpg",410,441,true],"big":["https:\/\/epeka.si\/wp-content\/uploads\/2024\/09\/Zadruga-za-vse-790x425.jpg",790,425,true],"related":["https:\/\/epeka.si\/wp-content\/uploads\/2024\/09\/Zadruga-za-vse-525x564.jpg",525,564,true],"psacp-medium":["https:\/\/epeka.si\/wp-content\/uploads\/2024\/09\/Zadruga-za-vse.jpg",500,267,false],"woocommerce_thumbnail":["https:\/\/epeka.si\/wp-content\/uploads\/2024\/09\/Zadruga-za-vse-300x300.jpg",300,300,true],"woocommerce_single":["https:\/\/epeka.si\/wp-content\/uploads\/2024\/09\/Zadruga-za-vse-600x320.jpg",600,320,true],"woocommerce_gallery_thumbnail":["https:\/\/epeka.si\/wp-content\/uploads\/2024\/09\/Zadruga-za-vse-100x100.jpg",100,100,true]},"rttpg_author":{"display_name":"BTN","author_link":"https:\/\/epeka.si\/en\/author\/btn\/"},"rttpg_comment":0,"rttpg_category":"<a href=\"https:\/\/epeka.si\/en\/category\/izobrazevanje-en\/\" rel=\"category tag\">Education<\/a> <a href=\"https:\/\/epeka.si\/en\/category\/events\/\" rel=\"category tag\">Events<\/a> <a href=\"https:\/\/epeka.si\/en\/category\/first-page\/\" rel=\"category tag\">First page<\/a> <a href=\"https:\/\/epeka.si\/en\/category\/youth\/\" rel=\"category tag\">Youth<\/a>","rttpg_excerpt":"26 September 2024, at noon Cineplexx, Kranj On 20 September, \u0160tefan Simon\u010di\u010d, representative of the EPEKA Association and the project&#8217;s mastermind, will present the EPEKA project &#8211; a ... Read More","_links":{"self":[{"href":"https:\/\/epeka.si\/en\/wp-json\/wp\/v2\/posts\/60571","targetHints":{"allow":["GET"]}}],"collection":[{"href":"https:\/\/epeka.si\/en\/wp-json\/wp\/v2\/posts"}],"about":[{"href":"https:\/\/epeka.si\/en\/wp-json\/wp\/v2\/types\/post"}],"author":[{"embeddable":true,"href":"https:\/\/epeka.si\/en\/wp-json\/wp\/v2\/users\/30"}],"replies":[{"embeddable":true,"href":"https:\/\/epeka.si\/en\/wp-json\/wp\/v2\/comments?post=60571"}],"version-history":[{"count":17,"href":"https:\/\/epeka.si\/en\/wp-json\/wp\/v2\/posts\/60571\/revisions"}],"predecessor-version":[{"id":91212,"href":"https:\/\/epeka.si\/en\/wp-json\/wp\/v2\/posts\/60571\/revisions\/91212"}],"wp:featuredmedia":[{"embeddable":true,"href":"https:\/\/epeka.si\/en\/wp-json\/wp\/v2\/media\/91210"}],"wp:attachment":[{"href":"https:\/\/epeka.si\/en\/wp-json\/wp\/v2\/media?parent=60571"}],"wp:term":[{"taxonomy":"category","embeddable":true,"href":"https:\/\/epeka.si\/en\/wp-json\/wp\/v2\/categories?post=60571"},{"taxonomy":"post_tag","embeddable":true,"href":"https:\/\/epeka.si\/en\/wp-json\/wp\/v2\/tags?post=60571"}],"curies":[{"name":"wp","href":"https:\/\/api.w.org\/{rel}","templated":true}]}}