{"id":61133,"date":"2024-06-18T18:50:11","date_gmt":"2024-06-18T18:50:11","guid":{"rendered":"https:\/\/epeka.si\/?p=61133"},"modified":"2025-09-23T15:23:52","modified_gmt":"2025-09-23T15:23:52","slug":"publication-of-the-call-for-proposals-for-the-international-parliamentary-scholarship-of-the-german-bundestag","status":"publish","type":"post","link":"https:\/\/epeka.si\/en\/publication-of-the-call-for-proposals-for-the-international-parliamentary-scholarship-of-the-german-bundestag\/","title":{"rendered":"Publication of the call for proposals for the &#8220;International Parliamentary Scholarship of the German Bundestag&#8221;"},"content":{"rendered":"<h3 style=\"text-align: justify;\">31 July 2024<br \/>\nInternational scholarship<\/h3>\n<p style=\"text-align: justify;\">Want to get a first-hand insight into political life in Berlin? If you are from Slovenia, have a university degree and a good command of the German language, you can make your wish come true with a scholarship from the German Bundestag. The deadline for applications is 31 July each year.<br \/>\n<!--more--><\/p>\n<p style=\"text-align: justify;\"><strong>Want to become a staff member of the German Bundestag?<\/strong><\/p>\n<p style=\"text-align: justify;\">In cooperation with Freie Universit\u00e4t Berlin, Humboldt-Universit\u00e4t Berlin, Technische Universit\u00e4t Berlin, the German Federal Parliament offers you the opportunity to learn about the German parliamentary system and political decision-making processes and to gain practical experience in parliamentary work during a 13-week practical work placement with a Member of the Federal Parliament. The International Parliamentary Fellowship is aimed at highly qualified and politically interested young people who want to return to their home country after the programme and actively and responsibly shape the democratic future of their country.<\/p>\n<p style=\"text-align: justify;\"><em><strong>The deadline for applications is 31 July 2024 each year. Only applications submitted by email will be considered.<\/strong><\/em><\/p>\n<p style=\"text-align: justify;\"><strong>Eligibility:<\/strong><\/p>\n<ul style=\"text-align: justify;\">\n<li>Slovenian citizenship.<\/li>\n<li>Completion of university studies.<\/li>\n<li>Very good knowledge of the German language.<\/li>\n<li>Knowledge of German politics, society and history.<\/li>\n<li>Under 30 years of age at the start of the scholarship.<\/li>\n<\/ul>\n<p style=\"text-align: justify;\"><em><strong>Scholarship:<\/strong><\/em><\/p>\n<ul style=\"text-align: justify;\">\n<li>EUR 700 per month.<\/li>\n<li>Paid living expenses plus insurance and travel costs.<\/li>\n<\/ul>\n<p style=\"text-align: justify;\"><strong>Contact:<\/strong><\/p>\n<p style=\"text-align: justify;\"><strong>Embassy of the Federal Republic of Germany in Slovenia<\/strong><\/p>\n<p style=\"text-align: justify;\"><strong>E-Mail:info@laibach.diplo.de<\/strong><\/p>\n<p style=\"text-align: justify;\"><strong>Phone: +386 (0)1 479 03 00<\/strong><\/p>\n<p style=\"text-align: justify;\"><strong>More information:<\/strong><\/p>\n<p style=\"text-align: justify;\"><a href=\"http:\/\/www.bundestag.de\/europa_internationales\/ips\/slowenien\/245056\">www.bundestag.de\/europa_internationales\/ips\/slowenien\/245056<\/a><br \/>\n<a href=\"https:\/\/epeka.si\/wp-content\/uploads\/2024\/06\/Publication-of-the-call-for-proposals-for-the-International-Parliamentary-Scholarship-of-the-German-Bundestag.pdf\"><img decoding=\"async\" class=\"normal size-medium wp-image-55419 alignright\" src=\"https:\/\/epeka.si\/wp-content\/uploads\/2023\/12\/PRINT-POST-300x100.png\" alt=\"\" width=\"300\" height=\"100\" srcset=\"https:\/\/epeka.si\/wp-content\/uploads\/2023\/12\/PRINT-POST-300x100.png 300w, https:\/\/epeka.si\/wp-content\/uploads\/2023\/12\/PRINT-POST-768x255.png 768w, https:\/\/epeka.si\/wp-content\/uploads\/2023\/12\/PRINT-POST-740x246.png 740w, https:\/\/epeka.si\/wp-content\/uploads\/2023\/12\/PRINT-POST-600x200.png 600w, https:\/\/epeka.si\/wp-content\/uploads\/2023\/12\/PRINT-POST.png 866w\" sizes=\"(max-width: 300px) 100vw, 300px\" \/><\/a><\/p>\n","protected":false},"excerpt":{"rendered":"<p>31 July 2024 International scholarship <\/p>\n<p style=\"text-align: justify\">Want to get a first-hand insight into political life in Berlin? If you are from Slovenia, have a university degree and a good &#8230; <br \/><a href=\"https:\/\/epeka.si\/en\/publication-of-the-call-for-proposals-for-the-international-parliamentary-scholarship-of-the-german-bundestag\/\" class=\"more-link\">Read More<\/a><\/p>\n","protected":false},"author":28,"featured_media":91947,"comment_status":"closed","ping_status":"open","sticky":false,"template":"","format":"standard","meta":{"_acf_changed":false,"_monsterinsights_skip_tracking":false,"_monsterinsights_sitenote_active":false,"_monsterinsights_sitenote_note":"","_monsterinsights_sitenote_category":0,"footnotes":""},"categories":[37,42,40,43,39],"tags":[],"class_list":["post-61133","post","type-post","status-publish","format-standard","has-post-thumbnail","hentry","category-advertisements","category-events","category-first-page","category-youth","category-youth-mobility"],"acf":[],"yoast_head":"<!-- This site is optimized with the Yoast SEO plugin v26.9 - https:\/\/yoast.com\/product\/yoast-seo-wordpress\/ -->\n<title>Publication of the call for proposals for the &quot;International Parliamentary Scholarship of the German Bundestag&quot; - EPEKA<\/title>\n<meta name=\"robots\" content=\"index, follow, max-snippet:-1, max-image-preview:large, max-video-preview:-1\" \/>\n<link rel=\"canonical\" href=\"https:\/\/epeka.si\/en\/publication-of-the-call-for-proposals-for-the-international-parliamentary-scholarship-of-the-german-bundestag\/\" \/>\n<meta property=\"og:locale\" content=\"en_US\" \/>\n<meta property=\"og:type\" content=\"article\" \/>\n<meta property=\"og:title\" content=\"Publication of the call for proposals for the &quot;International Parliamentary Scholarship of the German Bundestag&quot; - EPEKA\" \/>\n<meta property=\"og:description\" content=\"31 July 2024 International scholarship Want to get a first-hand insight into political life in Berlin? If you are from Slovenia, have a university degree and a good ... Read More\" \/>\n<meta property=\"og:url\" content=\"https:\/\/epeka.si\/en\/publication-of-the-call-for-proposals-for-the-international-parliamentary-scholarship-of-the-german-bundestag\/\" \/>\n<meta property=\"og:site_name\" content=\"EPEKA\" \/>\n<meta property=\"article:published_time\" content=\"2024-06-18T18:50:11+00:00\" \/>\n<meta property=\"article:modified_time\" content=\"2025-09-23T15:23:52+00:00\" \/>\n<meta property=\"og:image\" content=\"https:\/\/epeka.si\/wp-content\/uploads\/2024\/06\/Stipendija.jpg\" \/>\n\t<meta property=\"og:image:width\" content=\"1500\" \/>\n\t<meta property=\"og:image:height\" content=\"800\" \/>\n\t<meta property=\"og:image:type\" content=\"image\/jpeg\" \/>\n<meta name=\"author\" content=\"AS\" \/>\n<meta name=\"twitter:label1\" content=\"Written by\" \/>\n\t<meta name=\"twitter:data1\" content=\"AS\" \/>\n\t<meta name=\"twitter:label2\" content=\"Est. reading time\" \/>\n\t<meta name=\"twitter:data2\" content=\"2 minutes\" \/>\n<script type=\"application\/ld+json\" class=\"yoast-schema-graph\">{\"@context\":\"https:\/\/schema.org\",\"@graph\":[{\"@type\":\"Article\",\"@id\":\"https:\/\/epeka.si\/en\/publication-of-the-call-for-proposals-for-the-international-parliamentary-scholarship-of-the-german-bundestag\/#article\",\"isPartOf\":{\"@id\":\"https:\/\/epeka.si\/en\/publication-of-the-call-for-proposals-for-the-international-parliamentary-scholarship-of-the-german-bundestag\/\"},\"author\":{\"name\":\"AS\",\"@id\":\"https:\/\/epeka.si\/en\/#\/schema\/person\/d31b1609a7189f2a6405343b2f925c2b\"},\"headline\":\"Publication of the call for proposals for the &#8220;International Parliamentary Scholarship of the German Bundestag&#8221;\",\"datePublished\":\"2024-06-18T18:50:11+00:00\",\"dateModified\":\"2025-09-23T15:23:52+00:00\",\"mainEntityOfPage\":{\"@id\":\"https:\/\/epeka.si\/en\/publication-of-the-call-for-proposals-for-the-international-parliamentary-scholarship-of-the-german-bundestag\/\"},\"wordCount\":252,\"image\":{\"@id\":\"https:\/\/epeka.si\/en\/publication-of-the-call-for-proposals-for-the-international-parliamentary-scholarship-of-the-german-bundestag\/#primaryimage\"},\"thumbnailUrl\":\"https:\/\/epeka.si\/wp-content\/uploads\/2024\/06\/Stipendija.jpg\",\"articleSection\":[\"Advertisements\",\"Events\",\"First page\",\"Youth\",\"Youth mobility\"],\"inLanguage\":\"en-US\"},{\"@type\":\"WebPage\",\"@id\":\"https:\/\/epeka.si\/en\/publication-of-the-call-for-proposals-for-the-international-parliamentary-scholarship-of-the-german-bundestag\/\",\"url\":\"https:\/\/epeka.si\/en\/publication-of-the-call-for-proposals-for-the-international-parliamentary-scholarship-of-the-german-bundestag\/\",\"name\":\"Publication of the call for proposals for the \\\"International Parliamentary Scholarship of the German Bundestag\\\" - EPEKA\",\"isPartOf\":{\"@id\":\"https:\/\/epeka.si\/en\/#website\"},\"primaryImageOfPage\":{\"@id\":\"https:\/\/epeka.si\/en\/publication-of-the-call-for-proposals-for-the-international-parliamentary-scholarship-of-the-german-bundestag\/#primaryimage\"},\"image\":{\"@id\":\"https:\/\/epeka.si\/en\/publication-of-the-call-for-proposals-for-the-international-parliamentary-scholarship-of-the-german-bundestag\/#primaryimage\"},\"thumbnailUrl\":\"https:\/\/epeka.si\/wp-content\/uploads\/2024\/06\/Stipendija.jpg\",\"datePublished\":\"2024-06-18T18:50:11+00:00\",\"dateModified\":\"2025-09-23T15:23:52+00:00\",\"author\":{\"@id\":\"https:\/\/epeka.si\/en\/#\/schema\/person\/d31b1609a7189f2a6405343b2f925c2b\"},\"breadcrumb\":{\"@id\":\"https:\/\/epeka.si\/en\/publication-of-the-call-for-proposals-for-the-international-parliamentary-scholarship-of-the-german-bundestag\/#breadcrumb\"},\"inLanguage\":\"en-US\",\"potentialAction\":[{\"@type\":\"ReadAction\",\"target\":[\"https:\/\/epeka.si\/en\/publication-of-the-call-for-proposals-for-the-international-parliamentary-scholarship-of-the-german-bundestag\/\"]}]},{\"@type\":\"ImageObject\",\"inLanguage\":\"en-US\",\"@id\":\"https:\/\/epeka.si\/en\/publication-of-the-call-for-proposals-for-the-international-parliamentary-scholarship-of-the-german-bundestag\/#primaryimage\",\"url\":\"https:\/\/epeka.si\/wp-content\/uploads\/2024\/06\/Stipendija.jpg\",\"contentUrl\":\"https:\/\/epeka.si\/wp-content\/uploads\/2024\/06\/Stipendija.jpg\",\"width\":1500,\"height\":800},{\"@type\":\"BreadcrumbList\",\"@id\":\"https:\/\/epeka.si\/en\/publication-of-the-call-for-proposals-for-the-international-parliamentary-scholarship-of-the-german-bundestag\/#breadcrumb\",\"itemListElement\":[{\"@type\":\"ListItem\",\"position\":1,\"name\":\"Home\",\"item\":\"https:\/\/epeka.si\/\"},{\"@type\":\"ListItem\",\"position\":2,\"name\":\"Publication of the call for proposals for the &#8220;International Parliamentary Scholarship of the German Bundestag&#8221;\"}]},{\"@type\":\"WebSite\",\"@id\":\"https:\/\/epeka.si\/en\/#website\",\"url\":\"https:\/\/epeka.si\/en\/\",\"name\":\"EPEKA\",\"description\":\"\",\"potentialAction\":[{\"@type\":\"SearchAction\",\"target\":{\"@type\":\"EntryPoint\",\"urlTemplate\":\"https:\/\/epeka.si\/en\/?s={search_term_string}\"},\"query-input\":{\"@type\":\"PropertyValueSpecification\",\"valueRequired\":true,\"valueName\":\"search_term_string\"}}],\"inLanguage\":\"en-US\"},{\"@type\":\"Person\",\"@id\":\"https:\/\/epeka.si\/en\/#\/schema\/person\/d31b1609a7189f2a6405343b2f925c2b\",\"name\":\"AS\",\"url\":\"https:\/\/epeka.si\/en\/author\/as\/\"}]}<\/script>\n<!-- \/ Yoast SEO plugin. -->","yoast_head_json":{"title":"Publication of the call for proposals for the \"International Parliamentary Scholarship of the German Bundestag\" - EPEKA","robots":{"index":"index","follow":"follow","max-snippet":"max-snippet:-1","max-image-preview":"max-image-preview:large","max-video-preview":"max-video-preview:-1"},"canonical":"https:\/\/epeka.si\/en\/publication-of-the-call-for-proposals-for-the-international-parliamentary-scholarship-of-the-german-bundestag\/","og_locale":"en_US","og_type":"article","og_title":"Publication of the call for proposals for the \"International Parliamentary Scholarship of the German Bundestag\" - EPEKA","og_description":"31 July 2024 International scholarship Want to get a first-hand insight into political life in Berlin? If you are from Slovenia, have a university degree and a good ... Read More","og_url":"https:\/\/epeka.si\/en\/publication-of-the-call-for-proposals-for-the-international-parliamentary-scholarship-of-the-german-bundestag\/","og_site_name":"EPEKA","article_published_time":"2024-06-18T18:50:11+00:00","article_modified_time":"2025-09-23T15:23:52+00:00","og_image":[{"width":1500,"height":800,"url":"https:\/\/epeka.si\/wp-content\/uploads\/2024\/06\/Stipendija.jpg","type":"image\/jpeg"}],"author":"AS","twitter_misc":{"Written by":"AS","Est. reading time":"2 minutes"},"schema":{"@context":"https:\/\/schema.org","@graph":[{"@type":"Article","@id":"https:\/\/epeka.si\/en\/publication-of-the-call-for-proposals-for-the-international-parliamentary-scholarship-of-the-german-bundestag\/#article","isPartOf":{"@id":"https:\/\/epeka.si\/en\/publication-of-the-call-for-proposals-for-the-international-parliamentary-scholarship-of-the-german-bundestag\/"},"author":{"name":"AS","@id":"https:\/\/epeka.si\/en\/#\/schema\/person\/d31b1609a7189f2a6405343b2f925c2b"},"headline":"Publication of the call for proposals for the &#8220;International Parliamentary Scholarship of the German Bundestag&#8221;","datePublished":"2024-06-18T18:50:11+00:00","dateModified":"2025-09-23T15:23:52+00:00","mainEntityOfPage":{"@id":"https:\/\/epeka.si\/en\/publication-of-the-call-for-proposals-for-the-international-parliamentary-scholarship-of-the-german-bundestag\/"},"wordCount":252,"image":{"@id":"https:\/\/epeka.si\/en\/publication-of-the-call-for-proposals-for-the-international-parliamentary-scholarship-of-the-german-bundestag\/#primaryimage"},"thumbnailUrl":"https:\/\/epeka.si\/wp-content\/uploads\/2024\/06\/Stipendija.jpg","articleSection":["Advertisements","Events","First page","Youth","Youth mobility"],"inLanguage":"en-US"},{"@type":"WebPage","@id":"https:\/\/epeka.si\/en\/publication-of-the-call-for-proposals-for-the-international-parliamentary-scholarship-of-the-german-bundestag\/","url":"https:\/\/epeka.si\/en\/publication-of-the-call-for-proposals-for-the-international-parliamentary-scholarship-of-the-german-bundestag\/","name":"Publication of the call for proposals for the \"International Parliamentary Scholarship of the German Bundestag\" - EPEKA","isPartOf":{"@id":"https:\/\/epeka.si\/en\/#website"},"primaryImageOfPage":{"@id":"https:\/\/epeka.si\/en\/publication-of-the-call-for-proposals-for-the-international-parliamentary-scholarship-of-the-german-bundestag\/#primaryimage"},"image":{"@id":"https:\/\/epeka.si\/en\/publication-of-the-call-for-proposals-for-the-international-parliamentary-scholarship-of-the-german-bundestag\/#primaryimage"},"thumbnailUrl":"https:\/\/epeka.si\/wp-content\/uploads\/2024\/06\/Stipendija.jpg","datePublished":"2024-06-18T18:50:11+00:00","dateModified":"2025-09-23T15:23:52+00:00","author":{"@id":"https:\/\/epeka.si\/en\/#\/schema\/person\/d31b1609a7189f2a6405343b2f925c2b"},"breadcrumb":{"@id":"https:\/\/epeka.si\/en\/publication-of-the-call-for-proposals-for-the-international-parliamentary-scholarship-of-the-german-bundestag\/#breadcrumb"},"inLanguage":"en-US","potentialAction":[{"@type":"ReadAction","target":["https:\/\/epeka.si\/en\/publication-of-the-call-for-proposals-for-the-international-parliamentary-scholarship-of-the-german-bundestag\/"]}]},{"@type":"ImageObject","inLanguage":"en-US","@id":"https:\/\/epeka.si\/en\/publication-of-the-call-for-proposals-for-the-international-parliamentary-scholarship-of-the-german-bundestag\/#primaryimage","url":"https:\/\/epeka.si\/wp-content\/uploads\/2024\/06\/Stipendija.jpg","contentUrl":"https:\/\/epeka.si\/wp-content\/uploads\/2024\/06\/Stipendija.jpg","width":1500,"height":800},{"@type":"BreadcrumbList","@id":"https:\/\/epeka.si\/en\/publication-of-the-call-for-proposals-for-the-international-parliamentary-scholarship-of-the-german-bundestag\/#breadcrumb","itemListElement":[{"@type":"ListItem","position":1,"name":"Home","item":"https:\/\/epeka.si\/"},{"@type":"ListItem","position":2,"name":"Publication of the call for proposals for the &#8220;International Parliamentary Scholarship of the German Bundestag&#8221;"}]},{"@type":"WebSite","@id":"https:\/\/epeka.si\/en\/#website","url":"https:\/\/epeka.si\/en\/","name":"EPEKA","description":"","potentialAction":[{"@type":"SearchAction","target":{"@type":"EntryPoint","urlTemplate":"https:\/\/epeka.si\/en\/?s={search_term_string}"},"query-input":{"@type":"PropertyValueSpecification","valueRequired":true,"valueName":"search_term_string"}}],"inLanguage":"en-US"},{"@type":"Person","@id":"https:\/\/epeka.si\/en\/#\/schema\/person\/d31b1609a7189f2a6405343b2f925c2b","name":"AS","url":"https:\/\/epeka.si\/en\/author\/as\/"}]}},"rttpg_featured_image_url":{"full":["https:\/\/epeka.si\/wp-content\/uploads\/2024\/06\/Stipendija.jpg",1500,800,false],"landscape":["https:\/\/epeka.si\/wp-content\/uploads\/2024\/06\/Stipendija.jpg",1500,800,false],"portraits":["https:\/\/epeka.si\/wp-content\/uploads\/2024\/06\/Stipendija.jpg",1500,800,false],"thumbnail":["https:\/\/epeka.si\/wp-content\/uploads\/2024\/06\/Stipendija-150x150.jpg",150,150,true],"medium":["https:\/\/epeka.si\/wp-content\/uploads\/2024\/06\/Stipendija-300x160.jpg",300,160,true],"large":["https:\/\/epeka.si\/wp-content\/uploads\/2024\/06\/Stipendija-1024x546.jpg",1024,546,true],"1536x1536":["https:\/\/epeka.si\/wp-content\/uploads\/2024\/06\/Stipendija.jpg",1500,800,false],"2048x2048":["https:\/\/epeka.si\/wp-content\/uploads\/2024\/06\/Stipendija.jpg",1500,800,false],"tinyfeatured":["https:\/\/epeka.si\/wp-content\/uploads\/2024\/06\/Stipendija-75x75.jpg",75,75,true],"gallery":["https:\/\/epeka.si\/wp-content\/uploads\/2024\/06\/Stipendija-426x351.jpg",426,351,true],"fullslideshow":["https:\/\/epeka.si\/wp-content\/uploads\/2024\/06\/Stipendija-1500x550.jpg",1500,550,true],"fullslideshownc":["https:\/\/epeka.si\/wp-content\/uploads\/2024\/06\/Stipendija.jpg",1500,800,false],"contentslideshow":["https:\/\/epeka.si\/wp-content\/uploads\/2024\/06\/Stipendija-740x400.jpg",740,400,true],"contentslideshownc":["https:\/\/epeka.si\/wp-content\/uploads\/2024\/06\/Stipendija-740x395.jpg",740,395,true],"regular":["https:\/\/epeka.si\/wp-content\/uploads\/2024\/06\/Stipendija-525x300.jpg",525,300,true],"half":["https:\/\/epeka.si\/wp-content\/uploads\/2024\/06\/Stipendija-410x441.jpg",410,441,true],"big":["https:\/\/epeka.si\/wp-content\/uploads\/2024\/06\/Stipendija-790x425.jpg",790,425,true],"related":["https:\/\/epeka.si\/wp-content\/uploads\/2024\/06\/Stipendija-525x564.jpg",525,564,true],"psacp-medium":["https:\/\/epeka.si\/wp-content\/uploads\/2024\/06\/Stipendija.jpg",500,267,false],"woocommerce_thumbnail":["https:\/\/epeka.si\/wp-content\/uploads\/2024\/06\/Stipendija-300x300.jpg",300,300,true],"woocommerce_single":["https:\/\/epeka.si\/wp-content\/uploads\/2024\/06\/Stipendija-600x320.jpg",600,320,true],"woocommerce_gallery_thumbnail":["https:\/\/epeka.si\/wp-content\/uploads\/2024\/06\/Stipendija-100x100.jpg",100,100,true]},"rttpg_author":{"display_name":"AS","author_link":"https:\/\/epeka.si\/en\/author\/as\/"},"rttpg_comment":0,"rttpg_category":"<a href=\"https:\/\/epeka.si\/en\/category\/advertisements\/\" rel=\"category tag\">Advertisements<\/a> <a href=\"https:\/\/epeka.si\/en\/category\/events\/\" rel=\"category tag\">Events<\/a> <a href=\"https:\/\/epeka.si\/en\/category\/first-page\/\" rel=\"category tag\">First page<\/a> <a href=\"https:\/\/epeka.si\/en\/category\/youth\/\" rel=\"category tag\">Youth<\/a> <a href=\"https:\/\/epeka.si\/en\/category\/youth-mobility\/\" rel=\"category tag\">Youth mobility<\/a>","rttpg_excerpt":"31 July 2024 International scholarship Want to get a first-hand insight into political life in Berlin? If you are from Slovenia, have a university degree and a good ... Read More","_links":{"self":[{"href":"https:\/\/epeka.si\/en\/wp-json\/wp\/v2\/posts\/61133","targetHints":{"allow":["GET"]}}],"collection":[{"href":"https:\/\/epeka.si\/en\/wp-json\/wp\/v2\/posts"}],"about":[{"href":"https:\/\/epeka.si\/en\/wp-json\/wp\/v2\/types\/post"}],"author":[{"embeddable":true,"href":"https:\/\/epeka.si\/en\/wp-json\/wp\/v2\/users\/28"}],"replies":[{"embeddable":true,"href":"https:\/\/epeka.si\/en\/wp-json\/wp\/v2\/comments?post=61133"}],"version-history":[{"count":13,"href":"https:\/\/epeka.si\/en\/wp-json\/wp\/v2\/posts\/61133\/revisions"}],"predecessor-version":[{"id":91949,"href":"https:\/\/epeka.si\/en\/wp-json\/wp\/v2\/posts\/61133\/revisions\/91949"}],"wp:featuredmedia":[{"embeddable":true,"href":"https:\/\/epeka.si\/en\/wp-json\/wp\/v2\/media\/91947"}],"wp:attachment":[{"href":"https:\/\/epeka.si\/en\/wp-json\/wp\/v2\/media?parent=61133"}],"wp:term":[{"taxonomy":"category","embeddable":true,"href":"https:\/\/epeka.si\/en\/wp-json\/wp\/v2\/categories?post=61133"},{"taxonomy":"post_tag","embeddable":true,"href":"https:\/\/epeka.si\/en\/wp-json\/wp\/v2\/tags?post=61133"}],"curies":[{"name":"wp","href":"https:\/\/api.w.org\/{rel}","templated":true}]}}