{"id":6434,"date":"2015-03-18T11:21:56","date_gmt":"2015-03-18T11:21:56","guid":{"rendered":"http:\/\/epeka.si\/?p=6434\/"},"modified":"2023-12-17T05:26:36","modified_gmt":"2023-12-17T05:26:36","slug":"druzbena-odgovornost-aktualni-izzivi-konferenca","status":"publish","type":"post","link":"https:\/\/epeka.si\/en\/druzbena-odgovornost-aktualni-izzivi-konferenca\/","title":{"rendered":"Corporate Social Responsibility and Current Challenges, conference"},"content":{"rendered":"<h3 style=\"text-align: justify;\">18 &#8211; 19 March, 2015<br \/>\nMaribor, Slovenia<\/h3>\n<p style=\"text-align: justify;\">On 18 and 19 March 2015, \u0160tefan Simon\u010di\u010d, President of the Association EPEKA, Soc. Ent., will participate as one of the speakers at the 10th IRDO International Conference on Social Responsibility and Current Challenges &#8211; Planning and Reporting on Social Responsibility (Social Responsibility and Current Challenges 2015 &#8211; Newest scientific and practical views with case studies), which will take place in Maribor, at the Rector&#8217;s Office of the University of Maribor, Slom\u0161kov trg 15.<!--more--><\/p>\n<p style=\"text-align: justify;\">The conference will present how to plan and report on Corporate Social Responsibility (CSR). The conference will share corporate, theoretical and expert views, opinions and experiences on planning and reporting on CSR, highlight the strengths and weaknesses of existing aspects of CSR, review good practices and address CSR in a holistic way.<\/p>\n<p style=\"text-align: justify;\"><strong>There are no losers in social responsibility, everyone benefits!<\/strong><\/p>\n<p style=\"text-align: justify;\"><strong>For companies, organisations and individuals, social responsibility brings many benefits:<\/strong><\/p>\n<ol style=\"text-align: justify;\">\n<li>increased employee loyalty,<\/li>\n<li>lower turnover and absenteeism,<\/li>\n<li>increased motivation to work,<\/li>\n<li>more innovation,<\/li>\n<li>increased productivity,<\/li>\n<li>production growth,<\/li>\n<li>increased reputation and competitiveness,<\/li>\n<li>excellent business partners,<\/li>\n<li>a healthy environment; and<\/li>\n<li>more savings and more profits.<\/li>\n<\/ol>\n<p style=\"text-align: justify;\"><strong>Why attend the conference?<\/strong><br \/>\n<strong>Because you will:<\/strong><\/p>\n<ul>\n<li style=\"text-align: justify;\">learn how to become a socially responsible company, organisation, individual,<\/li>\n<li style=\"text-align: justify;\">learn how to plan and report more effectively on social responsibility,<\/li>\n<li style=\"text-align: justify;\">learn about examples of good practice from Slovenian companies, NGOs and other organisations,<\/li>\n<li style=\"text-align: justify;\">make new contacts and acquaintances with socially responsible entrepreneurs, experts, scientists and researchers,<\/li>\n<li style=\"text-align: justify;\">make an impact on improving the situation in Slovenia through their contribution.<\/li>\n<\/ul>\n","protected":false},"excerpt":{"rendered":"<p>18 &#8211; 19 March, 2015 Maribor, Slovenia <\/p>\n<p style=\"text-align: justify\">On 18 and 19 March 2015, \u0160tefan Simon\u010di\u010d, President of the Association EPEKA, Soc. Ent., will participate as one of the &#8230; <br \/><a href=\"https:\/\/epeka.si\/en\/druzbena-odgovornost-aktualni-izzivi-konferenca\/\" class=\"more-link\">Read More<\/a><\/p>\n","protected":false},"author":13,"featured_media":23365,"comment_status":"closed","ping_status":"open","sticky":false,"template":"","format":"standard","meta":{"_acf_changed":false,"_monsterinsights_skip_tracking":false,"_monsterinsights_sitenote_active":false,"_monsterinsights_sitenote_note":"","_monsterinsights_sitenote_category":0,"footnotes":""},"categories":[49,51],"tags":[],"class_list":["post-6434","post","type-post","status-publish","format-standard","has-post-thumbnail","hentry","category-education","category-izobrazevanje-en"],"acf":[],"yoast_head":"<!-- This site is optimized with the Yoast SEO plugin v26.9 - https:\/\/yoast.com\/product\/yoast-seo-wordpress\/ -->\n<title>Corporate Social Responsibility and Current Challenges, conference - EPEKA<\/title>\n<meta name=\"robots\" content=\"index, follow, max-snippet:-1, max-image-preview:large, max-video-preview:-1\" \/>\n<link rel=\"canonical\" href=\"https:\/\/epeka.si\/en\/druzbena-odgovornost-aktualni-izzivi-konferenca\/\" \/>\n<meta property=\"og:locale\" content=\"en_US\" \/>\n<meta property=\"og:type\" content=\"article\" \/>\n<meta property=\"og:title\" content=\"Corporate Social Responsibility and Current Challenges, conference - EPEKA\" \/>\n<meta property=\"og:description\" content=\"18 &#8211; 19 March, 2015 Maribor, Slovenia On 18 and 19 March 2015, \u0160tefan Simon\u010di\u010d, President of the Association EPEKA, Soc. Ent., will participate as one of the ... Read More\" \/>\n<meta property=\"og:url\" content=\"https:\/\/epeka.si\/en\/druzbena-odgovornost-aktualni-izzivi-konferenca\/\" \/>\n<meta property=\"og:site_name\" content=\"EPEKA\" \/>\n<meta property=\"article:published_time\" content=\"2015-03-18T11:21:56+00:00\" \/>\n<meta property=\"article:modified_time\" content=\"2023-12-17T05:26:36+00:00\" \/>\n<meta property=\"og:image\" content=\"https:\/\/epeka.si\/wp-content\/uploads\/2015\/03\/Brdo-moje-iz-origniala.jpg\" \/>\n\t<meta property=\"og:image:width\" content=\"927\" \/>\n\t<meta property=\"og:image:height\" content=\"528\" \/>\n\t<meta property=\"og:image:type\" content=\"image\/jpeg\" \/>\n<meta name=\"author\" content=\"admin\" \/>\n<meta name=\"twitter:label1\" content=\"Written by\" \/>\n\t<meta name=\"twitter:data1\" content=\"admin\" \/>\n\t<meta name=\"twitter:label2\" content=\"Est. reading time\" \/>\n\t<meta name=\"twitter:data2\" content=\"2 minutes\" \/>\n<script type=\"application\/ld+json\" class=\"yoast-schema-graph\">{\"@context\":\"https:\/\/schema.org\",\"@graph\":[{\"@type\":\"Article\",\"@id\":\"https:\/\/epeka.si\/en\/druzbena-odgovornost-aktualni-izzivi-konferenca\/#article\",\"isPartOf\":{\"@id\":\"https:\/\/epeka.si\/en\/druzbena-odgovornost-aktualni-izzivi-konferenca\/\"},\"author\":{\"name\":\"admin\",\"@id\":\"https:\/\/epeka.si\/en\/#\/schema\/person\/6301dbac88ef7aff5584d50e991f4347\"},\"headline\":\"Corporate Social Responsibility and Current Challenges, conference\",\"datePublished\":\"2015-03-18T11:21:56+00:00\",\"dateModified\":\"2023-12-17T05:26:36+00:00\",\"mainEntityOfPage\":{\"@id\":\"https:\/\/epeka.si\/en\/druzbena-odgovornost-aktualni-izzivi-konferenca\/\"},\"wordCount\":253,\"image\":{\"@id\":\"https:\/\/epeka.si\/en\/druzbena-odgovornost-aktualni-izzivi-konferenca\/#primaryimage\"},\"thumbnailUrl\":\"https:\/\/epeka.si\/wp-content\/uploads\/2015\/03\/Brdo-moje-iz-origniala.jpg\",\"articleSection\":[\"Education\",\"Education\"],\"inLanguage\":\"en-US\"},{\"@type\":\"WebPage\",\"@id\":\"https:\/\/epeka.si\/en\/druzbena-odgovornost-aktualni-izzivi-konferenca\/\",\"url\":\"https:\/\/epeka.si\/en\/druzbena-odgovornost-aktualni-izzivi-konferenca\/\",\"name\":\"Corporate Social Responsibility and Current Challenges, conference - EPEKA\",\"isPartOf\":{\"@id\":\"https:\/\/epeka.si\/en\/#website\"},\"primaryImageOfPage\":{\"@id\":\"https:\/\/epeka.si\/en\/druzbena-odgovornost-aktualni-izzivi-konferenca\/#primaryimage\"},\"image\":{\"@id\":\"https:\/\/epeka.si\/en\/druzbena-odgovornost-aktualni-izzivi-konferenca\/#primaryimage\"},\"thumbnailUrl\":\"https:\/\/epeka.si\/wp-content\/uploads\/2015\/03\/Brdo-moje-iz-origniala.jpg\",\"datePublished\":\"2015-03-18T11:21:56+00:00\",\"dateModified\":\"2023-12-17T05:26:36+00:00\",\"author\":{\"@id\":\"https:\/\/epeka.si\/en\/#\/schema\/person\/6301dbac88ef7aff5584d50e991f4347\"},\"breadcrumb\":{\"@id\":\"https:\/\/epeka.si\/en\/druzbena-odgovornost-aktualni-izzivi-konferenca\/#breadcrumb\"},\"inLanguage\":\"en-US\",\"potentialAction\":[{\"@type\":\"ReadAction\",\"target\":[\"https:\/\/epeka.si\/en\/druzbena-odgovornost-aktualni-izzivi-konferenca\/\"]}]},{\"@type\":\"ImageObject\",\"inLanguage\":\"en-US\",\"@id\":\"https:\/\/epeka.si\/en\/druzbena-odgovornost-aktualni-izzivi-konferenca\/#primaryimage\",\"url\":\"https:\/\/epeka.si\/wp-content\/uploads\/2015\/03\/Brdo-moje-iz-origniala.jpg\",\"contentUrl\":\"https:\/\/epeka.si\/wp-content\/uploads\/2015\/03\/Brdo-moje-iz-origniala.jpg\",\"width\":927,\"height\":528},{\"@type\":\"BreadcrumbList\",\"@id\":\"https:\/\/epeka.si\/en\/druzbena-odgovornost-aktualni-izzivi-konferenca\/#breadcrumb\",\"itemListElement\":[{\"@type\":\"ListItem\",\"position\":1,\"name\":\"Home\",\"item\":\"https:\/\/epeka.si\/\"},{\"@type\":\"ListItem\",\"position\":2,\"name\":\"Corporate Social Responsibility and Current Challenges, conference\"}]},{\"@type\":\"WebSite\",\"@id\":\"https:\/\/epeka.si\/en\/#website\",\"url\":\"https:\/\/epeka.si\/en\/\",\"name\":\"EPEKA\",\"description\":\"\",\"potentialAction\":[{\"@type\":\"SearchAction\",\"target\":{\"@type\":\"EntryPoint\",\"urlTemplate\":\"https:\/\/epeka.si\/en\/?s={search_term_string}\"},\"query-input\":{\"@type\":\"PropertyValueSpecification\",\"valueRequired\":true,\"valueName\":\"search_term_string\"}}],\"inLanguage\":\"en-US\"},{\"@type\":\"Person\",\"@id\":\"https:\/\/epeka.si\/en\/#\/schema\/person\/6301dbac88ef7aff5584d50e991f4347\",\"name\":\"admin\",\"url\":\"https:\/\/epeka.si\/en\/author\/admin\/\"}]}<\/script>\n<!-- \/ Yoast SEO plugin. -->","yoast_head_json":{"title":"Corporate Social Responsibility and Current Challenges, conference - EPEKA","robots":{"index":"index","follow":"follow","max-snippet":"max-snippet:-1","max-image-preview":"max-image-preview:large","max-video-preview":"max-video-preview:-1"},"canonical":"https:\/\/epeka.si\/en\/druzbena-odgovornost-aktualni-izzivi-konferenca\/","og_locale":"en_US","og_type":"article","og_title":"Corporate Social Responsibility and Current Challenges, conference - EPEKA","og_description":"18 &#8211; 19 March, 2015 Maribor, Slovenia On 18 and 19 March 2015, \u0160tefan Simon\u010di\u010d, President of the Association EPEKA, Soc. Ent., will participate as one of the ... Read More","og_url":"https:\/\/epeka.si\/en\/druzbena-odgovornost-aktualni-izzivi-konferenca\/","og_site_name":"EPEKA","article_published_time":"2015-03-18T11:21:56+00:00","article_modified_time":"2023-12-17T05:26:36+00:00","og_image":[{"width":927,"height":528,"url":"https:\/\/epeka.si\/wp-content\/uploads\/2015\/03\/Brdo-moje-iz-origniala.jpg","type":"image\/jpeg"}],"author":"admin","twitter_misc":{"Written by":"admin","Est. reading time":"2 minutes"},"schema":{"@context":"https:\/\/schema.org","@graph":[{"@type":"Article","@id":"https:\/\/epeka.si\/en\/druzbena-odgovornost-aktualni-izzivi-konferenca\/#article","isPartOf":{"@id":"https:\/\/epeka.si\/en\/druzbena-odgovornost-aktualni-izzivi-konferenca\/"},"author":{"name":"admin","@id":"https:\/\/epeka.si\/en\/#\/schema\/person\/6301dbac88ef7aff5584d50e991f4347"},"headline":"Corporate Social Responsibility and Current Challenges, conference","datePublished":"2015-03-18T11:21:56+00:00","dateModified":"2023-12-17T05:26:36+00:00","mainEntityOfPage":{"@id":"https:\/\/epeka.si\/en\/druzbena-odgovornost-aktualni-izzivi-konferenca\/"},"wordCount":253,"image":{"@id":"https:\/\/epeka.si\/en\/druzbena-odgovornost-aktualni-izzivi-konferenca\/#primaryimage"},"thumbnailUrl":"https:\/\/epeka.si\/wp-content\/uploads\/2015\/03\/Brdo-moje-iz-origniala.jpg","articleSection":["Education","Education"],"inLanguage":"en-US"},{"@type":"WebPage","@id":"https:\/\/epeka.si\/en\/druzbena-odgovornost-aktualni-izzivi-konferenca\/","url":"https:\/\/epeka.si\/en\/druzbena-odgovornost-aktualni-izzivi-konferenca\/","name":"Corporate Social Responsibility and Current Challenges, conference - EPEKA","isPartOf":{"@id":"https:\/\/epeka.si\/en\/#website"},"primaryImageOfPage":{"@id":"https:\/\/epeka.si\/en\/druzbena-odgovornost-aktualni-izzivi-konferenca\/#primaryimage"},"image":{"@id":"https:\/\/epeka.si\/en\/druzbena-odgovornost-aktualni-izzivi-konferenca\/#primaryimage"},"thumbnailUrl":"https:\/\/epeka.si\/wp-content\/uploads\/2015\/03\/Brdo-moje-iz-origniala.jpg","datePublished":"2015-03-18T11:21:56+00:00","dateModified":"2023-12-17T05:26:36+00:00","author":{"@id":"https:\/\/epeka.si\/en\/#\/schema\/person\/6301dbac88ef7aff5584d50e991f4347"},"breadcrumb":{"@id":"https:\/\/epeka.si\/en\/druzbena-odgovornost-aktualni-izzivi-konferenca\/#breadcrumb"},"inLanguage":"en-US","potentialAction":[{"@type":"ReadAction","target":["https:\/\/epeka.si\/en\/druzbena-odgovornost-aktualni-izzivi-konferenca\/"]}]},{"@type":"ImageObject","inLanguage":"en-US","@id":"https:\/\/epeka.si\/en\/druzbena-odgovornost-aktualni-izzivi-konferenca\/#primaryimage","url":"https:\/\/epeka.si\/wp-content\/uploads\/2015\/03\/Brdo-moje-iz-origniala.jpg","contentUrl":"https:\/\/epeka.si\/wp-content\/uploads\/2015\/03\/Brdo-moje-iz-origniala.jpg","width":927,"height":528},{"@type":"BreadcrumbList","@id":"https:\/\/epeka.si\/en\/druzbena-odgovornost-aktualni-izzivi-konferenca\/#breadcrumb","itemListElement":[{"@type":"ListItem","position":1,"name":"Home","item":"https:\/\/epeka.si\/"},{"@type":"ListItem","position":2,"name":"Corporate Social Responsibility and Current Challenges, conference"}]},{"@type":"WebSite","@id":"https:\/\/epeka.si\/en\/#website","url":"https:\/\/epeka.si\/en\/","name":"EPEKA","description":"","potentialAction":[{"@type":"SearchAction","target":{"@type":"EntryPoint","urlTemplate":"https:\/\/epeka.si\/en\/?s={search_term_string}"},"query-input":{"@type":"PropertyValueSpecification","valueRequired":true,"valueName":"search_term_string"}}],"inLanguage":"en-US"},{"@type":"Person","@id":"https:\/\/epeka.si\/en\/#\/schema\/person\/6301dbac88ef7aff5584d50e991f4347","name":"admin","url":"https:\/\/epeka.si\/en\/author\/admin\/"}]}},"rttpg_featured_image_url":{"full":["https:\/\/epeka.si\/wp-content\/uploads\/2015\/03\/Brdo-moje-iz-origniala.jpg",927,528,false],"landscape":["https:\/\/epeka.si\/wp-content\/uploads\/2015\/03\/Brdo-moje-iz-origniala.jpg",927,528,false],"portraits":["https:\/\/epeka.si\/wp-content\/uploads\/2015\/03\/Brdo-moje-iz-origniala.jpg",927,528,false],"thumbnail":["https:\/\/epeka.si\/wp-content\/uploads\/2015\/03\/Brdo-moje-iz-origniala-150x150.jpg",150,150,true],"medium":["https:\/\/epeka.si\/wp-content\/uploads\/2015\/03\/Brdo-moje-iz-origniala-300x171.jpg",300,171,true],"large":["https:\/\/epeka.si\/wp-content\/uploads\/2015\/03\/Brdo-moje-iz-origniala.jpg",927,528,false],"1536x1536":["https:\/\/epeka.si\/wp-content\/uploads\/2015\/03\/Brdo-moje-iz-origniala.jpg",927,528,false],"2048x2048":["https:\/\/epeka.si\/wp-content\/uploads\/2015\/03\/Brdo-moje-iz-origniala.jpg",927,528,false],"tinyfeatured":["https:\/\/epeka.si\/wp-content\/uploads\/2015\/03\/Brdo-moje-iz-origniala-75x75.jpg",75,75,true],"gallery":["https:\/\/epeka.si\/wp-content\/uploads\/2015\/03\/Brdo-moje-iz-origniala-426x351.jpg",426,351,true],"fullslideshow":["https:\/\/epeka.si\/wp-content\/uploads\/2015\/03\/Brdo-moje-iz-origniala.jpg",927,528,false],"fullslideshownc":["https:\/\/epeka.si\/wp-content\/uploads\/2015\/03\/Brdo-moje-iz-origniala.jpg",927,528,false],"contentslideshow":["https:\/\/epeka.si\/wp-content\/uploads\/2015\/03\/Brdo-moje-iz-origniala-740x400.jpg",740,400,true],"contentslideshownc":["https:\/\/epeka.si\/wp-content\/uploads\/2015\/03\/Brdo-moje-iz-origniala-740x421.jpg",740,421,true],"regular":["https:\/\/epeka.si\/wp-content\/uploads\/2015\/03\/Brdo-moje-iz-origniala-525x300.jpg",525,300,true],"half":["https:\/\/epeka.si\/wp-content\/uploads\/2015\/03\/Brdo-moje-iz-origniala-410x441.jpg",410,441,true],"big":["https:\/\/epeka.si\/wp-content\/uploads\/2015\/03\/Brdo-moje-iz-origniala-790x425.jpg",790,425,true],"related":["https:\/\/epeka.si\/wp-content\/uploads\/2015\/03\/Brdo-moje-iz-origniala-525x528.jpg",525,528,true],"psacp-medium":["https:\/\/epeka.si\/wp-content\/uploads\/2015\/03\/Brdo-moje-iz-origniala.jpg",500,285,false],"woocommerce_thumbnail":["https:\/\/epeka.si\/wp-content\/uploads\/2015\/03\/Brdo-moje-iz-origniala-300x300.jpg",300,300,true],"woocommerce_single":["https:\/\/epeka.si\/wp-content\/uploads\/2015\/03\/Brdo-moje-iz-origniala-600x342.jpg",600,342,true],"woocommerce_gallery_thumbnail":["https:\/\/epeka.si\/wp-content\/uploads\/2015\/03\/Brdo-moje-iz-origniala-100x100.jpg",100,100,true]},"rttpg_author":{"display_name":"admin","author_link":"https:\/\/epeka.si\/en\/author\/admin\/"},"rttpg_comment":0,"rttpg_category":"<a href=\"https:\/\/epeka.si\/en\/category\/education\/\" rel=\"category tag\">Education<\/a> <a href=\"https:\/\/epeka.si\/en\/category\/izobrazevanje-en\/\" rel=\"category tag\">Education<\/a>","rttpg_excerpt":"18 &#8211; 19 March, 2015 Maribor, Slovenia On 18 and 19 March 2015, \u0160tefan Simon\u010di\u010d, President of the Association EPEKA, Soc. Ent., will participate as one of the ... Read More","_links":{"self":[{"href":"https:\/\/epeka.si\/en\/wp-json\/wp\/v2\/posts\/6434","targetHints":{"allow":["GET"]}}],"collection":[{"href":"https:\/\/epeka.si\/en\/wp-json\/wp\/v2\/posts"}],"about":[{"href":"https:\/\/epeka.si\/en\/wp-json\/wp\/v2\/types\/post"}],"author":[{"embeddable":true,"href":"https:\/\/epeka.si\/en\/wp-json\/wp\/v2\/users\/13"}],"replies":[{"embeddable":true,"href":"https:\/\/epeka.si\/en\/wp-json\/wp\/v2\/comments?post=6434"}],"version-history":[{"count":7,"href":"https:\/\/epeka.si\/en\/wp-json\/wp\/v2\/posts\/6434\/revisions"}],"predecessor-version":[{"id":50251,"href":"https:\/\/epeka.si\/en\/wp-json\/wp\/v2\/posts\/6434\/revisions\/50251"}],"wp:featuredmedia":[{"embeddable":true,"href":"https:\/\/epeka.si\/en\/wp-json\/wp\/v2\/media\/23365"}],"wp:attachment":[{"href":"https:\/\/epeka.si\/en\/wp-json\/wp\/v2\/media?parent=6434"}],"wp:term":[{"taxonomy":"category","embeddable":true,"href":"https:\/\/epeka.si\/en\/wp-json\/wp\/v2\/categories?post=6434"},{"taxonomy":"post_tag","embeddable":true,"href":"https:\/\/epeka.si\/en\/wp-json\/wp\/v2\/tags?post=6434"}],"curies":[{"name":"wp","href":"https:\/\/api.w.org\/{rel}","templated":true}]}}