{"id":6612,"date":"2015-08-01T07:15:50","date_gmt":"2015-08-01T07:15:50","guid":{"rendered":"http:\/\/epeka.si\/?p=6612\/"},"modified":"2023-12-16T20:19:11","modified_gmt":"2023-12-16T20:19:11","slug":"seminar-za-navdih-get-inspired-experienced","status":"publish","type":"post","link":"https:\/\/epeka.si\/en\/seminar-za-navdih-get-inspired-experienced\/","title":{"rendered":"SEMINAR &#8220;Za navdih \/ Get inspired by the experienced"},"content":{"rendered":"<h3 style=\"text-align: justify;\">3 September, 2015<br \/>\nLjubljana, Slovenia<\/h3>\n<p style=\"text-align: justify;\">\u0160tefan Simon\u010di\u010d, President of the Association EPEKA, Soc. Ent., will participate in the educational seminar &#8220;Za inspirdih \/ Get inspired by the experienced&#8221;, which will take place in Ljubljana on Thursday, 3 September 2015.<!--more--><\/p>\n<p style=\"text-align: justify;\">The seminar is aimed at representatives of cultural organisations wishing to develop an international project in cooperation with partners from abroad and to apply for the 2016 call for European cooperation projects under the Culture sub-programme (Creative Europe).<\/p>\n<p style=\"text-align: justify;\">Emphasis will be placed on deepening practical and theoretical knowledge, in particular regarding the European Union&#8217;s cultural policy, which is essential for applicants to succeed in the highly competitive call (success rate not exceeding 15%). In order to offer interested users an &#8220;outside perspective&#8221;, Mr Geoffrey Brown (UK), an internationally renowned expert in the field of European funding and cultural management, will be invited as a guest speaker and will be invited to present his work on the topic.<\/p>\n","protected":false},"excerpt":{"rendered":"<p>3 September, 2015 Ljubljana, Slovenia <\/p>\n<p style=\"text-align: justify\">\u0160tefan Simon\u010di\u010d, President of the Association EPEKA, Soc. Ent., will participate in the educational seminar &#8220;Za inspirdih \/ Get inspired by the experienced&#8221;, &#8230; <br \/><a href=\"https:\/\/epeka.si\/en\/seminar-za-navdih-get-inspired-experienced\/\" class=\"more-link\">Read More<\/a><\/p>\n","protected":false},"author":13,"featured_media":4823,"comment_status":"closed","ping_status":"open","sticky":false,"template":"","format":"standard","meta":{"_acf_changed":false,"_monsterinsights_skip_tracking":false,"_monsterinsights_sitenote_active":false,"_monsterinsights_sitenote_note":"","_monsterinsights_sitenote_category":0,"footnotes":""},"categories":[51],"tags":[],"class_list":["post-6612","post","type-post","status-publish","format-standard","has-post-thumbnail","hentry","category-izobrazevanje-en"],"acf":[],"yoast_head":"<!-- This site is optimized with the Yoast SEO plugin v26.9 - https:\/\/yoast.com\/product\/yoast-seo-wordpress\/ -->\n<title>SEMINAR &quot;Za navdih \/ Get inspired by the experienced - EPEKA<\/title>\n<meta name=\"robots\" content=\"index, follow, max-snippet:-1, max-image-preview:large, max-video-preview:-1\" \/>\n<link rel=\"canonical\" href=\"https:\/\/epeka.si\/en\/seminar-za-navdih-get-inspired-experienced\/\" \/>\n<meta property=\"og:locale\" content=\"en_US\" \/>\n<meta property=\"og:type\" content=\"article\" \/>\n<meta property=\"og:title\" content=\"SEMINAR &quot;Za navdih \/ Get inspired by the experienced - EPEKA\" \/>\n<meta property=\"og:description\" content=\"3 September, 2015 Ljubljana, Slovenia \u0160tefan Simon\u010di\u010d, President of the Association EPEKA, Soc. Ent., will participate in the educational seminar &#8220;Za inspirdih \/ Get inspired by the experienced&#8221;, ... Read More\" \/>\n<meta property=\"og:url\" content=\"https:\/\/epeka.si\/en\/seminar-za-navdih-get-inspired-experienced\/\" \/>\n<meta property=\"og:site_name\" content=\"EPEKA\" \/>\n<meta property=\"article:published_time\" content=\"2015-08-01T07:15:50+00:00\" \/>\n<meta property=\"article:modified_time\" content=\"2023-12-16T20:19:11+00:00\" \/>\n<meta property=\"og:image\" content=\"https:\/\/epeka.si\/wp-content\/uploads\/2015\/08\/splet-cover-Ustvarjalna-Evropa.jpg\" \/>\n\t<meta property=\"og:image:width\" content=\"1500\" \/>\n\t<meta property=\"og:image:height\" content=\"800\" \/>\n\t<meta property=\"og:image:type\" content=\"image\/jpeg\" \/>\n<meta name=\"author\" content=\"admin\" \/>\n<meta name=\"twitter:label1\" content=\"Written by\" \/>\n\t<meta name=\"twitter:data1\" content=\"admin\" \/>\n\t<meta name=\"twitter:label2\" content=\"Est. reading time\" \/>\n\t<meta name=\"twitter:data2\" content=\"1 minute\" \/>\n<script type=\"application\/ld+json\" class=\"yoast-schema-graph\">{\"@context\":\"https:\/\/schema.org\",\"@graph\":[{\"@type\":\"Article\",\"@id\":\"https:\/\/epeka.si\/en\/seminar-za-navdih-get-inspired-experienced\/#article\",\"isPartOf\":{\"@id\":\"https:\/\/epeka.si\/en\/seminar-za-navdih-get-inspired-experienced\/\"},\"author\":{\"name\":\"admin\",\"@id\":\"https:\/\/epeka.si\/en\/#\/schema\/person\/6301dbac88ef7aff5584d50e991f4347\"},\"headline\":\"SEMINAR &#8220;Za navdih \/ Get inspired by the experienced\",\"datePublished\":\"2015-08-01T07:15:50+00:00\",\"dateModified\":\"2023-12-16T20:19:11+00:00\",\"mainEntityOfPage\":{\"@id\":\"https:\/\/epeka.si\/en\/seminar-za-navdih-get-inspired-experienced\/\"},\"wordCount\":159,\"image\":{\"@id\":\"https:\/\/epeka.si\/en\/seminar-za-navdih-get-inspired-experienced\/#primaryimage\"},\"thumbnailUrl\":\"https:\/\/epeka.si\/wp-content\/uploads\/2015\/08\/splet-cover-Ustvarjalna-Evropa.jpg\",\"articleSection\":[\"Education\"],\"inLanguage\":\"en-US\"},{\"@type\":\"WebPage\",\"@id\":\"https:\/\/epeka.si\/en\/seminar-za-navdih-get-inspired-experienced\/\",\"url\":\"https:\/\/epeka.si\/en\/seminar-za-navdih-get-inspired-experienced\/\",\"name\":\"SEMINAR \\\"Za navdih \/ Get inspired by the experienced - EPEKA\",\"isPartOf\":{\"@id\":\"https:\/\/epeka.si\/en\/#website\"},\"primaryImageOfPage\":{\"@id\":\"https:\/\/epeka.si\/en\/seminar-za-navdih-get-inspired-experienced\/#primaryimage\"},\"image\":{\"@id\":\"https:\/\/epeka.si\/en\/seminar-za-navdih-get-inspired-experienced\/#primaryimage\"},\"thumbnailUrl\":\"https:\/\/epeka.si\/wp-content\/uploads\/2015\/08\/splet-cover-Ustvarjalna-Evropa.jpg\",\"datePublished\":\"2015-08-01T07:15:50+00:00\",\"dateModified\":\"2023-12-16T20:19:11+00:00\",\"author\":{\"@id\":\"https:\/\/epeka.si\/en\/#\/schema\/person\/6301dbac88ef7aff5584d50e991f4347\"},\"breadcrumb\":{\"@id\":\"https:\/\/epeka.si\/en\/seminar-za-navdih-get-inspired-experienced\/#breadcrumb\"},\"inLanguage\":\"en-US\",\"potentialAction\":[{\"@type\":\"ReadAction\",\"target\":[\"https:\/\/epeka.si\/en\/seminar-za-navdih-get-inspired-experienced\/\"]}]},{\"@type\":\"ImageObject\",\"inLanguage\":\"en-US\",\"@id\":\"https:\/\/epeka.si\/en\/seminar-za-navdih-get-inspired-experienced\/#primaryimage\",\"url\":\"https:\/\/epeka.si\/wp-content\/uploads\/2015\/08\/splet-cover-Ustvarjalna-Evropa.jpg\",\"contentUrl\":\"https:\/\/epeka.si\/wp-content\/uploads\/2015\/08\/splet-cover-Ustvarjalna-Evropa.jpg\",\"width\":1500,\"height\":800},{\"@type\":\"BreadcrumbList\",\"@id\":\"https:\/\/epeka.si\/en\/seminar-za-navdih-get-inspired-experienced\/#breadcrumb\",\"itemListElement\":[{\"@type\":\"ListItem\",\"position\":1,\"name\":\"Home\",\"item\":\"https:\/\/epeka.si\/\"},{\"@type\":\"ListItem\",\"position\":2,\"name\":\"SEMINAR &#8220;Za navdih \/ Get inspired by the experienced\"}]},{\"@type\":\"WebSite\",\"@id\":\"https:\/\/epeka.si\/en\/#website\",\"url\":\"https:\/\/epeka.si\/en\/\",\"name\":\"EPEKA\",\"description\":\"\",\"potentialAction\":[{\"@type\":\"SearchAction\",\"target\":{\"@type\":\"EntryPoint\",\"urlTemplate\":\"https:\/\/epeka.si\/en\/?s={search_term_string}\"},\"query-input\":{\"@type\":\"PropertyValueSpecification\",\"valueRequired\":true,\"valueName\":\"search_term_string\"}}],\"inLanguage\":\"en-US\"},{\"@type\":\"Person\",\"@id\":\"https:\/\/epeka.si\/en\/#\/schema\/person\/6301dbac88ef7aff5584d50e991f4347\",\"name\":\"admin\",\"url\":\"https:\/\/epeka.si\/en\/author\/admin\/\"}]}<\/script>\n<!-- \/ Yoast SEO plugin. -->","yoast_head_json":{"title":"SEMINAR \"Za navdih \/ Get inspired by the experienced - EPEKA","robots":{"index":"index","follow":"follow","max-snippet":"max-snippet:-1","max-image-preview":"max-image-preview:large","max-video-preview":"max-video-preview:-1"},"canonical":"https:\/\/epeka.si\/en\/seminar-za-navdih-get-inspired-experienced\/","og_locale":"en_US","og_type":"article","og_title":"SEMINAR \"Za navdih \/ Get inspired by the experienced - EPEKA","og_description":"3 September, 2015 Ljubljana, Slovenia \u0160tefan Simon\u010di\u010d, President of the Association EPEKA, Soc. Ent., will participate in the educational seminar &#8220;Za inspirdih \/ Get inspired by the experienced&#8221;, ... Read More","og_url":"https:\/\/epeka.si\/en\/seminar-za-navdih-get-inspired-experienced\/","og_site_name":"EPEKA","article_published_time":"2015-08-01T07:15:50+00:00","article_modified_time":"2023-12-16T20:19:11+00:00","og_image":[{"width":1500,"height":800,"url":"https:\/\/epeka.si\/wp-content\/uploads\/2015\/08\/splet-cover-Ustvarjalna-Evropa.jpg","type":"image\/jpeg"}],"author":"admin","twitter_misc":{"Written by":"admin","Est. reading time":"1 minute"},"schema":{"@context":"https:\/\/schema.org","@graph":[{"@type":"Article","@id":"https:\/\/epeka.si\/en\/seminar-za-navdih-get-inspired-experienced\/#article","isPartOf":{"@id":"https:\/\/epeka.si\/en\/seminar-za-navdih-get-inspired-experienced\/"},"author":{"name":"admin","@id":"https:\/\/epeka.si\/en\/#\/schema\/person\/6301dbac88ef7aff5584d50e991f4347"},"headline":"SEMINAR &#8220;Za navdih \/ Get inspired by the experienced","datePublished":"2015-08-01T07:15:50+00:00","dateModified":"2023-12-16T20:19:11+00:00","mainEntityOfPage":{"@id":"https:\/\/epeka.si\/en\/seminar-za-navdih-get-inspired-experienced\/"},"wordCount":159,"image":{"@id":"https:\/\/epeka.si\/en\/seminar-za-navdih-get-inspired-experienced\/#primaryimage"},"thumbnailUrl":"https:\/\/epeka.si\/wp-content\/uploads\/2015\/08\/splet-cover-Ustvarjalna-Evropa.jpg","articleSection":["Education"],"inLanguage":"en-US"},{"@type":"WebPage","@id":"https:\/\/epeka.si\/en\/seminar-za-navdih-get-inspired-experienced\/","url":"https:\/\/epeka.si\/en\/seminar-za-navdih-get-inspired-experienced\/","name":"SEMINAR \"Za navdih \/ Get inspired by the experienced - EPEKA","isPartOf":{"@id":"https:\/\/epeka.si\/en\/#website"},"primaryImageOfPage":{"@id":"https:\/\/epeka.si\/en\/seminar-za-navdih-get-inspired-experienced\/#primaryimage"},"image":{"@id":"https:\/\/epeka.si\/en\/seminar-za-navdih-get-inspired-experienced\/#primaryimage"},"thumbnailUrl":"https:\/\/epeka.si\/wp-content\/uploads\/2015\/08\/splet-cover-Ustvarjalna-Evropa.jpg","datePublished":"2015-08-01T07:15:50+00:00","dateModified":"2023-12-16T20:19:11+00:00","author":{"@id":"https:\/\/epeka.si\/en\/#\/schema\/person\/6301dbac88ef7aff5584d50e991f4347"},"breadcrumb":{"@id":"https:\/\/epeka.si\/en\/seminar-za-navdih-get-inspired-experienced\/#breadcrumb"},"inLanguage":"en-US","potentialAction":[{"@type":"ReadAction","target":["https:\/\/epeka.si\/en\/seminar-za-navdih-get-inspired-experienced\/"]}]},{"@type":"ImageObject","inLanguage":"en-US","@id":"https:\/\/epeka.si\/en\/seminar-za-navdih-get-inspired-experienced\/#primaryimage","url":"https:\/\/epeka.si\/wp-content\/uploads\/2015\/08\/splet-cover-Ustvarjalna-Evropa.jpg","contentUrl":"https:\/\/epeka.si\/wp-content\/uploads\/2015\/08\/splet-cover-Ustvarjalna-Evropa.jpg","width":1500,"height":800},{"@type":"BreadcrumbList","@id":"https:\/\/epeka.si\/en\/seminar-za-navdih-get-inspired-experienced\/#breadcrumb","itemListElement":[{"@type":"ListItem","position":1,"name":"Home","item":"https:\/\/epeka.si\/"},{"@type":"ListItem","position":2,"name":"SEMINAR &#8220;Za navdih \/ Get inspired by the experienced"}]},{"@type":"WebSite","@id":"https:\/\/epeka.si\/en\/#website","url":"https:\/\/epeka.si\/en\/","name":"EPEKA","description":"","potentialAction":[{"@type":"SearchAction","target":{"@type":"EntryPoint","urlTemplate":"https:\/\/epeka.si\/en\/?s={search_term_string}"},"query-input":{"@type":"PropertyValueSpecification","valueRequired":true,"valueName":"search_term_string"}}],"inLanguage":"en-US"},{"@type":"Person","@id":"https:\/\/epeka.si\/en\/#\/schema\/person\/6301dbac88ef7aff5584d50e991f4347","name":"admin","url":"https:\/\/epeka.si\/en\/author\/admin\/"}]}},"rttpg_featured_image_url":{"full":["https:\/\/epeka.si\/wp-content\/uploads\/2015\/08\/splet-cover-Ustvarjalna-Evropa.jpg",1500,800,false],"landscape":["https:\/\/epeka.si\/wp-content\/uploads\/2015\/08\/splet-cover-Ustvarjalna-Evropa.jpg",1500,800,false],"portraits":["https:\/\/epeka.si\/wp-content\/uploads\/2015\/08\/splet-cover-Ustvarjalna-Evropa.jpg",1500,800,false],"thumbnail":["https:\/\/epeka.si\/wp-content\/uploads\/2015\/08\/splet-cover-Ustvarjalna-Evropa-150x150.jpg",150,150,true],"medium":["https:\/\/epeka.si\/wp-content\/uploads\/2015\/08\/splet-cover-Ustvarjalna-Evropa-300x160.jpg",300,160,true],"large":["https:\/\/epeka.si\/wp-content\/uploads\/2015\/08\/splet-cover-Ustvarjalna-Evropa-1024x546.jpg",1024,546,true],"1536x1536":["https:\/\/epeka.si\/wp-content\/uploads\/2015\/08\/splet-cover-Ustvarjalna-Evropa.jpg",1500,800,false],"2048x2048":["https:\/\/epeka.si\/wp-content\/uploads\/2015\/08\/splet-cover-Ustvarjalna-Evropa.jpg",1500,800,false],"tinyfeatured":["https:\/\/epeka.si\/wp-content\/uploads\/2015\/08\/splet-cover-Ustvarjalna-Evropa-75x75.jpg",75,75,true],"gallery":["https:\/\/epeka.si\/wp-content\/uploads\/2015\/08\/splet-cover-Ustvarjalna-Evropa-426x351.jpg",426,351,true],"fullslideshow":["https:\/\/epeka.si\/wp-content\/uploads\/2015\/08\/splet-cover-Ustvarjalna-Evropa-1500x550.jpg",1500,550,true],"fullslideshownc":["https:\/\/epeka.si\/wp-content\/uploads\/2015\/08\/splet-cover-Ustvarjalna-Evropa-1500x800.jpg",1500,800,true],"contentslideshow":["https:\/\/epeka.si\/wp-content\/uploads\/2015\/08\/splet-cover-Ustvarjalna-Evropa-740x400.jpg",740,400,true],"contentslideshownc":["https:\/\/epeka.si\/wp-content\/uploads\/2015\/08\/splet-cover-Ustvarjalna-Evropa-740x395.jpg",740,395,true],"regular":["https:\/\/epeka.si\/wp-content\/uploads\/2015\/08\/splet-cover-Ustvarjalna-Evropa-525x300.jpg",525,300,true],"half":["https:\/\/epeka.si\/wp-content\/uploads\/2015\/08\/splet-cover-Ustvarjalna-Evropa-410x441.jpg",410,441,true],"big":["https:\/\/epeka.si\/wp-content\/uploads\/2015\/08\/splet-cover-Ustvarjalna-Evropa-790x425.jpg",790,425,true],"related":["https:\/\/epeka.si\/wp-content\/uploads\/2015\/08\/splet-cover-Ustvarjalna-Evropa-525x564.jpg",525,564,true],"psacp-medium":["https:\/\/epeka.si\/wp-content\/uploads\/2015\/08\/splet-cover-Ustvarjalna-Evropa.jpg",500,267,false],"woocommerce_thumbnail":["https:\/\/epeka.si\/wp-content\/uploads\/2015\/08\/splet-cover-Ustvarjalna-Evropa-300x300.jpg",300,300,true],"woocommerce_single":["https:\/\/epeka.si\/wp-content\/uploads\/2015\/08\/splet-cover-Ustvarjalna-Evropa-600x320.jpg",600,320,true],"woocommerce_gallery_thumbnail":["https:\/\/epeka.si\/wp-content\/uploads\/2015\/08\/splet-cover-Ustvarjalna-Evropa-100x100.jpg",100,100,true]},"rttpg_author":{"display_name":"admin","author_link":"https:\/\/epeka.si\/en\/author\/admin\/"},"rttpg_comment":0,"rttpg_category":"<a href=\"https:\/\/epeka.si\/en\/category\/izobrazevanje-en\/\" rel=\"category tag\">Education<\/a>","rttpg_excerpt":"3 September, 2015 Ljubljana, Slovenia \u0160tefan Simon\u010di\u010d, President of the Association EPEKA, Soc. Ent., will participate in the educational seminar &#8220;Za inspirdih \/ Get inspired by the experienced&#8221;, ... Read More","_links":{"self":[{"href":"https:\/\/epeka.si\/en\/wp-json\/wp\/v2\/posts\/6612","targetHints":{"allow":["GET"]}}],"collection":[{"href":"https:\/\/epeka.si\/en\/wp-json\/wp\/v2\/posts"}],"about":[{"href":"https:\/\/epeka.si\/en\/wp-json\/wp\/v2\/types\/post"}],"author":[{"embeddable":true,"href":"https:\/\/epeka.si\/en\/wp-json\/wp\/v2\/users\/13"}],"replies":[{"embeddable":true,"href":"https:\/\/epeka.si\/en\/wp-json\/wp\/v2\/comments?post=6612"}],"version-history":[{"count":7,"href":"https:\/\/epeka.si\/en\/wp-json\/wp\/v2\/posts\/6612\/revisions"}],"predecessor-version":[{"id":50195,"href":"https:\/\/epeka.si\/en\/wp-json\/wp\/v2\/posts\/6612\/revisions\/50195"}],"wp:featuredmedia":[{"embeddable":true,"href":"https:\/\/epeka.si\/en\/wp-json\/wp\/v2\/media\/4823"}],"wp:attachment":[{"href":"https:\/\/epeka.si\/en\/wp-json\/wp\/v2\/media?parent=6612"}],"wp:term":[{"taxonomy":"category","embeddable":true,"href":"https:\/\/epeka.si\/en\/wp-json\/wp\/v2\/categories?post=6612"},{"taxonomy":"post_tag","embeddable":true,"href":"https:\/\/epeka.si\/en\/wp-json\/wp\/v2\/tags?post=6612"}],"curies":[{"name":"wp","href":"https:\/\/api.w.org\/{rel}","templated":true}]}}