{"id":67584,"date":"2025-01-04T11:02:08","date_gmt":"2025-01-04T11:02:08","guid":{"rendered":"https:\/\/epeka.si\/?p=67584"},"modified":"2025-10-15T08:47:34","modified_gmt":"2025-10-15T08:47:34","slug":"unlocking-personalised-learning-briefing-on-selected-districts-for-affordable-housing","status":"publish","type":"post","link":"https:\/\/epeka.si\/en\/unlocking-personalised-learning-briefing-on-selected-districts-for-affordable-housing\/","title":{"rendered":"Unlocking personalised learning: briefing on selected districts for social housing"},"content":{"rendered":"<h3 style=\"text-align: justify;\">January 30, 2025<br \/>\nOnline<\/h3>\n<p style=\"text-align: justify;\">\u0160tefan Simon\u010di\u010d, President of the Association EPEKA, Soc. Ent., is participating in the innovative Affordable Housing Initiative programme, which is moving into its second phase of offering a free, tailored educational programme.<br \/>\n<!--more--><\/p>\n<p>The training programme aims to improve the skills of social and affordable housing providers, cities and companies involved in planning or implementing sustainable construction and renovation projects in the field of affordable housing. Participants will develop integrated approaches that will improve the delivery of quality housing and mitigate the problems that have historically affected the development of social and affordable housing.<\/p>\n<p>Event Programme:<\/p>\n<ul>\n<li><strong>Welcome and opening address <\/strong>by Nerea G\u00f3mez, ECTP.<\/li>\n<li><strong>Exploring the opportunities of the Affordable Housing Initiative&#8217;s tailor-made training programme: <\/strong>Margherita Marinelli, Housing Europe.<\/li>\n<li><strong>Success stories: Champions of selected districts from Phase 1: <\/strong>Maja Staleska, HTO, North Macedonia; \u0160tefan Simon\u010di\u010d, EPEKA, Slovenia. Moderated by Housing Europe.<\/li>\n<li><strong>Introduction to the e-learning platform: <\/strong>Ermete Mariani\/Kinga Kovacs, Energy Cities.<\/li>\n<li><strong>Selection criteria and practical aspects of the programme: <\/strong>Giorgia Signoretto, EBC.<\/li>\n<li><strong>Interactive Q&amp;A session: <\/strong>Ask questions, gain insights and clarify any doubts.<\/li>\n<\/ul>\n<p>For more information, please visit: <a href=\"https:\/\/shape-affordablehousing.eu\/event\/unlock-tailored-learning-info-session-on-affordable-housing-lighthouse-districts\/\">https:\/\/shape-affordablehousing.eu\/event\/unlock-tailored-learning-info-session-on-affordable-housing-lighthouse-districts\/<\/a><\/p>\n","protected":false},"excerpt":{"rendered":"<p>January 30, 2025 Online <\/p>\n<p style=\"text-align: justify\">\u0160tefan Simon\u010di\u010d, President of the Association EPEKA, Soc. Ent., is participating in the innovative Affordable Housing Initiative programme, which is moving into its second &#8230; <br \/><a href=\"https:\/\/epeka.si\/en\/unlocking-personalised-learning-briefing-on-selected-districts-for-affordable-housing\/\" class=\"more-link\">Read More<\/a><\/p>\n","protected":false},"author":28,"featured_media":90842,"comment_status":"closed","ping_status":"open","sticky":false,"template":"","format":"standard","meta":{"_acf_changed":false,"_monsterinsights_skip_tracking":false,"_monsterinsights_sitenote_active":false,"_monsterinsights_sitenote_note":"","_monsterinsights_sitenote_category":0,"footnotes":""},"categories":[37,42,40,123],"tags":[],"class_list":["post-67584","post","type-post","status-publish","format-standard","has-post-thumbnail","hentry","category-advertisements","category-events","category-first-page","category-zadruga-epeka-en"],"acf":[],"yoast_head":"<!-- This site is optimized with the Yoast SEO plugin v26.9 - https:\/\/yoast.com\/product\/yoast-seo-wordpress\/ -->\n<title>Unlocking personalised learning: briefing on selected districts for social housing - EPEKA<\/title>\n<meta name=\"robots\" content=\"index, follow, max-snippet:-1, max-image-preview:large, max-video-preview:-1\" \/>\n<link rel=\"canonical\" href=\"https:\/\/epeka.si\/en\/unlocking-personalised-learning-briefing-on-selected-districts-for-affordable-housing\/\" \/>\n<meta property=\"og:locale\" content=\"en_US\" \/>\n<meta property=\"og:type\" content=\"article\" \/>\n<meta property=\"og:title\" content=\"Unlocking personalised learning: briefing on selected districts for social housing - EPEKA\" \/>\n<meta property=\"og:description\" content=\"January 30, 2025 Online \u0160tefan Simon\u010di\u010d, President of the Association EPEKA, Soc. Ent., is participating in the innovative Affordable Housing Initiative programme, which is moving into its second ... Read More\" \/>\n<meta property=\"og:url\" content=\"https:\/\/epeka.si\/en\/unlocking-personalised-learning-briefing-on-selected-districts-for-affordable-housing\/\" \/>\n<meta property=\"og:site_name\" content=\"EPEKA\" \/>\n<meta property=\"article:published_time\" content=\"2025-01-04T11:02:08+00:00\" \/>\n<meta property=\"article:modified_time\" content=\"2025-10-15T08:47:34+00:00\" \/>\n<meta property=\"og:image\" content=\"https:\/\/epeka.si\/wp-content\/uploads\/2025\/01\/Coffee.jpg\" \/>\n\t<meta property=\"og:image:width\" content=\"1500\" \/>\n\t<meta property=\"og:image:height\" content=\"800\" \/>\n\t<meta property=\"og:image:type\" content=\"image\/jpeg\" \/>\n<meta name=\"author\" content=\"AS\" \/>\n<meta name=\"twitter:label1\" content=\"Written by\" \/>\n\t<meta name=\"twitter:data1\" content=\"AS\" \/>\n\t<meta name=\"twitter:label2\" content=\"Est. reading time\" \/>\n\t<meta name=\"twitter:data2\" content=\"2 minutes\" \/>\n<script type=\"application\/ld+json\" class=\"yoast-schema-graph\">{\"@context\":\"https:\/\/schema.org\",\"@graph\":[{\"@type\":\"Article\",\"@id\":\"https:\/\/epeka.si\/en\/unlocking-personalised-learning-briefing-on-selected-districts-for-affordable-housing\/#article\",\"isPartOf\":{\"@id\":\"https:\/\/epeka.si\/en\/unlocking-personalised-learning-briefing-on-selected-districts-for-affordable-housing\/\"},\"author\":{\"name\":\"AS\",\"@id\":\"https:\/\/epeka.si\/en\/#\/schema\/person\/d31b1609a7189f2a6405343b2f925c2b\"},\"headline\":\"Unlocking personalised learning: briefing on selected districts for social housing\",\"datePublished\":\"2025-01-04T11:02:08+00:00\",\"dateModified\":\"2025-10-15T08:47:34+00:00\",\"mainEntityOfPage\":{\"@id\":\"https:\/\/epeka.si\/en\/unlocking-personalised-learning-briefing-on-selected-districts-for-affordable-housing\/\"},\"wordCount\":200,\"image\":{\"@id\":\"https:\/\/epeka.si\/en\/unlocking-personalised-learning-briefing-on-selected-districts-for-affordable-housing\/#primaryimage\"},\"thumbnailUrl\":\"https:\/\/epeka.si\/wp-content\/uploads\/2025\/01\/Coffee.jpg\",\"articleSection\":[\"Advertisements\",\"Events\",\"First page\",\"Zadruga EPEKA\"],\"inLanguage\":\"en-US\"},{\"@type\":\"WebPage\",\"@id\":\"https:\/\/epeka.si\/en\/unlocking-personalised-learning-briefing-on-selected-districts-for-affordable-housing\/\",\"url\":\"https:\/\/epeka.si\/en\/unlocking-personalised-learning-briefing-on-selected-districts-for-affordable-housing\/\",\"name\":\"Unlocking personalised learning: briefing on selected districts for social housing - EPEKA\",\"isPartOf\":{\"@id\":\"https:\/\/epeka.si\/en\/#website\"},\"primaryImageOfPage\":{\"@id\":\"https:\/\/epeka.si\/en\/unlocking-personalised-learning-briefing-on-selected-districts-for-affordable-housing\/#primaryimage\"},\"image\":{\"@id\":\"https:\/\/epeka.si\/en\/unlocking-personalised-learning-briefing-on-selected-districts-for-affordable-housing\/#primaryimage\"},\"thumbnailUrl\":\"https:\/\/epeka.si\/wp-content\/uploads\/2025\/01\/Coffee.jpg\",\"datePublished\":\"2025-01-04T11:02:08+00:00\",\"dateModified\":\"2025-10-15T08:47:34+00:00\",\"author\":{\"@id\":\"https:\/\/epeka.si\/en\/#\/schema\/person\/d31b1609a7189f2a6405343b2f925c2b\"},\"breadcrumb\":{\"@id\":\"https:\/\/epeka.si\/en\/unlocking-personalised-learning-briefing-on-selected-districts-for-affordable-housing\/#breadcrumb\"},\"inLanguage\":\"en-US\",\"potentialAction\":[{\"@type\":\"ReadAction\",\"target\":[\"https:\/\/epeka.si\/en\/unlocking-personalised-learning-briefing-on-selected-districts-for-affordable-housing\/\"]}]},{\"@type\":\"ImageObject\",\"inLanguage\":\"en-US\",\"@id\":\"https:\/\/epeka.si\/en\/unlocking-personalised-learning-briefing-on-selected-districts-for-affordable-housing\/#primaryimage\",\"url\":\"https:\/\/epeka.si\/wp-content\/uploads\/2025\/01\/Coffee.jpg\",\"contentUrl\":\"https:\/\/epeka.si\/wp-content\/uploads\/2025\/01\/Coffee.jpg\",\"width\":1500,\"height\":800},{\"@type\":\"BreadcrumbList\",\"@id\":\"https:\/\/epeka.si\/en\/unlocking-personalised-learning-briefing-on-selected-districts-for-affordable-housing\/#breadcrumb\",\"itemListElement\":[{\"@type\":\"ListItem\",\"position\":1,\"name\":\"Home\",\"item\":\"https:\/\/epeka.si\/\"},{\"@type\":\"ListItem\",\"position\":2,\"name\":\"Unlocking personalised learning: briefing on selected districts for social housing\"}]},{\"@type\":\"WebSite\",\"@id\":\"https:\/\/epeka.si\/en\/#website\",\"url\":\"https:\/\/epeka.si\/en\/\",\"name\":\"EPEKA\",\"description\":\"\",\"potentialAction\":[{\"@type\":\"SearchAction\",\"target\":{\"@type\":\"EntryPoint\",\"urlTemplate\":\"https:\/\/epeka.si\/en\/?s={search_term_string}\"},\"query-input\":{\"@type\":\"PropertyValueSpecification\",\"valueRequired\":true,\"valueName\":\"search_term_string\"}}],\"inLanguage\":\"en-US\"},{\"@type\":\"Person\",\"@id\":\"https:\/\/epeka.si\/en\/#\/schema\/person\/d31b1609a7189f2a6405343b2f925c2b\",\"name\":\"AS\",\"url\":\"https:\/\/epeka.si\/en\/author\/as\/\"}]}<\/script>\n<!-- \/ Yoast SEO plugin. -->","yoast_head_json":{"title":"Unlocking personalised learning: briefing on selected districts for social housing - EPEKA","robots":{"index":"index","follow":"follow","max-snippet":"max-snippet:-1","max-image-preview":"max-image-preview:large","max-video-preview":"max-video-preview:-1"},"canonical":"https:\/\/epeka.si\/en\/unlocking-personalised-learning-briefing-on-selected-districts-for-affordable-housing\/","og_locale":"en_US","og_type":"article","og_title":"Unlocking personalised learning: briefing on selected districts for social housing - EPEKA","og_description":"January 30, 2025 Online \u0160tefan Simon\u010di\u010d, President of the Association EPEKA, Soc. Ent., is participating in the innovative Affordable Housing Initiative programme, which is moving into its second ... Read More","og_url":"https:\/\/epeka.si\/en\/unlocking-personalised-learning-briefing-on-selected-districts-for-affordable-housing\/","og_site_name":"EPEKA","article_published_time":"2025-01-04T11:02:08+00:00","article_modified_time":"2025-10-15T08:47:34+00:00","og_image":[{"width":1500,"height":800,"url":"https:\/\/epeka.si\/wp-content\/uploads\/2025\/01\/Coffee.jpg","type":"image\/jpeg"}],"author":"AS","twitter_misc":{"Written by":"AS","Est. reading time":"2 minutes"},"schema":{"@context":"https:\/\/schema.org","@graph":[{"@type":"Article","@id":"https:\/\/epeka.si\/en\/unlocking-personalised-learning-briefing-on-selected-districts-for-affordable-housing\/#article","isPartOf":{"@id":"https:\/\/epeka.si\/en\/unlocking-personalised-learning-briefing-on-selected-districts-for-affordable-housing\/"},"author":{"name":"AS","@id":"https:\/\/epeka.si\/en\/#\/schema\/person\/d31b1609a7189f2a6405343b2f925c2b"},"headline":"Unlocking personalised learning: briefing on selected districts for social housing","datePublished":"2025-01-04T11:02:08+00:00","dateModified":"2025-10-15T08:47:34+00:00","mainEntityOfPage":{"@id":"https:\/\/epeka.si\/en\/unlocking-personalised-learning-briefing-on-selected-districts-for-affordable-housing\/"},"wordCount":200,"image":{"@id":"https:\/\/epeka.si\/en\/unlocking-personalised-learning-briefing-on-selected-districts-for-affordable-housing\/#primaryimage"},"thumbnailUrl":"https:\/\/epeka.si\/wp-content\/uploads\/2025\/01\/Coffee.jpg","articleSection":["Advertisements","Events","First page","Zadruga EPEKA"],"inLanguage":"en-US"},{"@type":"WebPage","@id":"https:\/\/epeka.si\/en\/unlocking-personalised-learning-briefing-on-selected-districts-for-affordable-housing\/","url":"https:\/\/epeka.si\/en\/unlocking-personalised-learning-briefing-on-selected-districts-for-affordable-housing\/","name":"Unlocking personalised learning: briefing on selected districts for social housing - EPEKA","isPartOf":{"@id":"https:\/\/epeka.si\/en\/#website"},"primaryImageOfPage":{"@id":"https:\/\/epeka.si\/en\/unlocking-personalised-learning-briefing-on-selected-districts-for-affordable-housing\/#primaryimage"},"image":{"@id":"https:\/\/epeka.si\/en\/unlocking-personalised-learning-briefing-on-selected-districts-for-affordable-housing\/#primaryimage"},"thumbnailUrl":"https:\/\/epeka.si\/wp-content\/uploads\/2025\/01\/Coffee.jpg","datePublished":"2025-01-04T11:02:08+00:00","dateModified":"2025-10-15T08:47:34+00:00","author":{"@id":"https:\/\/epeka.si\/en\/#\/schema\/person\/d31b1609a7189f2a6405343b2f925c2b"},"breadcrumb":{"@id":"https:\/\/epeka.si\/en\/unlocking-personalised-learning-briefing-on-selected-districts-for-affordable-housing\/#breadcrumb"},"inLanguage":"en-US","potentialAction":[{"@type":"ReadAction","target":["https:\/\/epeka.si\/en\/unlocking-personalised-learning-briefing-on-selected-districts-for-affordable-housing\/"]}]},{"@type":"ImageObject","inLanguage":"en-US","@id":"https:\/\/epeka.si\/en\/unlocking-personalised-learning-briefing-on-selected-districts-for-affordable-housing\/#primaryimage","url":"https:\/\/epeka.si\/wp-content\/uploads\/2025\/01\/Coffee.jpg","contentUrl":"https:\/\/epeka.si\/wp-content\/uploads\/2025\/01\/Coffee.jpg","width":1500,"height":800},{"@type":"BreadcrumbList","@id":"https:\/\/epeka.si\/en\/unlocking-personalised-learning-briefing-on-selected-districts-for-affordable-housing\/#breadcrumb","itemListElement":[{"@type":"ListItem","position":1,"name":"Home","item":"https:\/\/epeka.si\/"},{"@type":"ListItem","position":2,"name":"Unlocking personalised learning: briefing on selected districts for social housing"}]},{"@type":"WebSite","@id":"https:\/\/epeka.si\/en\/#website","url":"https:\/\/epeka.si\/en\/","name":"EPEKA","description":"","potentialAction":[{"@type":"SearchAction","target":{"@type":"EntryPoint","urlTemplate":"https:\/\/epeka.si\/en\/?s={search_term_string}"},"query-input":{"@type":"PropertyValueSpecification","valueRequired":true,"valueName":"search_term_string"}}],"inLanguage":"en-US"},{"@type":"Person","@id":"https:\/\/epeka.si\/en\/#\/schema\/person\/d31b1609a7189f2a6405343b2f925c2b","name":"AS","url":"https:\/\/epeka.si\/en\/author\/as\/"}]}},"rttpg_featured_image_url":{"full":["https:\/\/epeka.si\/wp-content\/uploads\/2025\/01\/Coffee.jpg",1500,800,false],"landscape":["https:\/\/epeka.si\/wp-content\/uploads\/2025\/01\/Coffee.jpg",1500,800,false],"portraits":["https:\/\/epeka.si\/wp-content\/uploads\/2025\/01\/Coffee.jpg",1500,800,false],"thumbnail":["https:\/\/epeka.si\/wp-content\/uploads\/2025\/01\/Coffee-150x150.jpg",150,150,true],"medium":["https:\/\/epeka.si\/wp-content\/uploads\/2025\/01\/Coffee-300x160.jpg",300,160,true],"large":["https:\/\/epeka.si\/wp-content\/uploads\/2025\/01\/Coffee-1024x546.jpg",1024,546,true],"1536x1536":["https:\/\/epeka.si\/wp-content\/uploads\/2025\/01\/Coffee.jpg",1500,800,false],"2048x2048":["https:\/\/epeka.si\/wp-content\/uploads\/2025\/01\/Coffee.jpg",1500,800,false],"tinyfeatured":["https:\/\/epeka.si\/wp-content\/uploads\/2025\/01\/Coffee-75x75.jpg",75,75,true],"gallery":["https:\/\/epeka.si\/wp-content\/uploads\/2025\/01\/Coffee-426x351.jpg",426,351,true],"fullslideshow":["https:\/\/epeka.si\/wp-content\/uploads\/2025\/01\/Coffee-1500x550.jpg",1500,550,true],"fullslideshownc":["https:\/\/epeka.si\/wp-content\/uploads\/2025\/01\/Coffee.jpg",1500,800,false],"contentslideshow":["https:\/\/epeka.si\/wp-content\/uploads\/2025\/01\/Coffee-740x400.jpg",740,400,true],"contentslideshownc":["https:\/\/epeka.si\/wp-content\/uploads\/2025\/01\/Coffee-740x395.jpg",740,395,true],"regular":["https:\/\/epeka.si\/wp-content\/uploads\/2025\/01\/Coffee-525x300.jpg",525,300,true],"half":["https:\/\/epeka.si\/wp-content\/uploads\/2025\/01\/Coffee-410x441.jpg",410,441,true],"big":["https:\/\/epeka.si\/wp-content\/uploads\/2025\/01\/Coffee-790x425.jpg",790,425,true],"related":["https:\/\/epeka.si\/wp-content\/uploads\/2025\/01\/Coffee-525x564.jpg",525,564,true],"psacp-medium":["https:\/\/epeka.si\/wp-content\/uploads\/2025\/01\/Coffee.jpg",500,267,false],"woocommerce_thumbnail":["https:\/\/epeka.si\/wp-content\/uploads\/2025\/01\/Coffee-300x300.jpg",300,300,true],"woocommerce_single":["https:\/\/epeka.si\/wp-content\/uploads\/2025\/01\/Coffee-600x320.jpg",600,320,true],"woocommerce_gallery_thumbnail":["https:\/\/epeka.si\/wp-content\/uploads\/2025\/01\/Coffee-100x100.jpg",100,100,true]},"rttpg_author":{"display_name":"AS","author_link":"https:\/\/epeka.si\/en\/author\/as\/"},"rttpg_comment":0,"rttpg_category":"<a href=\"https:\/\/epeka.si\/en\/category\/advertisements\/\" rel=\"category tag\">Advertisements<\/a> <a href=\"https:\/\/epeka.si\/en\/category\/events\/\" rel=\"category tag\">Events<\/a> <a href=\"https:\/\/epeka.si\/en\/category\/first-page\/\" rel=\"category tag\">First page<\/a> <a href=\"https:\/\/epeka.si\/en\/category\/zadruga-epeka-en\/\" rel=\"category tag\">Zadruga EPEKA<\/a>","rttpg_excerpt":"January 30, 2025 Online \u0160tefan Simon\u010di\u010d, President of the Association EPEKA, Soc. Ent., is participating in the innovative Affordable Housing Initiative programme, which is moving into its second ... Read More","_links":{"self":[{"href":"https:\/\/epeka.si\/en\/wp-json\/wp\/v2\/posts\/67584","targetHints":{"allow":["GET"]}}],"collection":[{"href":"https:\/\/epeka.si\/en\/wp-json\/wp\/v2\/posts"}],"about":[{"href":"https:\/\/epeka.si\/en\/wp-json\/wp\/v2\/types\/post"}],"author":[{"embeddable":true,"href":"https:\/\/epeka.si\/en\/wp-json\/wp\/v2\/users\/28"}],"replies":[{"embeddable":true,"href":"https:\/\/epeka.si\/en\/wp-json\/wp\/v2\/comments?post=67584"}],"version-history":[{"count":20,"href":"https:\/\/epeka.si\/en\/wp-json\/wp\/v2\/posts\/67584\/revisions"}],"predecessor-version":[{"id":92865,"href":"https:\/\/epeka.si\/en\/wp-json\/wp\/v2\/posts\/67584\/revisions\/92865"}],"wp:featuredmedia":[{"embeddable":true,"href":"https:\/\/epeka.si\/en\/wp-json\/wp\/v2\/media\/90842"}],"wp:attachment":[{"href":"https:\/\/epeka.si\/en\/wp-json\/wp\/v2\/media?parent=67584"}],"wp:term":[{"taxonomy":"category","embeddable":true,"href":"https:\/\/epeka.si\/en\/wp-json\/wp\/v2\/categories?post=67584"},{"taxonomy":"post_tag","embeddable":true,"href":"https:\/\/epeka.si\/en\/wp-json\/wp\/v2\/tags?post=67584"}],"curies":[{"name":"wp","href":"https:\/\/api.w.org\/{rel}","templated":true}]}}