{"id":68612,"date":"2025-01-04T09:10:11","date_gmt":"2025-01-04T09:10:11","guid":{"rendered":"https:\/\/epeka.si\/?p=68612"},"modified":"2025-10-15T08:48:39","modified_gmt":"2025-10-15T08:48:39","slug":"webinar-history-of-the-roma-oral-tradition","status":"publish","type":"post","link":"https:\/\/epeka.si\/en\/webinar-history-of-the-roma-oral-tradition\/","title":{"rendered":"Webinar &#8211; History of the Roma oral tradition"},"content":{"rendered":"<h3 style=\"text-align: justify;\">January 30, 2025, from 10 a.m.-2 p.m.<br \/>\nOnline<\/h3>\n<p style=\"text-align: justify;\">\u0160tefan Simon\u010di\u010d, President of the Association EPEKA, Soc. Ent., will present a webinar on the story of the Roma oral tradition.<!--more--><\/p>\n<p style=\"text-align: justify;\">The ROMASOUL project is an international initiative aimed at preserving and promoting the rich culture of the Roma community through an innovative fusion of music and culinary traditions. Funded by the European Union under the Creative Europe Programme (CREA-CULT-2024-COOP), the project brings together partners from Serbia, Greece and Slovenia and highlights the importance of cross-border cooperation in preserving cultural diversity.<\/p>\n<p style=\"text-align: justify;\">It promotes intercultural dialogue, brings together artists, researchers and Roma communities, and opens up new opportunities for creative expression and economic development. The digital album and recipe archive not only preserve the rich oral traditions of the Roma, but also bring them to a wider audience. In addition to its cultural significance, the project contributes to reducing the environmental footprint, as all activities focus on digital distribution and sustainable use of resources.<\/p>\n<p style=\"text-align: justify;\">This innovative project demonstrates how culture can become a bridge between different communities and promote understanding, respect and inclusion of diversity.<\/p>\n<p style=\"text-align: justify;\">More information is available on the websites of the participating organisations:<\/p>\n<ul style=\"text-align: justify;\">\n<li><a href=\"http:\/\/www.cepom.org\/\">CEPOM &#8211; Centre for Popular Music Research<\/a><\/li>\n<li><a href=\"https:\/\/qualiaexperiences.org\/\">QUALIA<\/a><\/li>\n<li><a href=\"https:\/\/epeka.si\/en\/\">EPEKA<\/a><\/li>\n<\/ul>\n<p style=\"text-align: justify;\">More about the project: <a href=\"https:\/\/epeka.si\/romasoul\/\">https:\/\/epeka.si\/romasoul\/<\/a><\/p>\n<p style=\"text-align: justify;\">The project is supported by <a href=\"https:\/\/culture.ec.europa.eu\/creative-europe\">Creative Europe of the European Union<\/a>, the <a href=\"https:\/\/commission.europa.eu\/index_sl\">European Commission<\/a>, <a href=\"https:\/\/maribor.si\/\">the Municipality of Maribor<\/a>, the <a href=\"https:\/\/www.gov.si\/drzavni-organi\/organi-v-sestavi\/urad-za-mladino\/\">Office of the Republic of Slovenia for Maldives<\/a>, the <a href=\"https:\/\/www.gov.si\/drzavni-organi\/ministrstva\/ministrstvo-za-javno-upravo\/\">Ministry of Public Administration<\/a>.<\/p>\n<p style=\"text-align: justify;\">The link to access the webinar is <a href=\"https:\/\/www.facebook.com\/events\/955707903172141\/?active_tab=discussion\">here<\/a>.<\/p>\n","protected":false},"excerpt":{"rendered":"<p>January 30, 2025, from 10 a.m.-2 p.m. Online <\/p>\n<p style=\"text-align: justify\">\u0160tefan Simon\u010di\u010d, President of the Association EPEKA, Soc. Ent., will present a webinar on the story of the Roma oral &#8230; <br \/><a href=\"https:\/\/epeka.si\/en\/webinar-history-of-the-roma-oral-tradition\/\" class=\"more-link\">Read More<\/a><\/p>\n","protected":false},"author":28,"featured_media":90838,"comment_status":"closed","ping_status":"open","sticky":false,"template":"","format":"standard","meta":{"_acf_changed":false,"_monsterinsights_skip_tracking":false,"_monsterinsights_sitenote_active":false,"_monsterinsights_sitenote_note":"","_monsterinsights_sitenote_category":0,"footnotes":""},"categories":[37],"tags":[],"class_list":["post-68612","post","type-post","status-publish","format-standard","has-post-thumbnail","hentry","category-advertisements"],"acf":[],"yoast_head":"<!-- This site is optimized with the Yoast SEO plugin v26.9 - https:\/\/yoast.com\/product\/yoast-seo-wordpress\/ -->\n<title>Webinar - History of the Roma oral tradition - EPEKA<\/title>\n<meta name=\"robots\" content=\"index, follow, max-snippet:-1, max-image-preview:large, max-video-preview:-1\" \/>\n<link rel=\"canonical\" href=\"https:\/\/epeka.si\/en\/webinar-history-of-the-roma-oral-tradition\/\" \/>\n<meta property=\"og:locale\" content=\"en_US\" \/>\n<meta property=\"og:type\" content=\"article\" \/>\n<meta property=\"og:title\" content=\"Webinar - History of the Roma oral tradition - EPEKA\" \/>\n<meta property=\"og:description\" content=\"January 30, 2025, from 10 a.m.-2 p.m. Online \u0160tefan Simon\u010di\u010d, President of the Association EPEKA, Soc. Ent., will present a webinar on the story of the Roma oral ... Read More\" \/>\n<meta property=\"og:url\" content=\"https:\/\/epeka.si\/en\/webinar-history-of-the-roma-oral-tradition\/\" \/>\n<meta property=\"og:site_name\" content=\"EPEKA\" \/>\n<meta property=\"article:published_time\" content=\"2025-01-04T09:10:11+00:00\" \/>\n<meta property=\"article:modified_time\" content=\"2025-10-15T08:48:39+00:00\" \/>\n<meta property=\"og:image\" content=\"https:\/\/epeka.si\/wp-content\/uploads\/2025\/01\/Oral-history.jpg\" \/>\n\t<meta property=\"og:image:width\" content=\"1500\" \/>\n\t<meta property=\"og:image:height\" content=\"800\" \/>\n\t<meta property=\"og:image:type\" content=\"image\/jpeg\" \/>\n<meta name=\"author\" content=\"AS\" \/>\n<meta name=\"twitter:label1\" content=\"Written by\" \/>\n\t<meta name=\"twitter:data1\" content=\"AS\" \/>\n\t<meta name=\"twitter:label2\" content=\"Est. reading time\" \/>\n\t<meta name=\"twitter:data2\" content=\"2 minutes\" \/>\n<script type=\"application\/ld+json\" class=\"yoast-schema-graph\">{\"@context\":\"https:\/\/schema.org\",\"@graph\":[{\"@type\":\"Article\",\"@id\":\"https:\/\/epeka.si\/en\/webinar-history-of-the-roma-oral-tradition\/#article\",\"isPartOf\":{\"@id\":\"https:\/\/epeka.si\/en\/webinar-history-of-the-roma-oral-tradition\/\"},\"author\":{\"name\":\"AS\",\"@id\":\"https:\/\/epeka.si\/en\/#\/schema\/person\/d31b1609a7189f2a6405343b2f925c2b\"},\"headline\":\"Webinar &#8211; History of the Roma oral tradition\",\"datePublished\":\"2025-01-04T09:10:11+00:00\",\"dateModified\":\"2025-10-15T08:48:39+00:00\",\"mainEntityOfPage\":{\"@id\":\"https:\/\/epeka.si\/en\/webinar-history-of-the-roma-oral-tradition\/\"},\"wordCount\":260,\"image\":{\"@id\":\"https:\/\/epeka.si\/en\/webinar-history-of-the-roma-oral-tradition\/#primaryimage\"},\"thumbnailUrl\":\"https:\/\/epeka.si\/wp-content\/uploads\/2025\/01\/Oral-history.jpg\",\"articleSection\":[\"Advertisements\"],\"inLanguage\":\"en-US\"},{\"@type\":\"WebPage\",\"@id\":\"https:\/\/epeka.si\/en\/webinar-history-of-the-roma-oral-tradition\/\",\"url\":\"https:\/\/epeka.si\/en\/webinar-history-of-the-roma-oral-tradition\/\",\"name\":\"Webinar - History of the Roma oral tradition - EPEKA\",\"isPartOf\":{\"@id\":\"https:\/\/epeka.si\/en\/#website\"},\"primaryImageOfPage\":{\"@id\":\"https:\/\/epeka.si\/en\/webinar-history-of-the-roma-oral-tradition\/#primaryimage\"},\"image\":{\"@id\":\"https:\/\/epeka.si\/en\/webinar-history-of-the-roma-oral-tradition\/#primaryimage\"},\"thumbnailUrl\":\"https:\/\/epeka.si\/wp-content\/uploads\/2025\/01\/Oral-history.jpg\",\"datePublished\":\"2025-01-04T09:10:11+00:00\",\"dateModified\":\"2025-10-15T08:48:39+00:00\",\"author\":{\"@id\":\"https:\/\/epeka.si\/en\/#\/schema\/person\/d31b1609a7189f2a6405343b2f925c2b\"},\"breadcrumb\":{\"@id\":\"https:\/\/epeka.si\/en\/webinar-history-of-the-roma-oral-tradition\/#breadcrumb\"},\"inLanguage\":\"en-US\",\"potentialAction\":[{\"@type\":\"ReadAction\",\"target\":[\"https:\/\/epeka.si\/en\/webinar-history-of-the-roma-oral-tradition\/\"]}]},{\"@type\":\"ImageObject\",\"inLanguage\":\"en-US\",\"@id\":\"https:\/\/epeka.si\/en\/webinar-history-of-the-roma-oral-tradition\/#primaryimage\",\"url\":\"https:\/\/epeka.si\/wp-content\/uploads\/2025\/01\/Oral-history.jpg\",\"contentUrl\":\"https:\/\/epeka.si\/wp-content\/uploads\/2025\/01\/Oral-history.jpg\",\"width\":1500,\"height\":800},{\"@type\":\"BreadcrumbList\",\"@id\":\"https:\/\/epeka.si\/en\/webinar-history-of-the-roma-oral-tradition\/#breadcrumb\",\"itemListElement\":[{\"@type\":\"ListItem\",\"position\":1,\"name\":\"Home\",\"item\":\"https:\/\/epeka.si\/\"},{\"@type\":\"ListItem\",\"position\":2,\"name\":\"Webinar &#8211; History of the Roma oral tradition\"}]},{\"@type\":\"WebSite\",\"@id\":\"https:\/\/epeka.si\/en\/#website\",\"url\":\"https:\/\/epeka.si\/en\/\",\"name\":\"EPEKA\",\"description\":\"\",\"potentialAction\":[{\"@type\":\"SearchAction\",\"target\":{\"@type\":\"EntryPoint\",\"urlTemplate\":\"https:\/\/epeka.si\/en\/?s={search_term_string}\"},\"query-input\":{\"@type\":\"PropertyValueSpecification\",\"valueRequired\":true,\"valueName\":\"search_term_string\"}}],\"inLanguage\":\"en-US\"},{\"@type\":\"Person\",\"@id\":\"https:\/\/epeka.si\/en\/#\/schema\/person\/d31b1609a7189f2a6405343b2f925c2b\",\"name\":\"AS\",\"url\":\"https:\/\/epeka.si\/en\/author\/as\/\"}]}<\/script>\n<!-- \/ Yoast SEO plugin. -->","yoast_head_json":{"title":"Webinar - History of the Roma oral tradition - EPEKA","robots":{"index":"index","follow":"follow","max-snippet":"max-snippet:-1","max-image-preview":"max-image-preview:large","max-video-preview":"max-video-preview:-1"},"canonical":"https:\/\/epeka.si\/en\/webinar-history-of-the-roma-oral-tradition\/","og_locale":"en_US","og_type":"article","og_title":"Webinar - History of the Roma oral tradition - EPEKA","og_description":"January 30, 2025, from 10 a.m.-2 p.m. Online \u0160tefan Simon\u010di\u010d, President of the Association EPEKA, Soc. Ent., will present a webinar on the story of the Roma oral ... Read More","og_url":"https:\/\/epeka.si\/en\/webinar-history-of-the-roma-oral-tradition\/","og_site_name":"EPEKA","article_published_time":"2025-01-04T09:10:11+00:00","article_modified_time":"2025-10-15T08:48:39+00:00","og_image":[{"width":1500,"height":800,"url":"https:\/\/epeka.si\/wp-content\/uploads\/2025\/01\/Oral-history.jpg","type":"image\/jpeg"}],"author":"AS","twitter_misc":{"Written by":"AS","Est. reading time":"2 minutes"},"schema":{"@context":"https:\/\/schema.org","@graph":[{"@type":"Article","@id":"https:\/\/epeka.si\/en\/webinar-history-of-the-roma-oral-tradition\/#article","isPartOf":{"@id":"https:\/\/epeka.si\/en\/webinar-history-of-the-roma-oral-tradition\/"},"author":{"name":"AS","@id":"https:\/\/epeka.si\/en\/#\/schema\/person\/d31b1609a7189f2a6405343b2f925c2b"},"headline":"Webinar &#8211; History of the Roma oral tradition","datePublished":"2025-01-04T09:10:11+00:00","dateModified":"2025-10-15T08:48:39+00:00","mainEntityOfPage":{"@id":"https:\/\/epeka.si\/en\/webinar-history-of-the-roma-oral-tradition\/"},"wordCount":260,"image":{"@id":"https:\/\/epeka.si\/en\/webinar-history-of-the-roma-oral-tradition\/#primaryimage"},"thumbnailUrl":"https:\/\/epeka.si\/wp-content\/uploads\/2025\/01\/Oral-history.jpg","articleSection":["Advertisements"],"inLanguage":"en-US"},{"@type":"WebPage","@id":"https:\/\/epeka.si\/en\/webinar-history-of-the-roma-oral-tradition\/","url":"https:\/\/epeka.si\/en\/webinar-history-of-the-roma-oral-tradition\/","name":"Webinar - History of the Roma oral tradition - EPEKA","isPartOf":{"@id":"https:\/\/epeka.si\/en\/#website"},"primaryImageOfPage":{"@id":"https:\/\/epeka.si\/en\/webinar-history-of-the-roma-oral-tradition\/#primaryimage"},"image":{"@id":"https:\/\/epeka.si\/en\/webinar-history-of-the-roma-oral-tradition\/#primaryimage"},"thumbnailUrl":"https:\/\/epeka.si\/wp-content\/uploads\/2025\/01\/Oral-history.jpg","datePublished":"2025-01-04T09:10:11+00:00","dateModified":"2025-10-15T08:48:39+00:00","author":{"@id":"https:\/\/epeka.si\/en\/#\/schema\/person\/d31b1609a7189f2a6405343b2f925c2b"},"breadcrumb":{"@id":"https:\/\/epeka.si\/en\/webinar-history-of-the-roma-oral-tradition\/#breadcrumb"},"inLanguage":"en-US","potentialAction":[{"@type":"ReadAction","target":["https:\/\/epeka.si\/en\/webinar-history-of-the-roma-oral-tradition\/"]}]},{"@type":"ImageObject","inLanguage":"en-US","@id":"https:\/\/epeka.si\/en\/webinar-history-of-the-roma-oral-tradition\/#primaryimage","url":"https:\/\/epeka.si\/wp-content\/uploads\/2025\/01\/Oral-history.jpg","contentUrl":"https:\/\/epeka.si\/wp-content\/uploads\/2025\/01\/Oral-history.jpg","width":1500,"height":800},{"@type":"BreadcrumbList","@id":"https:\/\/epeka.si\/en\/webinar-history-of-the-roma-oral-tradition\/#breadcrumb","itemListElement":[{"@type":"ListItem","position":1,"name":"Home","item":"https:\/\/epeka.si\/"},{"@type":"ListItem","position":2,"name":"Webinar &#8211; History of the Roma oral tradition"}]},{"@type":"WebSite","@id":"https:\/\/epeka.si\/en\/#website","url":"https:\/\/epeka.si\/en\/","name":"EPEKA","description":"","potentialAction":[{"@type":"SearchAction","target":{"@type":"EntryPoint","urlTemplate":"https:\/\/epeka.si\/en\/?s={search_term_string}"},"query-input":{"@type":"PropertyValueSpecification","valueRequired":true,"valueName":"search_term_string"}}],"inLanguage":"en-US"},{"@type":"Person","@id":"https:\/\/epeka.si\/en\/#\/schema\/person\/d31b1609a7189f2a6405343b2f925c2b","name":"AS","url":"https:\/\/epeka.si\/en\/author\/as\/"}]}},"rttpg_featured_image_url":{"full":["https:\/\/epeka.si\/wp-content\/uploads\/2025\/01\/Oral-history.jpg",1500,800,false],"landscape":["https:\/\/epeka.si\/wp-content\/uploads\/2025\/01\/Oral-history.jpg",1500,800,false],"portraits":["https:\/\/epeka.si\/wp-content\/uploads\/2025\/01\/Oral-history.jpg",1500,800,false],"thumbnail":["https:\/\/epeka.si\/wp-content\/uploads\/2025\/01\/Oral-history-150x150.jpg",150,150,true],"medium":["https:\/\/epeka.si\/wp-content\/uploads\/2025\/01\/Oral-history-300x160.jpg",300,160,true],"large":["https:\/\/epeka.si\/wp-content\/uploads\/2025\/01\/Oral-history-1024x546.jpg",1024,546,true],"1536x1536":["https:\/\/epeka.si\/wp-content\/uploads\/2025\/01\/Oral-history.jpg",1500,800,false],"2048x2048":["https:\/\/epeka.si\/wp-content\/uploads\/2025\/01\/Oral-history.jpg",1500,800,false],"tinyfeatured":["https:\/\/epeka.si\/wp-content\/uploads\/2025\/01\/Oral-history-75x75.jpg",75,75,true],"gallery":["https:\/\/epeka.si\/wp-content\/uploads\/2025\/01\/Oral-history-426x351.jpg",426,351,true],"fullslideshow":["https:\/\/epeka.si\/wp-content\/uploads\/2025\/01\/Oral-history-1500x550.jpg",1500,550,true],"fullslideshownc":["https:\/\/epeka.si\/wp-content\/uploads\/2025\/01\/Oral-history.jpg",1500,800,false],"contentslideshow":["https:\/\/epeka.si\/wp-content\/uploads\/2025\/01\/Oral-history-740x400.jpg",740,400,true],"contentslideshownc":["https:\/\/epeka.si\/wp-content\/uploads\/2025\/01\/Oral-history-740x395.jpg",740,395,true],"regular":["https:\/\/epeka.si\/wp-content\/uploads\/2025\/01\/Oral-history-525x300.jpg",525,300,true],"half":["https:\/\/epeka.si\/wp-content\/uploads\/2025\/01\/Oral-history-410x441.jpg",410,441,true],"big":["https:\/\/epeka.si\/wp-content\/uploads\/2025\/01\/Oral-history-790x425.jpg",790,425,true],"related":["https:\/\/epeka.si\/wp-content\/uploads\/2025\/01\/Oral-history-525x564.jpg",525,564,true],"psacp-medium":["https:\/\/epeka.si\/wp-content\/uploads\/2025\/01\/Oral-history.jpg",500,267,false],"woocommerce_thumbnail":["https:\/\/epeka.si\/wp-content\/uploads\/2025\/01\/Oral-history-300x300.jpg",300,300,true],"woocommerce_single":["https:\/\/epeka.si\/wp-content\/uploads\/2025\/01\/Oral-history-600x320.jpg",600,320,true],"woocommerce_gallery_thumbnail":["https:\/\/epeka.si\/wp-content\/uploads\/2025\/01\/Oral-history-100x100.jpg",100,100,true]},"rttpg_author":{"display_name":"AS","author_link":"https:\/\/epeka.si\/en\/author\/as\/"},"rttpg_comment":0,"rttpg_category":"<a href=\"https:\/\/epeka.si\/en\/category\/advertisements\/\" rel=\"category tag\">Advertisements<\/a>","rttpg_excerpt":"January 30, 2025, from 10 a.m.-2 p.m. Online \u0160tefan Simon\u010di\u010d, President of the Association EPEKA, Soc. Ent., will present a webinar on the story of the Roma oral ... Read More","_links":{"self":[{"href":"https:\/\/epeka.si\/en\/wp-json\/wp\/v2\/posts\/68612","targetHints":{"allow":["GET"]}}],"collection":[{"href":"https:\/\/epeka.si\/en\/wp-json\/wp\/v2\/posts"}],"about":[{"href":"https:\/\/epeka.si\/en\/wp-json\/wp\/v2\/types\/post"}],"author":[{"embeddable":true,"href":"https:\/\/epeka.si\/en\/wp-json\/wp\/v2\/users\/28"}],"replies":[{"embeddable":true,"href":"https:\/\/epeka.si\/en\/wp-json\/wp\/v2\/comments?post=68612"}],"version-history":[{"count":34,"href":"https:\/\/epeka.si\/en\/wp-json\/wp\/v2\/posts\/68612\/revisions"}],"predecessor-version":[{"id":92866,"href":"https:\/\/epeka.si\/en\/wp-json\/wp\/v2\/posts\/68612\/revisions\/92866"}],"wp:featuredmedia":[{"embeddable":true,"href":"https:\/\/epeka.si\/en\/wp-json\/wp\/v2\/media\/90838"}],"wp:attachment":[{"href":"https:\/\/epeka.si\/en\/wp-json\/wp\/v2\/media?parent=68612"}],"wp:term":[{"taxonomy":"category","embeddable":true,"href":"https:\/\/epeka.si\/en\/wp-json\/wp\/v2\/categories?post=68612"},{"taxonomy":"post_tag","embeddable":true,"href":"https:\/\/epeka.si\/en\/wp-json\/wp\/v2\/tags?post=68612"}],"curies":[{"name":"wp","href":"https:\/\/api.w.org\/{rel}","templated":true}]}}