{"id":8132,"date":"2017-12-02T20:00:54","date_gmt":"2017-12-02T20:00:54","guid":{"rendered":"http:\/\/epeka.si\/?p=8132"},"modified":"2023-12-15T18:12:03","modified_gmt":"2023-12-15T18:12:03","slug":"quality-apples-awards","status":"publish","type":"post","link":"https:\/\/epeka.si\/en\/quality-apples-awards\/","title":{"rendered":"Quality apples awards 2017"},"content":{"rendered":"<h3 style=\"text-align: justify;\">4 December, 2017<br \/>\nLjubljana<\/h3>\n<p style=\"text-align: justify;\">We&#8217;re happy to announce that \u0160tefan Simon\u010di\u010d, president of the Association EPEKA, Soc. Ent., is going to attend the Quality Apples awards 2017, which will take place in Ljubljana, Slovenia.<!--more--><\/p>\n<p style=\"text-align: justify;\">It will highlight the best stories produced under the Erasmus+ programme, which is celebrating its 30th anniversary this year, and award prizes for special achievements in international cooperation. The award-winning success stories testify to the many positive effects of international cooperation on the professional development of educators, the development of institutions, the creation of teams and, not least, on improving the quality of the education system. The ceremony will be enriched by a musical programme by the children&#8217;s choir of the Dante Alighieri Primary School and the student quintet of the Ljubljana Biotechnical Education Centre. The awards will be presented by the Minister of Education, Science and Sport, Dr Maja Makovec Bren\u010di\u010d. The event will be moderated by Bernarda \u017darn.<\/p>\n<p>&nbsp;<\/p>\n<p>The event is organised by <a href=\"https:\/\/www.cmepius.si\/\">CMEPIUS<\/a>.<\/p>\n<p><em>The Association EPEKA, Soc. Ent., is supported by:<\/em><\/p>\n","protected":false},"excerpt":{"rendered":"<p>4 December, 2017 Ljubljana <\/p>\n<p style=\"text-align: justify\">We&#8217;re happy to announce that \u0160tefan Simon\u010di\u010d, president of the Association EPEKA, Soc. Ent., is going to attend the Quality Apples awards 2017, which &#8230; <br \/><a href=\"https:\/\/epeka.si\/en\/quality-apples-awards\/\" class=\"more-link\">Read More<\/a><\/p>\n","protected":false},"author":15,"featured_media":23398,"comment_status":"closed","ping_status":"open","sticky":false,"template":"","format":"standard","meta":{"_acf_changed":false,"_monsterinsights_skip_tracking":false,"_monsterinsights_sitenote_active":false,"_monsterinsights_sitenote_note":"","_monsterinsights_sitenote_category":0,"footnotes":""},"categories":[42],"tags":[],"class_list":["post-8132","post","type-post","status-publish","format-standard","has-post-thumbnail","hentry","category-events"],"acf":[],"yoast_head":"<!-- This site is optimized with the Yoast SEO plugin v26.9 - https:\/\/yoast.com\/product\/yoast-seo-wordpress\/ -->\n<title>Quality apples awards 2017 - EPEKA<\/title>\n<meta name=\"robots\" content=\"index, follow, max-snippet:-1, max-image-preview:large, max-video-preview:-1\" \/>\n<link rel=\"canonical\" href=\"https:\/\/epeka.si\/en\/quality-apples-awards\/\" \/>\n<meta property=\"og:locale\" content=\"en_US\" \/>\n<meta property=\"og:type\" content=\"article\" \/>\n<meta property=\"og:title\" content=\"Quality apples awards 2017 - EPEKA\" \/>\n<meta property=\"og:description\" content=\"4 December, 2017 Ljubljana We&#8217;re happy to announce that \u0160tefan Simon\u010di\u010d, president of the Association EPEKA, Soc. Ent., is going to attend the Quality Apples awards 2017, which ... Read More\" \/>\n<meta property=\"og:url\" content=\"https:\/\/epeka.si\/en\/quality-apples-awards\/\" \/>\n<meta property=\"og:site_name\" content=\"EPEKA\" \/>\n<meta property=\"article:published_time\" content=\"2017-12-02T20:00:54+00:00\" \/>\n<meta property=\"article:modified_time\" content=\"2023-12-15T18:12:03+00:00\" \/>\n<meta property=\"og:image\" content=\"https:\/\/epeka.si\/wp-content\/uploads\/2018\/04\/logo_cmepius-iz-knjiznice-predelan-e1702639966560.jpg\" \/>\n\t<meta property=\"og:image:width\" content=\"645\" \/>\n\t<meta property=\"og:image:height\" content=\"146\" \/>\n\t<meta property=\"og:image:type\" content=\"image\/jpeg\" \/>\n<meta name=\"author\" content=\"JL\" \/>\n<meta name=\"twitter:label1\" content=\"Written by\" \/>\n\t<meta name=\"twitter:data1\" content=\"JL\" \/>\n\t<meta name=\"twitter:label2\" content=\"Est. reading time\" \/>\n\t<meta name=\"twitter:data2\" content=\"1 minute\" \/>\n<script type=\"application\/ld+json\" class=\"yoast-schema-graph\">{\"@context\":\"https:\/\/schema.org\",\"@graph\":[{\"@type\":\"Article\",\"@id\":\"https:\/\/epeka.si\/en\/quality-apples-awards\/#article\",\"isPartOf\":{\"@id\":\"https:\/\/epeka.si\/en\/quality-apples-awards\/\"},\"author\":{\"name\":\"JL\",\"@id\":\"https:\/\/epeka.si\/en\/#\/schema\/person\/ab377ae2e41287f5d788e6b3cc4e9d2d\"},\"headline\":\"Quality apples awards 2017\",\"datePublished\":\"2017-12-02T20:00:54+00:00\",\"dateModified\":\"2023-12-15T18:12:03+00:00\",\"mainEntityOfPage\":{\"@id\":\"https:\/\/epeka.si\/en\/quality-apples-awards\/\"},\"wordCount\":173,\"image\":{\"@id\":\"https:\/\/epeka.si\/en\/quality-apples-awards\/#primaryimage\"},\"thumbnailUrl\":\"https:\/\/epeka.si\/wp-content\/uploads\/2018\/04\/logo_cmepius-iz-knjiznice-predelan-e1702639966560.jpg\",\"articleSection\":[\"Events\"],\"inLanguage\":\"en-US\"},{\"@type\":\"WebPage\",\"@id\":\"https:\/\/epeka.si\/en\/quality-apples-awards\/\",\"url\":\"https:\/\/epeka.si\/en\/quality-apples-awards\/\",\"name\":\"Quality apples awards 2017 - EPEKA\",\"isPartOf\":{\"@id\":\"https:\/\/epeka.si\/en\/#website\"},\"primaryImageOfPage\":{\"@id\":\"https:\/\/epeka.si\/en\/quality-apples-awards\/#primaryimage\"},\"image\":{\"@id\":\"https:\/\/epeka.si\/en\/quality-apples-awards\/#primaryimage\"},\"thumbnailUrl\":\"https:\/\/epeka.si\/wp-content\/uploads\/2018\/04\/logo_cmepius-iz-knjiznice-predelan-e1702639966560.jpg\",\"datePublished\":\"2017-12-02T20:00:54+00:00\",\"dateModified\":\"2023-12-15T18:12:03+00:00\",\"author\":{\"@id\":\"https:\/\/epeka.si\/en\/#\/schema\/person\/ab377ae2e41287f5d788e6b3cc4e9d2d\"},\"breadcrumb\":{\"@id\":\"https:\/\/epeka.si\/en\/quality-apples-awards\/#breadcrumb\"},\"inLanguage\":\"en-US\",\"potentialAction\":[{\"@type\":\"ReadAction\",\"target\":[\"https:\/\/epeka.si\/en\/quality-apples-awards\/\"]}]},{\"@type\":\"ImageObject\",\"inLanguage\":\"en-US\",\"@id\":\"https:\/\/epeka.si\/en\/quality-apples-awards\/#primaryimage\",\"url\":\"https:\/\/epeka.si\/wp-content\/uploads\/2018\/04\/logo_cmepius-iz-knjiznice-predelan-e1702639966560.jpg\",\"contentUrl\":\"https:\/\/epeka.si\/wp-content\/uploads\/2018\/04\/logo_cmepius-iz-knjiznice-predelan-e1702639966560.jpg\",\"width\":645,\"height\":146},{\"@type\":\"BreadcrumbList\",\"@id\":\"https:\/\/epeka.si\/en\/quality-apples-awards\/#breadcrumb\",\"itemListElement\":[{\"@type\":\"ListItem\",\"position\":1,\"name\":\"Home\",\"item\":\"https:\/\/epeka.si\/\"},{\"@type\":\"ListItem\",\"position\":2,\"name\":\"Quality apples awards 2017\"}]},{\"@type\":\"WebSite\",\"@id\":\"https:\/\/epeka.si\/en\/#website\",\"url\":\"https:\/\/epeka.si\/en\/\",\"name\":\"EPEKA\",\"description\":\"\",\"potentialAction\":[{\"@type\":\"SearchAction\",\"target\":{\"@type\":\"EntryPoint\",\"urlTemplate\":\"https:\/\/epeka.si\/en\/?s={search_term_string}\"},\"query-input\":{\"@type\":\"PropertyValueSpecification\",\"valueRequired\":true,\"valueName\":\"search_term_string\"}}],\"inLanguage\":\"en-US\"},{\"@type\":\"Person\",\"@id\":\"https:\/\/epeka.si\/en\/#\/schema\/person\/ab377ae2e41287f5d788e6b3cc4e9d2d\",\"name\":\"JL\",\"url\":\"https:\/\/epeka.si\/en\/author\/jera\/\"}]}<\/script>\n<!-- \/ Yoast SEO plugin. -->","yoast_head_json":{"title":"Quality apples awards 2017 - EPEKA","robots":{"index":"index","follow":"follow","max-snippet":"max-snippet:-1","max-image-preview":"max-image-preview:large","max-video-preview":"max-video-preview:-1"},"canonical":"https:\/\/epeka.si\/en\/quality-apples-awards\/","og_locale":"en_US","og_type":"article","og_title":"Quality apples awards 2017 - EPEKA","og_description":"4 December, 2017 Ljubljana We&#8217;re happy to announce that \u0160tefan Simon\u010di\u010d, president of the Association EPEKA, Soc. Ent., is going to attend the Quality Apples awards 2017, which ... Read More","og_url":"https:\/\/epeka.si\/en\/quality-apples-awards\/","og_site_name":"EPEKA","article_published_time":"2017-12-02T20:00:54+00:00","article_modified_time":"2023-12-15T18:12:03+00:00","og_image":[{"width":645,"height":146,"url":"https:\/\/epeka.si\/wp-content\/uploads\/2018\/04\/logo_cmepius-iz-knjiznice-predelan-e1702639966560.jpg","type":"image\/jpeg"}],"author":"JL","twitter_misc":{"Written by":"JL","Est. reading time":"1 minute"},"schema":{"@context":"https:\/\/schema.org","@graph":[{"@type":"Article","@id":"https:\/\/epeka.si\/en\/quality-apples-awards\/#article","isPartOf":{"@id":"https:\/\/epeka.si\/en\/quality-apples-awards\/"},"author":{"name":"JL","@id":"https:\/\/epeka.si\/en\/#\/schema\/person\/ab377ae2e41287f5d788e6b3cc4e9d2d"},"headline":"Quality apples awards 2017","datePublished":"2017-12-02T20:00:54+00:00","dateModified":"2023-12-15T18:12:03+00:00","mainEntityOfPage":{"@id":"https:\/\/epeka.si\/en\/quality-apples-awards\/"},"wordCount":173,"image":{"@id":"https:\/\/epeka.si\/en\/quality-apples-awards\/#primaryimage"},"thumbnailUrl":"https:\/\/epeka.si\/wp-content\/uploads\/2018\/04\/logo_cmepius-iz-knjiznice-predelan-e1702639966560.jpg","articleSection":["Events"],"inLanguage":"en-US"},{"@type":"WebPage","@id":"https:\/\/epeka.si\/en\/quality-apples-awards\/","url":"https:\/\/epeka.si\/en\/quality-apples-awards\/","name":"Quality apples awards 2017 - EPEKA","isPartOf":{"@id":"https:\/\/epeka.si\/en\/#website"},"primaryImageOfPage":{"@id":"https:\/\/epeka.si\/en\/quality-apples-awards\/#primaryimage"},"image":{"@id":"https:\/\/epeka.si\/en\/quality-apples-awards\/#primaryimage"},"thumbnailUrl":"https:\/\/epeka.si\/wp-content\/uploads\/2018\/04\/logo_cmepius-iz-knjiznice-predelan-e1702639966560.jpg","datePublished":"2017-12-02T20:00:54+00:00","dateModified":"2023-12-15T18:12:03+00:00","author":{"@id":"https:\/\/epeka.si\/en\/#\/schema\/person\/ab377ae2e41287f5d788e6b3cc4e9d2d"},"breadcrumb":{"@id":"https:\/\/epeka.si\/en\/quality-apples-awards\/#breadcrumb"},"inLanguage":"en-US","potentialAction":[{"@type":"ReadAction","target":["https:\/\/epeka.si\/en\/quality-apples-awards\/"]}]},{"@type":"ImageObject","inLanguage":"en-US","@id":"https:\/\/epeka.si\/en\/quality-apples-awards\/#primaryimage","url":"https:\/\/epeka.si\/wp-content\/uploads\/2018\/04\/logo_cmepius-iz-knjiznice-predelan-e1702639966560.jpg","contentUrl":"https:\/\/epeka.si\/wp-content\/uploads\/2018\/04\/logo_cmepius-iz-knjiznice-predelan-e1702639966560.jpg","width":645,"height":146},{"@type":"BreadcrumbList","@id":"https:\/\/epeka.si\/en\/quality-apples-awards\/#breadcrumb","itemListElement":[{"@type":"ListItem","position":1,"name":"Home","item":"https:\/\/epeka.si\/"},{"@type":"ListItem","position":2,"name":"Quality apples awards 2017"}]},{"@type":"WebSite","@id":"https:\/\/epeka.si\/en\/#website","url":"https:\/\/epeka.si\/en\/","name":"EPEKA","description":"","potentialAction":[{"@type":"SearchAction","target":{"@type":"EntryPoint","urlTemplate":"https:\/\/epeka.si\/en\/?s={search_term_string}"},"query-input":{"@type":"PropertyValueSpecification","valueRequired":true,"valueName":"search_term_string"}}],"inLanguage":"en-US"},{"@type":"Person","@id":"https:\/\/epeka.si\/en\/#\/schema\/person\/ab377ae2e41287f5d788e6b3cc4e9d2d","name":"JL","url":"https:\/\/epeka.si\/en\/author\/jera\/"}]}},"rttpg_featured_image_url":{"full":["https:\/\/epeka.si\/wp-content\/uploads\/2018\/04\/logo_cmepius-iz-knjiznice-predelan-e1702639966560.jpg",645,146,false],"landscape":["https:\/\/epeka.si\/wp-content\/uploads\/2018\/04\/logo_cmepius-iz-knjiznice-predelan-e1702639966560.jpg",645,146,false],"portraits":["https:\/\/epeka.si\/wp-content\/uploads\/2018\/04\/logo_cmepius-iz-knjiznice-predelan-e1702639966560.jpg",645,146,false],"thumbnail":["https:\/\/epeka.si\/wp-content\/uploads\/2018\/04\/logo_cmepius-iz-knjiznice-predelan-e1702639966560-150x146.jpg",150,146,true],"medium":["https:\/\/epeka.si\/wp-content\/uploads\/2018\/04\/logo_cmepius-iz-knjiznice-predelan-e1702639966560-300x68.jpg",300,68,true],"large":["https:\/\/epeka.si\/wp-content\/uploads\/2018\/04\/logo_cmepius-iz-knjiznice-predelan-e1702639966560.jpg",645,146,false],"1536x1536":["https:\/\/epeka.si\/wp-content\/uploads\/2018\/04\/logo_cmepius-iz-knjiznice-predelan-e1702639966560.jpg",645,146,false],"2048x2048":["https:\/\/epeka.si\/wp-content\/uploads\/2018\/04\/logo_cmepius-iz-knjiznice-predelan-e1702639966560.jpg",645,146,false],"tinyfeatured":["https:\/\/epeka.si\/wp-content\/uploads\/2018\/04\/logo_cmepius-iz-knjiznice-predelan-e1702639966560-75x75.jpg",75,75,true],"gallery":["https:\/\/epeka.si\/wp-content\/uploads\/2018\/04\/logo_cmepius-iz-knjiznice-predelan-e1702639966560-426x146.jpg",426,146,true],"fullslideshow":["https:\/\/epeka.si\/wp-content\/uploads\/2018\/04\/logo_cmepius-iz-knjiznice-predelan-e1702639966560.jpg",645,146,false],"fullslideshownc":["https:\/\/epeka.si\/wp-content\/uploads\/2018\/04\/logo_cmepius-iz-knjiznice-predelan-e1702639966560.jpg",645,146,false],"contentslideshow":["https:\/\/epeka.si\/wp-content\/uploads\/2018\/04\/logo_cmepius-iz-knjiznice-predelan-e1702639966560.jpg",645,146,false],"contentslideshownc":["https:\/\/epeka.si\/wp-content\/uploads\/2018\/04\/logo_cmepius-iz-knjiznice-predelan-e1702639966560.jpg",645,146,false],"regular":["https:\/\/epeka.si\/wp-content\/uploads\/2018\/04\/logo_cmepius-iz-knjiznice-predelan-e1702639966560-525x146.jpg",525,146,true],"half":["https:\/\/epeka.si\/wp-content\/uploads\/2018\/04\/logo_cmepius-iz-knjiznice-predelan-e1702639966560-410x146.jpg",410,146,true],"big":["https:\/\/epeka.si\/wp-content\/uploads\/2018\/04\/logo_cmepius-iz-knjiznice-predelan-e1702639966560.jpg",645,146,false],"related":["https:\/\/epeka.si\/wp-content\/uploads\/2018\/04\/logo_cmepius-iz-knjiznice-predelan-e1702639966560-525x146.jpg",525,146,true],"psacp-medium":["https:\/\/epeka.si\/wp-content\/uploads\/2018\/04\/logo_cmepius-iz-knjiznice-predelan-e1702639966560.jpg",500,113,false],"woocommerce_thumbnail":["https:\/\/epeka.si\/wp-content\/uploads\/2018\/04\/logo_cmepius-iz-knjiznice-predelan-e1702639966560-300x146.jpg",300,146,true],"woocommerce_single":["https:\/\/epeka.si\/wp-content\/uploads\/2018\/04\/logo_cmepius-iz-knjiznice-predelan-e1702639966560-600x136.jpg",600,136,true],"woocommerce_gallery_thumbnail":["https:\/\/epeka.si\/wp-content\/uploads\/2018\/04\/logo_cmepius-iz-knjiznice-predelan-e1702639966560-100x100.jpg",100,100,true]},"rttpg_author":{"display_name":"JL","author_link":"https:\/\/epeka.si\/en\/author\/jera\/"},"rttpg_comment":0,"rttpg_category":"<a href=\"https:\/\/epeka.si\/en\/category\/events\/\" rel=\"category tag\">Events<\/a>","rttpg_excerpt":"4 December, 2017 Ljubljana We&#8217;re happy to announce that \u0160tefan Simon\u010di\u010d, president of the Association EPEKA, Soc. Ent., is going to attend the Quality Apples awards 2017, which ... Read More","_links":{"self":[{"href":"https:\/\/epeka.si\/en\/wp-json\/wp\/v2\/posts\/8132","targetHints":{"allow":["GET"]}}],"collection":[{"href":"https:\/\/epeka.si\/en\/wp-json\/wp\/v2\/posts"}],"about":[{"href":"https:\/\/epeka.si\/en\/wp-json\/wp\/v2\/types\/post"}],"author":[{"embeddable":true,"href":"https:\/\/epeka.si\/en\/wp-json\/wp\/v2\/users\/15"}],"replies":[{"embeddable":true,"href":"https:\/\/epeka.si\/en\/wp-json\/wp\/v2\/comments?post=8132"}],"version-history":[{"count":12,"href":"https:\/\/epeka.si\/en\/wp-json\/wp\/v2\/posts\/8132\/revisions"}],"predecessor-version":[{"id":49788,"href":"https:\/\/epeka.si\/en\/wp-json\/wp\/v2\/posts\/8132\/revisions\/49788"}],"wp:featuredmedia":[{"embeddable":true,"href":"https:\/\/epeka.si\/en\/wp-json\/wp\/v2\/media\/23398"}],"wp:attachment":[{"href":"https:\/\/epeka.si\/en\/wp-json\/wp\/v2\/media?parent=8132"}],"wp:term":[{"taxonomy":"category","embeddable":true,"href":"https:\/\/epeka.si\/en\/wp-json\/wp\/v2\/categories?post=8132"},{"taxonomy":"post_tag","embeddable":true,"href":"https:\/\/epeka.si\/en\/wp-json\/wp\/v2\/tags?post=8132"}],"curies":[{"name":"wp","href":"https:\/\/api.w.org\/{rel}","templated":true}]}}