{"id":8317,"date":"2018-01-22T11:54:28","date_gmt":"2018-01-22T11:54:28","guid":{"rendered":"http:\/\/epeka.si\/?p=8317"},"modified":"2025-02-03T16:32:08","modified_gmt":"2025-02-03T16:32:08","slug":"first-european-education-summit","status":"publish","type":"post","link":"https:\/\/epeka.si\/en\/first-european-education-summit\/","title":{"rendered":"First European Education Summit"},"content":{"rendered":"<h3 style=\"text-align: justify;\">25 January, 2018<br \/>\nBrussels, Belgium<\/h3>\n<p style=\"text-align: justify;\">\u0160tefan Simon\u010di\u010d, the president of the Association EPEKA, Soc. Ent., is going to attend the first European Education Summit.<!--more--><\/p>\n<p style=\"text-align: justify;\">Europeans have the right to benefit from the best education and training available, to achieve their full potential and to contribute to society. However, as the latest Education and Training Monitor 2017 shows, inequality remains a challenge, with students&#8217; socio-economic backgrounds largely determining their educational attainment. Within the broad theme of \u2018Laying the foundations of the European Education Area: for an innovative, inclusive and values-based education,\u2019 the first European Education Summit will bring together around 450 participants to discuss the importance of the European Education Area 2025, of basic skills and inclusive education and the skills that will be needed in the decades to come. The Summit will explore how to capture the latest knowledge and insights into education and how to turn our aspirations into a reality, as it is only through education that citizens can be equipped with the skills to actively contribute to today&#8217;s societies. This reflection takes place in the context of work towards a European Education Area that will make mobility a reality for all, create a network of European Universities and promote lifelong learning.<\/p>\n<p><em>The Association EPEKA, Soc. Ent., is supported by:<\/em><\/p>\n","protected":false},"excerpt":{"rendered":"<p>25 January, 2018 Brussels, Belgium <\/p>\n<p style=\"text-align: justify;\">\u0160tefan Simon\u010di\u010d, the president of the Association EPEKA, Soc. Ent., is going to attend the first European Education Summit.<\/p>\n","protected":false},"author":15,"featured_media":54655,"comment_status":"closed","ping_status":"open","sticky":false,"template":"","format":"standard","meta":{"_acf_changed":false,"_monsterinsights_skip_tracking":false,"_monsterinsights_sitenote_active":false,"_monsterinsights_sitenote_note":"","_monsterinsights_sitenote_category":0,"footnotes":""},"categories":[42],"tags":[],"class_list":["post-8317","post","type-post","status-publish","format-standard","has-post-thumbnail","hentry","category-events"],"acf":[],"yoast_head":"<!-- This site is optimized with the Yoast SEO plugin v26.9 - https:\/\/yoast.com\/product\/yoast-seo-wordpress\/ -->\n<title>First European Education Summit - EPEKA<\/title>\n<meta name=\"robots\" content=\"index, follow, max-snippet:-1, max-image-preview:large, max-video-preview:-1\" \/>\n<link rel=\"canonical\" href=\"https:\/\/epeka.si\/en\/first-european-education-summit\/\" \/>\n<meta property=\"og:locale\" content=\"en_US\" \/>\n<meta property=\"og:type\" content=\"article\" \/>\n<meta property=\"og:title\" content=\"First European Education Summit - EPEKA\" \/>\n<meta property=\"og:description\" content=\"25 January, 2018 Brussels, Belgium \u0160tefan Simon\u010di\u010d, the president of the Association EPEKA, Soc. Ent., is going to attend the first European Education Summit.\" \/>\n<meta property=\"og:url\" content=\"https:\/\/epeka.si\/en\/first-european-education-summit\/\" \/>\n<meta property=\"og:site_name\" content=\"EPEKA\" \/>\n<meta property=\"article:published_time\" content=\"2018-01-22T11:54:28+00:00\" \/>\n<meta property=\"article:modified_time\" content=\"2025-02-03T16:32:08+00:00\" \/>\n<meta property=\"og:image\" content=\"https:\/\/epeka.si\/wp-content\/uploads\/2018\/01\/European_Commission-e1738600312718.png\" \/>\n\t<meta property=\"og:image:width\" content=\"1500\" \/>\n\t<meta property=\"og:image:height\" content=\"347\" \/>\n\t<meta property=\"og:image:type\" content=\"image\/png\" \/>\n<meta name=\"author\" content=\"JL\" \/>\n<meta name=\"twitter:label1\" content=\"Written by\" \/>\n\t<meta name=\"twitter:data1\" content=\"JL\" \/>\n\t<meta name=\"twitter:label2\" content=\"Est. reading time\" \/>\n\t<meta name=\"twitter:data2\" content=\"2 minutes\" \/>\n<script type=\"application\/ld+json\" class=\"yoast-schema-graph\">{\"@context\":\"https:\/\/schema.org\",\"@graph\":[{\"@type\":\"Article\",\"@id\":\"https:\/\/epeka.si\/en\/first-european-education-summit\/#article\",\"isPartOf\":{\"@id\":\"https:\/\/epeka.si\/en\/first-european-education-summit\/\"},\"author\":{\"name\":\"JL\",\"@id\":\"https:\/\/epeka.si\/en\/#\/schema\/person\/ab377ae2e41287f5d788e6b3cc4e9d2d\"},\"headline\":\"First European Education Summit\",\"datePublished\":\"2018-01-22T11:54:28+00:00\",\"dateModified\":\"2025-02-03T16:32:08+00:00\",\"mainEntityOfPage\":{\"@id\":\"https:\/\/epeka.si\/en\/first-european-education-summit\/\"},\"wordCount\":213,\"image\":{\"@id\":\"https:\/\/epeka.si\/en\/first-european-education-summit\/#primaryimage\"},\"thumbnailUrl\":\"https:\/\/epeka.si\/wp-content\/uploads\/2018\/01\/European_Commission-e1738600312718.png\",\"articleSection\":[\"Events\"],\"inLanguage\":\"en-US\"},{\"@type\":\"WebPage\",\"@id\":\"https:\/\/epeka.si\/en\/first-european-education-summit\/\",\"url\":\"https:\/\/epeka.si\/en\/first-european-education-summit\/\",\"name\":\"First European Education Summit - EPEKA\",\"isPartOf\":{\"@id\":\"https:\/\/epeka.si\/en\/#website\"},\"primaryImageOfPage\":{\"@id\":\"https:\/\/epeka.si\/en\/first-european-education-summit\/#primaryimage\"},\"image\":{\"@id\":\"https:\/\/epeka.si\/en\/first-european-education-summit\/#primaryimage\"},\"thumbnailUrl\":\"https:\/\/epeka.si\/wp-content\/uploads\/2018\/01\/European_Commission-e1738600312718.png\",\"datePublished\":\"2018-01-22T11:54:28+00:00\",\"dateModified\":\"2025-02-03T16:32:08+00:00\",\"author\":{\"@id\":\"https:\/\/epeka.si\/en\/#\/schema\/person\/ab377ae2e41287f5d788e6b3cc4e9d2d\"},\"breadcrumb\":{\"@id\":\"https:\/\/epeka.si\/en\/first-european-education-summit\/#breadcrumb\"},\"inLanguage\":\"en-US\",\"potentialAction\":[{\"@type\":\"ReadAction\",\"target\":[\"https:\/\/epeka.si\/en\/first-european-education-summit\/\"]}]},{\"@type\":\"ImageObject\",\"inLanguage\":\"en-US\",\"@id\":\"https:\/\/epeka.si\/en\/first-european-education-summit\/#primaryimage\",\"url\":\"https:\/\/epeka.si\/wp-content\/uploads\/2018\/01\/European_Commission-e1738600312718.png\",\"contentUrl\":\"https:\/\/epeka.si\/wp-content\/uploads\/2018\/01\/European_Commission-e1738600312718.png\",\"width\":1500,\"height\":347},{\"@type\":\"BreadcrumbList\",\"@id\":\"https:\/\/epeka.si\/en\/first-european-education-summit\/#breadcrumb\",\"itemListElement\":[{\"@type\":\"ListItem\",\"position\":1,\"name\":\"Home\",\"item\":\"https:\/\/epeka.si\/\"},{\"@type\":\"ListItem\",\"position\":2,\"name\":\"First European Education Summit\"}]},{\"@type\":\"WebSite\",\"@id\":\"https:\/\/epeka.si\/en\/#website\",\"url\":\"https:\/\/epeka.si\/en\/\",\"name\":\"EPEKA\",\"description\":\"\",\"potentialAction\":[{\"@type\":\"SearchAction\",\"target\":{\"@type\":\"EntryPoint\",\"urlTemplate\":\"https:\/\/epeka.si\/en\/?s={search_term_string}\"},\"query-input\":{\"@type\":\"PropertyValueSpecification\",\"valueRequired\":true,\"valueName\":\"search_term_string\"}}],\"inLanguage\":\"en-US\"},{\"@type\":\"Person\",\"@id\":\"https:\/\/epeka.si\/en\/#\/schema\/person\/ab377ae2e41287f5d788e6b3cc4e9d2d\",\"name\":\"JL\",\"url\":\"https:\/\/epeka.si\/en\/author\/jera\/\"}]}<\/script>\n<!-- \/ Yoast SEO plugin. -->","yoast_head_json":{"title":"First European Education Summit - EPEKA","robots":{"index":"index","follow":"follow","max-snippet":"max-snippet:-1","max-image-preview":"max-image-preview:large","max-video-preview":"max-video-preview:-1"},"canonical":"https:\/\/epeka.si\/en\/first-european-education-summit\/","og_locale":"en_US","og_type":"article","og_title":"First European Education Summit - EPEKA","og_description":"25 January, 2018 Brussels, Belgium \u0160tefan Simon\u010di\u010d, the president of the Association EPEKA, Soc. Ent., is going to attend the first European Education Summit.","og_url":"https:\/\/epeka.si\/en\/first-european-education-summit\/","og_site_name":"EPEKA","article_published_time":"2018-01-22T11:54:28+00:00","article_modified_time":"2025-02-03T16:32:08+00:00","og_image":[{"width":1500,"height":347,"url":"https:\/\/epeka.si\/wp-content\/uploads\/2018\/01\/European_Commission-e1738600312718.png","type":"image\/png"}],"author":"JL","twitter_misc":{"Written by":"JL","Est. reading time":"2 minutes"},"schema":{"@context":"https:\/\/schema.org","@graph":[{"@type":"Article","@id":"https:\/\/epeka.si\/en\/first-european-education-summit\/#article","isPartOf":{"@id":"https:\/\/epeka.si\/en\/first-european-education-summit\/"},"author":{"name":"JL","@id":"https:\/\/epeka.si\/en\/#\/schema\/person\/ab377ae2e41287f5d788e6b3cc4e9d2d"},"headline":"First European Education Summit","datePublished":"2018-01-22T11:54:28+00:00","dateModified":"2025-02-03T16:32:08+00:00","mainEntityOfPage":{"@id":"https:\/\/epeka.si\/en\/first-european-education-summit\/"},"wordCount":213,"image":{"@id":"https:\/\/epeka.si\/en\/first-european-education-summit\/#primaryimage"},"thumbnailUrl":"https:\/\/epeka.si\/wp-content\/uploads\/2018\/01\/European_Commission-e1738600312718.png","articleSection":["Events"],"inLanguage":"en-US"},{"@type":"WebPage","@id":"https:\/\/epeka.si\/en\/first-european-education-summit\/","url":"https:\/\/epeka.si\/en\/first-european-education-summit\/","name":"First European Education Summit - EPEKA","isPartOf":{"@id":"https:\/\/epeka.si\/en\/#website"},"primaryImageOfPage":{"@id":"https:\/\/epeka.si\/en\/first-european-education-summit\/#primaryimage"},"image":{"@id":"https:\/\/epeka.si\/en\/first-european-education-summit\/#primaryimage"},"thumbnailUrl":"https:\/\/epeka.si\/wp-content\/uploads\/2018\/01\/European_Commission-e1738600312718.png","datePublished":"2018-01-22T11:54:28+00:00","dateModified":"2025-02-03T16:32:08+00:00","author":{"@id":"https:\/\/epeka.si\/en\/#\/schema\/person\/ab377ae2e41287f5d788e6b3cc4e9d2d"},"breadcrumb":{"@id":"https:\/\/epeka.si\/en\/first-european-education-summit\/#breadcrumb"},"inLanguage":"en-US","potentialAction":[{"@type":"ReadAction","target":["https:\/\/epeka.si\/en\/first-european-education-summit\/"]}]},{"@type":"ImageObject","inLanguage":"en-US","@id":"https:\/\/epeka.si\/en\/first-european-education-summit\/#primaryimage","url":"https:\/\/epeka.si\/wp-content\/uploads\/2018\/01\/European_Commission-e1738600312718.png","contentUrl":"https:\/\/epeka.si\/wp-content\/uploads\/2018\/01\/European_Commission-e1738600312718.png","width":1500,"height":347},{"@type":"BreadcrumbList","@id":"https:\/\/epeka.si\/en\/first-european-education-summit\/#breadcrumb","itemListElement":[{"@type":"ListItem","position":1,"name":"Home","item":"https:\/\/epeka.si\/"},{"@type":"ListItem","position":2,"name":"First European Education Summit"}]},{"@type":"WebSite","@id":"https:\/\/epeka.si\/en\/#website","url":"https:\/\/epeka.si\/en\/","name":"EPEKA","description":"","potentialAction":[{"@type":"SearchAction","target":{"@type":"EntryPoint","urlTemplate":"https:\/\/epeka.si\/en\/?s={search_term_string}"},"query-input":{"@type":"PropertyValueSpecification","valueRequired":true,"valueName":"search_term_string"}}],"inLanguage":"en-US"},{"@type":"Person","@id":"https:\/\/epeka.si\/en\/#\/schema\/person\/ab377ae2e41287f5d788e6b3cc4e9d2d","name":"JL","url":"https:\/\/epeka.si\/en\/author\/jera\/"}]}},"rttpg_featured_image_url":{"full":["https:\/\/epeka.si\/wp-content\/uploads\/2018\/01\/European_Commission-e1738600312718.png",1500,347,false],"landscape":["https:\/\/epeka.si\/wp-content\/uploads\/2018\/01\/European_Commission-e1738600312718.png",1500,347,false],"portraits":["https:\/\/epeka.si\/wp-content\/uploads\/2018\/01\/European_Commission-e1738600312718.png",1500,347,false],"thumbnail":["https:\/\/epeka.si\/wp-content\/uploads\/2018\/01\/European_Commission-e1738600312718-150x150.png",150,150,true],"medium":["https:\/\/epeka.si\/wp-content\/uploads\/2018\/01\/European_Commission-e1738600312718-300x69.png",300,69,true],"large":["https:\/\/epeka.si\/wp-content\/uploads\/2018\/01\/European_Commission-e1738600312718-1024x237.png",1024,237,true],"1536x1536":["https:\/\/epeka.si\/wp-content\/uploads\/2018\/01\/European_Commission-e1738600312718.png",1500,347,false],"2048x2048":["https:\/\/epeka.si\/wp-content\/uploads\/2018\/01\/European_Commission-e1738600312718.png",1500,347,false],"tinyfeatured":["https:\/\/epeka.si\/wp-content\/uploads\/2018\/01\/European_Commission-e1738600312718-75x75.png",75,75,true],"gallery":["https:\/\/epeka.si\/wp-content\/uploads\/2018\/01\/European_Commission-e1738600312718-426x347.png",426,347,true],"fullslideshow":["https:\/\/epeka.si\/wp-content\/uploads\/2018\/01\/European_Commission-e1738600312718.png",1500,347,false],"fullslideshownc":["https:\/\/epeka.si\/wp-content\/uploads\/2018\/01\/European_Commission-e1738600312718.png",1500,347,false],"contentslideshow":["https:\/\/epeka.si\/wp-content\/uploads\/2018\/01\/European_Commission-e1738600312718-740x347.png",740,347,true],"contentslideshownc":["https:\/\/epeka.si\/wp-content\/uploads\/2018\/01\/European_Commission-e1738600312718-740x171.png",740,171,true],"regular":["https:\/\/epeka.si\/wp-content\/uploads\/2018\/01\/European_Commission-e1738600312718-525x300.png",525,300,true],"half":["https:\/\/epeka.si\/wp-content\/uploads\/2018\/01\/European_Commission-e1738600312718-410x347.png",410,347,true],"big":["https:\/\/epeka.si\/wp-content\/uploads\/2018\/01\/European_Commission-e1738600312718-790x347.png",790,347,true],"related":["https:\/\/epeka.si\/wp-content\/uploads\/2018\/01\/European_Commission-e1738600312718-525x347.png",525,347,true],"psacp-medium":["https:\/\/epeka.si\/wp-content\/uploads\/2018\/01\/European_Commission-e1738600312718.png",500,116,false],"woocommerce_thumbnail":["https:\/\/epeka.si\/wp-content\/uploads\/2018\/01\/European_Commission-e1738600312718-300x300.png",300,300,true],"woocommerce_single":["https:\/\/epeka.si\/wp-content\/uploads\/2018\/01\/European_Commission-e1738600312718-600x139.png",600,139,true],"woocommerce_gallery_thumbnail":["https:\/\/epeka.si\/wp-content\/uploads\/2018\/01\/European_Commission-e1738600312718-100x100.png",100,100,true]},"rttpg_author":{"display_name":"JL","author_link":"https:\/\/epeka.si\/en\/author\/jera\/"},"rttpg_comment":0,"rttpg_category":"<a href=\"https:\/\/epeka.si\/en\/category\/events\/\" rel=\"category tag\">Events<\/a>","rttpg_excerpt":"25 January, 2018 Brussels, Belgium \u0160tefan Simon\u010di\u010d, the president of the Association EPEKA, Soc. Ent., is going to attend the first European Education Summit.","_links":{"self":[{"href":"https:\/\/epeka.si\/en\/wp-json\/wp\/v2\/posts\/8317","targetHints":{"allow":["GET"]}}],"collection":[{"href":"https:\/\/epeka.si\/en\/wp-json\/wp\/v2\/posts"}],"about":[{"href":"https:\/\/epeka.si\/en\/wp-json\/wp\/v2\/types\/post"}],"author":[{"embeddable":true,"href":"https:\/\/epeka.si\/en\/wp-json\/wp\/v2\/users\/15"}],"replies":[{"embeddable":true,"href":"https:\/\/epeka.si\/en\/wp-json\/wp\/v2\/comments?post=8317"}],"version-history":[{"count":7,"href":"https:\/\/epeka.si\/en\/wp-json\/wp\/v2\/posts\/8317\/revisions"}],"predecessor-version":[{"id":68242,"href":"https:\/\/epeka.si\/en\/wp-json\/wp\/v2\/posts\/8317\/revisions\/68242"}],"wp:featuredmedia":[{"embeddable":true,"href":"https:\/\/epeka.si\/en\/wp-json\/wp\/v2\/media\/54655"}],"wp:attachment":[{"href":"https:\/\/epeka.si\/en\/wp-json\/wp\/v2\/media?parent=8317"}],"wp:term":[{"taxonomy":"category","embeddable":true,"href":"https:\/\/epeka.si\/en\/wp-json\/wp\/v2\/categories?post=8317"},{"taxonomy":"post_tag","embeddable":true,"href":"https:\/\/epeka.si\/en\/wp-json\/wp\/v2\/tags?post=8317"}],"curies":[{"name":"wp","href":"https:\/\/api.w.org\/{rel}","templated":true}]}}