{"id":94477,"date":"2025-09-09T18:07:47","date_gmt":"2025-09-09T18:07:47","guid":{"rendered":"https:\/\/epeka.si\/?p=94477"},"modified":"2025-11-20T10:18:06","modified_gmt":"2025-11-20T10:18:06","slug":"affordable-housing-initiative-days-prague-edition","status":"publish","type":"post","link":"https:\/\/epeka.si\/en\/affordable-housing-initiative-days-prague-edition\/","title":{"rendered":"Affordable Housing Initiative Days \u2013 Prague edition"},"content":{"rendered":"<h3 style=\"text-align: justify;\">November 18, 2025<br \/>\nPrague, Czech Republic<\/h3>\n<p style=\"text-align: justify;\"><strong>The president of the Association EPEKA, a social enterprise, \u0160tefan Simon\u010di\u010d, <\/strong>will attend in Prague the <strong>&#8220;Affordable Housing Initiative Days \u2013 Prague edition&#8221;.<\/strong><br \/>\n<!--more--><\/p>\n<p style=\"text-align: justify;\">Across Europe, the challenge of renovating millions of ageing homes is no longer just about insulation or new windows, we must roll our sleeves up and redo entire neighbourhoods. Policymakers are realising that change is faster and cheaper when it happens at the district level. Shared heating networks, renewable energy systems and common design standards can bring economies of scale that no single building project could match.<\/p>\n<p style=\"text-align: justify;\">Yet the bigger the scale, the tougher the task. Coordinating local authorities, housing providers, investors and residents takes patience and trust. Financing remains a stumbling block, as upfront costs rise even when long-term savings are clear. The goal is not only lower emissions, but better places to live which translates into safer streets, warmer homes, stronger communities.<\/p>\n<p style=\"text-align: justify;\">This seminar, part of the Affordable Housing Initiative Days, coordinated by Housing Europe, asks how Europe can move from promising pilots to large-scale, people-centred renovation. Speakers from Sweden to Slovakia will share lessons from their own districts \u2014 the wins, the trade-offs, the mistakes. Together, they\u2019ll explore how policy, finance and design can align to make holistic renovation the new normal. Fixing buildings, it turns out, is really about rebuilding trust in the places we call home.<\/p>\n<p><a href=\"https:\/\/epeka.si\/wp-content\/uploads\/2025\/11\/a4-format_compressed.pdf\">PROGRAMME<\/a><\/p>\n<p style=\"text-align: justify;\"><a href=\"https:\/\/shape-affordablehousing.eu\/event\/ahi-days-prague-edition\/\">SOURCE<\/a><\/p>\n","protected":false},"excerpt":{"rendered":"<p>November 18, 2025 Prague, Czech Republic <\/p>\n<p style=\"text-align: justify\"><strong>The president of the Association EPEKA, a social enterprise, \u0160tefan Simon\u010di\u010d, <\/strong>will attend in Prague the <strong>&#8220;Affordable Housing Initiative Days \u2013 Prague &#8230; <br \/><a href=\"https:\/\/epeka.si\/en\/affordable-housing-initiative-days-prague-edition\/\" class=\"more-link\">Read More<\/a><\/strong><\/p>\n","protected":false},"author":28,"featured_media":94483,"comment_status":"closed","ping_status":"open","sticky":false,"template":"","format":"standard","meta":{"_acf_changed":false,"_monsterinsights_skip_tracking":false,"_monsterinsights_sitenote_active":false,"_monsterinsights_sitenote_note":"","_monsterinsights_sitenote_category":0,"footnotes":""},"categories":[51,42,40,123],"tags":[],"class_list":["post-94477","post","type-post","status-publish","format-standard","has-post-thumbnail","hentry","category-izobrazevanje-en","category-events","category-first-page","category-zadruga-epeka-en"],"acf":[],"yoast_head":"<!-- This site is optimized with the Yoast SEO plugin v26.9 - https:\/\/yoast.com\/product\/yoast-seo-wordpress\/ -->\n<title>Affordable Housing Initiative Days \u2013 Prague edition - EPEKA<\/title>\n<meta name=\"robots\" content=\"index, follow, max-snippet:-1, max-image-preview:large, max-video-preview:-1\" \/>\n<link rel=\"canonical\" href=\"https:\/\/epeka.si\/en\/affordable-housing-initiative-days-prague-edition\/\" \/>\n<meta property=\"og:locale\" content=\"en_US\" \/>\n<meta property=\"og:type\" content=\"article\" \/>\n<meta property=\"og:title\" content=\"Affordable Housing Initiative Days \u2013 Prague edition - EPEKA\" \/>\n<meta property=\"og:description\" content=\"November 18, 2025 Prague, Czech Republic The president of the Association EPEKA, a social enterprise, \u0160tefan Simon\u010di\u010d, will attend in Prague the &#8220;Affordable Housing Initiative Days \u2013 Prague ... Read More\" \/>\n<meta property=\"og:url\" content=\"https:\/\/epeka.si\/en\/affordable-housing-initiative-days-prague-edition\/\" \/>\n<meta property=\"og:site_name\" content=\"EPEKA\" \/>\n<meta property=\"article:published_time\" content=\"2025-09-09T18:07:47+00:00\" \/>\n<meta property=\"article:modified_time\" content=\"2025-11-20T10:18:06+00:00\" \/>\n<meta property=\"og:image\" content=\"https:\/\/epeka.si\/wp-content\/uploads\/2025\/11\/Affordable-Housing.jpg\" \/>\n\t<meta property=\"og:image:width\" content=\"2048\" \/>\n\t<meta property=\"og:image:height\" content=\"1092\" \/>\n\t<meta property=\"og:image:type\" content=\"image\/jpeg\" \/>\n<meta name=\"author\" content=\"AS\" \/>\n<meta name=\"twitter:label1\" content=\"Written by\" \/>\n\t<meta name=\"twitter:data1\" content=\"AS\" \/>\n\t<meta name=\"twitter:label2\" content=\"Est. reading time\" \/>\n\t<meta name=\"twitter:data2\" content=\"2 minutes\" \/>\n<script type=\"application\/ld+json\" class=\"yoast-schema-graph\">{\"@context\":\"https:\/\/schema.org\",\"@graph\":[{\"@type\":\"Article\",\"@id\":\"https:\/\/epeka.si\/en\/affordable-housing-initiative-days-prague-edition\/#article\",\"isPartOf\":{\"@id\":\"https:\/\/epeka.si\/en\/affordable-housing-initiative-days-prague-edition\/\"},\"author\":{\"name\":\"AS\",\"@id\":\"https:\/\/epeka.si\/en\/#\/schema\/person\/d31b1609a7189f2a6405343b2f925c2b\"},\"headline\":\"Affordable Housing Initiative Days \u2013 Prague edition\",\"datePublished\":\"2025-09-09T18:07:47+00:00\",\"dateModified\":\"2025-11-20T10:18:06+00:00\",\"mainEntityOfPage\":{\"@id\":\"https:\/\/epeka.si\/en\/affordable-housing-initiative-days-prague-edition\/\"},\"wordCount\":236,\"image\":{\"@id\":\"https:\/\/epeka.si\/en\/affordable-housing-initiative-days-prague-edition\/#primaryimage\"},\"thumbnailUrl\":\"https:\/\/epeka.si\/wp-content\/uploads\/2025\/11\/Affordable-Housing.jpg\",\"articleSection\":[\"Education\",\"Events\",\"First page\",\"Zadruga EPEKA\"],\"inLanguage\":\"en-US\"},{\"@type\":\"WebPage\",\"@id\":\"https:\/\/epeka.si\/en\/affordable-housing-initiative-days-prague-edition\/\",\"url\":\"https:\/\/epeka.si\/en\/affordable-housing-initiative-days-prague-edition\/\",\"name\":\"Affordable Housing Initiative Days \u2013 Prague edition - EPEKA\",\"isPartOf\":{\"@id\":\"https:\/\/epeka.si\/en\/#website\"},\"primaryImageOfPage\":{\"@id\":\"https:\/\/epeka.si\/en\/affordable-housing-initiative-days-prague-edition\/#primaryimage\"},\"image\":{\"@id\":\"https:\/\/epeka.si\/en\/affordable-housing-initiative-days-prague-edition\/#primaryimage\"},\"thumbnailUrl\":\"https:\/\/epeka.si\/wp-content\/uploads\/2025\/11\/Affordable-Housing.jpg\",\"datePublished\":\"2025-09-09T18:07:47+00:00\",\"dateModified\":\"2025-11-20T10:18:06+00:00\",\"author\":{\"@id\":\"https:\/\/epeka.si\/en\/#\/schema\/person\/d31b1609a7189f2a6405343b2f925c2b\"},\"breadcrumb\":{\"@id\":\"https:\/\/epeka.si\/en\/affordable-housing-initiative-days-prague-edition\/#breadcrumb\"},\"inLanguage\":\"en-US\",\"potentialAction\":[{\"@type\":\"ReadAction\",\"target\":[\"https:\/\/epeka.si\/en\/affordable-housing-initiative-days-prague-edition\/\"]}]},{\"@type\":\"ImageObject\",\"inLanguage\":\"en-US\",\"@id\":\"https:\/\/epeka.si\/en\/affordable-housing-initiative-days-prague-edition\/#primaryimage\",\"url\":\"https:\/\/epeka.si\/wp-content\/uploads\/2025\/11\/Affordable-Housing.jpg\",\"contentUrl\":\"https:\/\/epeka.si\/wp-content\/uploads\/2025\/11\/Affordable-Housing.jpg\",\"width\":2048,\"height\":1092},{\"@type\":\"BreadcrumbList\",\"@id\":\"https:\/\/epeka.si\/en\/affordable-housing-initiative-days-prague-edition\/#breadcrumb\",\"itemListElement\":[{\"@type\":\"ListItem\",\"position\":1,\"name\":\"Home\",\"item\":\"https:\/\/epeka.si\/\"},{\"@type\":\"ListItem\",\"position\":2,\"name\":\"Affordable Housing Initiative Days \u2013 Prague edition\"}]},{\"@type\":\"WebSite\",\"@id\":\"https:\/\/epeka.si\/en\/#website\",\"url\":\"https:\/\/epeka.si\/en\/\",\"name\":\"EPEKA\",\"description\":\"\",\"potentialAction\":[{\"@type\":\"SearchAction\",\"target\":{\"@type\":\"EntryPoint\",\"urlTemplate\":\"https:\/\/epeka.si\/en\/?s={search_term_string}\"},\"query-input\":{\"@type\":\"PropertyValueSpecification\",\"valueRequired\":true,\"valueName\":\"search_term_string\"}}],\"inLanguage\":\"en-US\"},{\"@type\":\"Person\",\"@id\":\"https:\/\/epeka.si\/en\/#\/schema\/person\/d31b1609a7189f2a6405343b2f925c2b\",\"name\":\"AS\",\"url\":\"https:\/\/epeka.si\/en\/author\/as\/\"}]}<\/script>\n<!-- \/ Yoast SEO plugin. -->","yoast_head_json":{"title":"Affordable Housing Initiative Days \u2013 Prague edition - EPEKA","robots":{"index":"index","follow":"follow","max-snippet":"max-snippet:-1","max-image-preview":"max-image-preview:large","max-video-preview":"max-video-preview:-1"},"canonical":"https:\/\/epeka.si\/en\/affordable-housing-initiative-days-prague-edition\/","og_locale":"en_US","og_type":"article","og_title":"Affordable Housing Initiative Days \u2013 Prague edition - EPEKA","og_description":"November 18, 2025 Prague, Czech Republic The president of the Association EPEKA, a social enterprise, \u0160tefan Simon\u010di\u010d, will attend in Prague the &#8220;Affordable Housing Initiative Days \u2013 Prague ... Read More","og_url":"https:\/\/epeka.si\/en\/affordable-housing-initiative-days-prague-edition\/","og_site_name":"EPEKA","article_published_time":"2025-09-09T18:07:47+00:00","article_modified_time":"2025-11-20T10:18:06+00:00","og_image":[{"width":2048,"height":1092,"url":"https:\/\/epeka.si\/wp-content\/uploads\/2025\/11\/Affordable-Housing.jpg","type":"image\/jpeg"}],"author":"AS","twitter_misc":{"Written by":"AS","Est. reading time":"2 minutes"},"schema":{"@context":"https:\/\/schema.org","@graph":[{"@type":"Article","@id":"https:\/\/epeka.si\/en\/affordable-housing-initiative-days-prague-edition\/#article","isPartOf":{"@id":"https:\/\/epeka.si\/en\/affordable-housing-initiative-days-prague-edition\/"},"author":{"name":"AS","@id":"https:\/\/epeka.si\/en\/#\/schema\/person\/d31b1609a7189f2a6405343b2f925c2b"},"headline":"Affordable Housing Initiative Days \u2013 Prague edition","datePublished":"2025-09-09T18:07:47+00:00","dateModified":"2025-11-20T10:18:06+00:00","mainEntityOfPage":{"@id":"https:\/\/epeka.si\/en\/affordable-housing-initiative-days-prague-edition\/"},"wordCount":236,"image":{"@id":"https:\/\/epeka.si\/en\/affordable-housing-initiative-days-prague-edition\/#primaryimage"},"thumbnailUrl":"https:\/\/epeka.si\/wp-content\/uploads\/2025\/11\/Affordable-Housing.jpg","articleSection":["Education","Events","First page","Zadruga EPEKA"],"inLanguage":"en-US"},{"@type":"WebPage","@id":"https:\/\/epeka.si\/en\/affordable-housing-initiative-days-prague-edition\/","url":"https:\/\/epeka.si\/en\/affordable-housing-initiative-days-prague-edition\/","name":"Affordable Housing Initiative Days \u2013 Prague edition - EPEKA","isPartOf":{"@id":"https:\/\/epeka.si\/en\/#website"},"primaryImageOfPage":{"@id":"https:\/\/epeka.si\/en\/affordable-housing-initiative-days-prague-edition\/#primaryimage"},"image":{"@id":"https:\/\/epeka.si\/en\/affordable-housing-initiative-days-prague-edition\/#primaryimage"},"thumbnailUrl":"https:\/\/epeka.si\/wp-content\/uploads\/2025\/11\/Affordable-Housing.jpg","datePublished":"2025-09-09T18:07:47+00:00","dateModified":"2025-11-20T10:18:06+00:00","author":{"@id":"https:\/\/epeka.si\/en\/#\/schema\/person\/d31b1609a7189f2a6405343b2f925c2b"},"breadcrumb":{"@id":"https:\/\/epeka.si\/en\/affordable-housing-initiative-days-prague-edition\/#breadcrumb"},"inLanguage":"en-US","potentialAction":[{"@type":"ReadAction","target":["https:\/\/epeka.si\/en\/affordable-housing-initiative-days-prague-edition\/"]}]},{"@type":"ImageObject","inLanguage":"en-US","@id":"https:\/\/epeka.si\/en\/affordable-housing-initiative-days-prague-edition\/#primaryimage","url":"https:\/\/epeka.si\/wp-content\/uploads\/2025\/11\/Affordable-Housing.jpg","contentUrl":"https:\/\/epeka.si\/wp-content\/uploads\/2025\/11\/Affordable-Housing.jpg","width":2048,"height":1092},{"@type":"BreadcrumbList","@id":"https:\/\/epeka.si\/en\/affordable-housing-initiative-days-prague-edition\/#breadcrumb","itemListElement":[{"@type":"ListItem","position":1,"name":"Home","item":"https:\/\/epeka.si\/"},{"@type":"ListItem","position":2,"name":"Affordable Housing Initiative Days \u2013 Prague edition"}]},{"@type":"WebSite","@id":"https:\/\/epeka.si\/en\/#website","url":"https:\/\/epeka.si\/en\/","name":"EPEKA","description":"","potentialAction":[{"@type":"SearchAction","target":{"@type":"EntryPoint","urlTemplate":"https:\/\/epeka.si\/en\/?s={search_term_string}"},"query-input":{"@type":"PropertyValueSpecification","valueRequired":true,"valueName":"search_term_string"}}],"inLanguage":"en-US"},{"@type":"Person","@id":"https:\/\/epeka.si\/en\/#\/schema\/person\/d31b1609a7189f2a6405343b2f925c2b","name":"AS","url":"https:\/\/epeka.si\/en\/author\/as\/"}]}},"rttpg_featured_image_url":{"full":["https:\/\/epeka.si\/wp-content\/uploads\/2025\/11\/Affordable-Housing.jpg",2048,1092,false],"landscape":["https:\/\/epeka.si\/wp-content\/uploads\/2025\/11\/Affordable-Housing.jpg",2048,1092,false],"portraits":["https:\/\/epeka.si\/wp-content\/uploads\/2025\/11\/Affordable-Housing.jpg",2048,1092,false],"thumbnail":["https:\/\/epeka.si\/wp-content\/uploads\/2025\/11\/Affordable-Housing-150x150.jpg",150,150,true],"medium":["https:\/\/epeka.si\/wp-content\/uploads\/2025\/11\/Affordable-Housing-300x160.jpg",300,160,true],"large":["https:\/\/epeka.si\/wp-content\/uploads\/2025\/11\/Affordable-Housing-1024x546.jpg",1024,546,true],"1536x1536":["https:\/\/epeka.si\/wp-content\/uploads\/2025\/11\/Affordable-Housing-1536x819.jpg",1536,819,true],"2048x2048":["https:\/\/epeka.si\/wp-content\/uploads\/2025\/11\/Affordable-Housing.jpg",2048,1092,false],"tinyfeatured":["https:\/\/epeka.si\/wp-content\/uploads\/2025\/11\/Affordable-Housing-75x75.jpg",75,75,true],"gallery":["https:\/\/epeka.si\/wp-content\/uploads\/2025\/11\/Affordable-Housing-426x351.jpg",426,351,true],"fullslideshow":["https:\/\/epeka.si\/wp-content\/uploads\/2025\/11\/Affordable-Housing-1500x550.jpg",1500,550,true],"fullslideshownc":["https:\/\/epeka.si\/wp-content\/uploads\/2025\/11\/Affordable-Housing-1500x800.jpg",1500,800,true],"contentslideshow":["https:\/\/epeka.si\/wp-content\/uploads\/2025\/11\/Affordable-Housing-740x400.jpg",740,400,true],"contentslideshownc":["https:\/\/epeka.si\/wp-content\/uploads\/2025\/11\/Affordable-Housing-740x395.jpg",740,395,true],"regular":["https:\/\/epeka.si\/wp-content\/uploads\/2025\/11\/Affordable-Housing-525x300.jpg",525,300,true],"half":["https:\/\/epeka.si\/wp-content\/uploads\/2025\/11\/Affordable-Housing-410x441.jpg",410,441,true],"big":["https:\/\/epeka.si\/wp-content\/uploads\/2025\/11\/Affordable-Housing-790x425.jpg",790,425,true],"related":["https:\/\/epeka.si\/wp-content\/uploads\/2025\/11\/Affordable-Housing-525x564.jpg",525,564,true],"psacp-medium":["https:\/\/epeka.si\/wp-content\/uploads\/2025\/11\/Affordable-Housing.jpg",500,267,false],"woocommerce_thumbnail":["https:\/\/epeka.si\/wp-content\/uploads\/2025\/11\/Affordable-Housing-300x300.jpg",300,300,true],"woocommerce_single":["https:\/\/epeka.si\/wp-content\/uploads\/2025\/11\/Affordable-Housing-600x320.jpg",600,320,true],"woocommerce_gallery_thumbnail":["https:\/\/epeka.si\/wp-content\/uploads\/2025\/11\/Affordable-Housing-100x100.jpg",100,100,true]},"rttpg_author":{"display_name":"AS","author_link":"https:\/\/epeka.si\/en\/author\/as\/"},"rttpg_comment":0,"rttpg_category":"<a href=\"https:\/\/epeka.si\/en\/category\/izobrazevanje-en\/\" rel=\"category tag\">Education<\/a> <a href=\"https:\/\/epeka.si\/en\/category\/events\/\" rel=\"category tag\">Events<\/a> <a href=\"https:\/\/epeka.si\/en\/category\/first-page\/\" rel=\"category tag\">First page<\/a> <a href=\"https:\/\/epeka.si\/en\/category\/zadruga-epeka-en\/\" rel=\"category tag\">Zadruga EPEKA<\/a>","rttpg_excerpt":"November 18, 2025 Prague, Czech Republic The president of the Association EPEKA, a social enterprise, \u0160tefan Simon\u010di\u010d, will attend in Prague the &#8220;Affordable Housing Initiative Days \u2013 Prague ... Read More","_links":{"self":[{"href":"https:\/\/epeka.si\/en\/wp-json\/wp\/v2\/posts\/94477","targetHints":{"allow":["GET"]}}],"collection":[{"href":"https:\/\/epeka.si\/en\/wp-json\/wp\/v2\/posts"}],"about":[{"href":"https:\/\/epeka.si\/en\/wp-json\/wp\/v2\/types\/post"}],"author":[{"embeddable":true,"href":"https:\/\/epeka.si\/en\/wp-json\/wp\/v2\/users\/28"}],"replies":[{"embeddable":true,"href":"https:\/\/epeka.si\/en\/wp-json\/wp\/v2\/comments?post=94477"}],"version-history":[{"count":5,"href":"https:\/\/epeka.si\/en\/wp-json\/wp\/v2\/posts\/94477\/revisions"}],"predecessor-version":[{"id":94591,"href":"https:\/\/epeka.si\/en\/wp-json\/wp\/v2\/posts\/94477\/revisions\/94591"}],"wp:featuredmedia":[{"embeddable":true,"href":"https:\/\/epeka.si\/en\/wp-json\/wp\/v2\/media\/94483"}],"wp:attachment":[{"href":"https:\/\/epeka.si\/en\/wp-json\/wp\/v2\/media?parent=94477"}],"wp:term":[{"taxonomy":"category","embeddable":true,"href":"https:\/\/epeka.si\/en\/wp-json\/wp\/v2\/categories?post=94477"},{"taxonomy":"post_tag","embeddable":true,"href":"https:\/\/epeka.si\/en\/wp-json\/wp\/v2\/tags?post=94477"}],"curies":[{"name":"wp","href":"https:\/\/api.w.org\/{rel}","templated":true}]}}